{"id":176023,"date":"2025-06-14T13:47:08","date_gmt":"2025-06-14T13:47:08","guid":{"rendered":"https:\/\/www.europesays.com\/fr\/176023\/"},"modified":"2025-06-14T13:47:08","modified_gmt":"2025-06-14T13:47:08","slug":"municipales-2026-a-toulouse-tout-juste-designe-le-chef-de-file-du-modem-tend-la-main-a-jean-luc-moudenc","status":"publish","type":"post","link":"https:\/\/www.europesays.com\/fr\/176023\/","title":{"rendered":"Municipales 2026 \u00e0 Toulouse. Tout juste d\u00e9sign\u00e9, le chef de file du MoDem tend la main \u00e0 Jean-Luc Moudenc"},"content":{"rendered":"<p>            Par<br \/>\n        <strong><br \/>\n            <a href=\"https:\/\/actu.fr\/auteur\/guillaume-laurens\" title=\"Consulter tous les articles de Guillaume Laurens\" target=\"_blank\" rel=\"noopener\">Guillaume Laurens<\/a><br \/>\n        <\/strong><\/p>\n<p>        Publi\u00e9 le<\/p>\n<p>            14 juin 2025 \u00e0 15h16        <\/p>\n<p>Le <strong>MoDem<\/strong> sera-t-il le nouvel alli\u00e9 dans l\u2019\u00e9quipe de <a href=\"https:\/\/actu.fr\/tag\/jean-luc-moudenc\" target=\"_blank\" rel=\"noopener\"><strong>Jean-Luc Moudenc<\/strong><\/a> pour les Municipales 2026\u2009? Le parti du premier ministre <strong>Fran\u00e7ois Bayrou<\/strong> vient de d\u00e9signer ses premiers chefs de file pour les Municipales 2026, une short list dans laquelle figure <a href=\"https:\/\/actu.fr\/toulouse\/\" target=\"_blank\" rel=\"noopener\"><strong>Toulouse<\/strong><\/a>, o\u00f9 l\u2019ancien d\u00e9put\u00e9 <strong>Laurent Esquenet-Goxes<\/strong>, pr\u00e9sident du MoDem Haute-Garonne, a \u00e9t\u00e9 d\u00e9sign\u00e9.<\/p>\n<p>Le MoDem ne veut \u00ab\u2009pas refaire les m\u00eames erreurs\u2009\u00bb qu\u2019en 2020<\/p>\n<p class=\" wall-content\">L\u2019ex-d\u00e9put\u00e9 de la 10\u1d49 circonscription de la Haute-Garonne (celle du Lauragais) ne s\u2019en cache pas\u2009: l\u2019enjeu pour le MoDem est d\u2019\u00e9viter <strong>la d\u00e9route connue en 2020<\/strong> par Franck Biasotto, <a href=\"https:\/\/actu.fr\/occitanie\/toulouse_31555\/municipales-franck-biasotto-candidat-toulouse-moudenc-sest-droitise-on-ne-sy-retrouve-plus_30271368.html\" target=\"_blank\" rel=\"noopener\">l\u2019ex-adjoint de Jean-Luc Moudenc parti en dissidence<\/a>, qui avait <a href=\"https:\/\/actu.fr\/occitanie\/toulouse_31555\/municipales-2020-toulouse-duel-jean-luc-moudenc-antoine-maurice-resultats-premier-tour_32273192.html\" target=\"_blank\" rel=\"noopener\">culmin\u00e9 \u00e0 2,93\u2009% des voix<\/a>, arrivant en 6e position seulement.<\/p>\n<p class=\" wall-content\">\u00ab\u2009On va essayer de <strong>ne pas refaire les m\u00eames erreurs\u2009\u00bb,<\/strong> souffle Laurent Esquenet-Goxes. \u00ab\u2009\u00c7a ne s\u2019\u00e9tait pas tr\u00e8s bien pass\u00e9 en 2020, on a r\u00e9tabli des relations\u2009\u00bb.<\/p>\n<p class=\" wall-content\">\n<p>\u00ab\u2009J\u2019ai des ambitions ailleurs\u2009\u00bb, dit Laurent Esquenet-Goxes<\/p>\n<p class=\" wall-content\">Natif d\u2019Auriac-sur-Vendinelle, l\u2019ex-d\u00e9put\u00e9 qui vit dans le Lauragais ne s\u2019en cache pas\u2009: \u00ab\u2009Je ne serai <strong>pas moi-m\u00eame candidat<\/strong> sur la liste \u00e0 Toulouse, j\u2019ai <strong>des ambitions ailleurs\u2009\u00bb.<\/strong><\/p>\n<p class=\" wall-content\">La mission de Laurent Esquenet-Goxes, dans cette affaire\u2009?<strong> \u00ab\u2009N\u00e9gocier des positions<\/strong> sur la liste de <strong>Jean-Luc Moudenc\u2009\u00bb<\/strong>, avec lequel le patron local du MoDem dit entretenir <strong>\u00ab\u2009de tr\u00e8s bonnes relations,<\/strong> surtout depuis que j\u2019ai \u00e9t\u00e9 d\u00e9put\u00e9\u2009\u00bb.<\/p>\n<blockquote class=\"ac-article-quote wall-content\">\n<p>J&rsquo;ai aussi des relations avec les \u00e9lus de la majorit\u00e9 municipale et m\u00e9tropolitaine, ainsi qu&rsquo;avec les diff\u00e9rents pr\u00e9sidents de partis [du bloc central, NDLR] qui sont dans le secteur, cela facilite les choses.<\/p>\n<p>    <strong>Laurent Esquenet-Goxes<\/strong><br \/>\n        Pr\u00e9sident du MoDem Haute-Garonne    <\/p><\/blockquote>\n<p>Vid\u00e9os : en ce moment sur ActuN\u00e9gocier \u00ab\u2009le nombre de places et leur position\u2009\u00bb<\/p>\n<p class=\" wall-content\">Concr\u00e8tement, le MoDem entend <strong>n\u00e9gocier<\/strong> \u00ab\u2009le <strong>nombre de places<\/strong> sur la liste\u2009\u00bb du maire sortant de la Ville rose, mais aussi \u00ab\u2009leurs <strong>positions<\/strong> et les <strong>profils<\/strong> des candidats choisis\u2009\u00bb. Combien le MoDem esp\u00e8re-t-il de places, et d\u2019\u00e9lus \u00e0 l\u2019arriv\u00e9e\u2009? \u00ab\u2009C\u2019est \u00e0 discuter, mais dans le p\u00e9rim\u00e8tre pr\u00e9c\u00e9dent, nous avions trois \u00e9lus municipaux \u00e0 Toulouse, ce serait logique d\u2019en avoir au moins autant\u2009\u00bb.<\/p>\n<p class=\" wall-content\">Si Laurent Esquenet-Goxes n\u2019en sera pas, qui incarnera le MoDem sur cette liste\u2009? L\u2019ex-d\u00e9put\u00e9 ne veut pas s\u2019aventurer sur de quelconques noms. Quant \u00e0 l\u2019ex-d\u00e9put\u00e9 <strong>Jean-Luc Lagleize<\/strong>, ancien adjoint de Jean-Luc Moudenc, \u00ab\u2009il n\u2019habite plus \u00e0 Toulouse et a d\u00e9m\u00e9nag\u00e9 dans l\u2019agglom\u00e9ration\u2009\u00bb, \u00e9vacue le patron du MoDem. Et puis, on imagine mal Jean-Luc Moudenc ouvrir sa liste \u00e0 <a href=\"https:\/\/actu.fr\/occitanie\/toulouse_31555\/municipales-2020-toulouse-pourquoi-jean-luc-moudenc-na-pas-retenu-modem-sur-liste_30127786.html\" target=\"_blank\" rel=\"noopener\">des \u00e9lus qui lui avaient ouvertement savonn\u00e9 la planche\u2026<\/a><\/p>\n<p>\u00ab\u2009Un regain d\u2019adh\u00e9sions\u2009\u00bb avec Bayrou \u00e0 Matignon<\/p>\n<p class=\" wall-content\">S\u2019il est devenu un poids lourd de la Macronie, <strong>que p\u00e8se le MoDem aujourd\u2019hui<\/strong> dans <a href=\"https:\/\/actu.fr\/occitanie\/toulouse_31555\/population-toulouse-compte-desormais-511-684-habitants-et-va-devenir-3e-ville-de-france-tres-rapidement_62022339.html\" target=\"_blank\" rel=\"noopener\">la future troisi\u00e8me ville de France<\/a>\u2009? \u00ab\u2009On ne communique pas sur notre nombre d\u2019adh\u00e9rents\u2009\u00bb, \u00e9lude Laurent Esquenet-Goxes. Il assure toutefois que son parti a connu<strong> \u00ab\u2009un regain d\u2019adh\u00e9sions<\/strong> avant et apr\u00e8s la nomination de Fran\u00e7ois Bayrou\u2009\u00bb \u00e0 Matignon, notamment \u00ab\u2009\u00e0 Toulouse o\u00f9\u2009\u00bb, en toute logique, \u00ab\u2009on a le plus d\u2019adh\u00e9rents dans le d\u00e9partement\u2009\u00bb.<\/p>\n<p>Deux autres chefs de file d\u00e9sign\u00e9s en Haute-Garonne<\/p>\n<p>Outre Laurent Esquenet-Goxes, deux autres chefs de file ont \u00e9t\u00e9 d\u00e9sign\u00e9s par le MoDem mercredi 11 juin 2025 pour mener campagne en Haute-Garonne : \u00e0 Blagnac, ce sera le conseiller municipal Cyril Bret, et du c\u00f4t\u00e9 de Plaisance-du-Touch, ce sera l&rsquo;adjoint au maire Alexandre Thi\u00e8le.<\/p>\n<p class=\" wall-content\">Suivez toute l\u2019actualit\u00e9 de vos villes et m\u00e9dias favoris en vous inscrivant \u00e0 <a href=\"https:\/\/moncompte.actu.fr\" title=\"D\u00e9couvez Mon Actu\" rel=\"nofollow noopener\" data-trk=\"{&quot;cta&quot;:{&quot;action&quot;:&quot;https:\\\/\\\/moncompte.actu.fr&quot;,&quot;category&quot;:&quot;mon compte&quot;,&quot;from&quot;:&quot;article footer&quot;,&quot;name&quot;:&quot;Mon actu&quot;,&quot;type&quot;:&quot;cta&quot;}}\" target=\"_blank\">Mon Actu<\/a>.<\/p>\n","protected":false},"excerpt":{"rendered":"Par Guillaume Laurens Publi\u00e9 le 14 juin 2025 \u00e0 15h16 Le MoDem sera-t-il le nouvel alli\u00e9 dans l\u2019\u00e9quipe&hellip;\n","protected":false},"author":2,"featured_media":176024,"comment_status":"","ping_status":"","sticky":false,"template":"","format":"standard","meta":{"footnotes":""},"categories":[2816],"tags":[1111,11,4188,1777,674,1011,27,431,2857,3434,12,2680,316,25,2312],"class_list":{"0":"post-176023","1":"post","2":"type-post","3":"status-publish","4":"format-standard","5":"has-post-thumbnail","7":"category-toulouse","8":"tag-actu","9":"tag-actualites","10":"tag-elections-municipales","11":"tag-eu","12":"tag-europe","13":"tag-fr","14":"tag-france","15":"tag-francois-bayrou","16":"tag-jean-luc-moudenc","17":"tag-municipales-2026","18":"tag-news","19":"tag-occitanie","20":"tag-politique","21":"tag-republique-francaise","22":"tag-toulouse"},"share_on_mastodon":{"url":"https:\/\/pubeurope.com\/@fr\/114682032633696437","error":""},"_links":{"self":[{"href":"https:\/\/www.europesays.com\/fr\/wp-json\/wp\/v2\/posts\/176023","targetHints":{"allow":["GET"]}}],"collection":[{"href":"https:\/\/www.europesays.com\/fr\/wp-json\/wp\/v2\/posts"}],"about":[{"href":"https:\/\/www.europesays.com\/fr\/wp-json\/wp\/v2\/types\/post"}],"author":[{"embeddable":true,"href":"https:\/\/www.europesays.com\/fr\/wp-json\/wp\/v2\/users\/2"}],"replies":[{"embeddable":true,"href":"https:\/\/www.europesays.com\/fr\/wp-json\/wp\/v2\/comments?post=176023"}],"version-history":[{"count":0,"href":"https:\/\/www.europesays.com\/fr\/wp-json\/wp\/v2\/posts\/176023\/revisions"}],"wp:featuredmedia":[{"embeddable":true,"href":"https:\/\/www.europesays.com\/fr\/wp-json\/wp\/v2\/media\/176024"}],"wp:attachment":[{"href":"https:\/\/www.europesays.com\/fr\/wp-json\/wp\/v2\/media?parent=176023"}],"wp:term":[{"taxonomy":"category","embeddable":true,"href":"https:\/\/www.europesays.com\/fr\/wp-json\/wp\/v2\/categories?post=176023"},{"taxonomy":"post_tag","embeddable":true,"href":"https:\/\/www.europesays.com\/fr\/wp-json\/wp\/v2\/tags?post=176023"}],"curies":[{"name":"wp","href":"https:\/\/api.w.org\/{rel}","templated":true}]}}