{"id":176027,"date":"2025-06-14T13:50:13","date_gmt":"2025-06-14T13:50:13","guid":{"rendered":"https:\/\/www.europesays.com\/fr\/176027\/"},"modified":"2025-06-14T13:50:13","modified_gmt":"2025-06-14T13:50:13","slug":"girondins-les-clubs-de-lille-amiens-et-guingamp-retirent-leur-appel-contre-le-plan-lopez","status":"publish","type":"post","link":"https:\/\/www.europesays.com\/fr\/176027\/","title":{"rendered":"Girondins : les clubs de Lille, Amiens et Guingamp retirent leur appel contre le plan Lopez"},"content":{"rendered":"<p><img decoding=\"async\" src=\"https:\/\/www.europesays.com\/fr\/wp-content\/uploads\/2025\/04\/671_28aca5f1839ca3b129bc39a6fce6db4f.jpg\" alt=\"Girondins : les clubs de Lille, Amiens et Guingamp retirent leur appel contre le plan Lopez\" class=\"img-responsive mt-3\"\/><\/p>\n<p class=\"text-center mb-3\" style=\"font-size: 14px\">\u00a9 Iconsport<\/p>\n<p style=\"text-align: justify;\">Lille, Amiens et Guingamp retirent leur appel d\u00e9pos\u00e9 le 12 juin devant le tribunal de commerce. Les trois clubs contestaient le classement de leurs cr\u00e9ances et le mode de r\u00e9partition par classe.<\/p>\n<p style=\"text-align: justify;\">C&rsquo;est le commentateur de la radio Forever, Julien B\u00e9e sur sa page Facebook qui a livr\u00e9 cette information samedi matin : \u00ab\u00a0Les clubs de Lille, Amiens et Guingamp ont d\u00e9cid\u00e9 de retirer leur appel concernant le plan de continuation des Girondins de Bordeaux.\u00a0\u00bb<\/p>\n<p style=\"text-align: justify;\"><img decoding=\"async\" src=\"https:\/\/www.europesays.com\/fr\/wp-content\/uploads\/2025\/06\/Capture d\u2019e\u0301cran 2025-06-14 a\u0300 15.11.28.png\" alt=\"Capture d\u2019e\u0301cran 2025-06-14 a\u0300 15.11.28.png (67 KB)\" style=\"width:576px;max-width:100%;\"\/><\/p>\n<p style=\"text-align: justify;\">C&rsquo;est une excellente nouvelle pour la direction des Girondins de Bordeaux qui pouvait craindre en cas d&rsquo;acceptation de l&rsquo;appel une prolongation de la proc\u00e9dure. Rappelons que les dettes de transferts de l&rsquo;ensemble des clubs s&rsquo;\u00e9l\u00e8vent \u00e0 9M\u20ac pour les Girondins de Bordeaux. Seuls 10% de cette somme est pr\u00e9vue dans le remboursement conform\u00e9ment au plan de continuation pr\u00e9sent\u00e9 par le FCGB ce vendredi 13 juin.<\/p>\n<p><strong>Vers un recours devant la FIFA ?<\/strong><\/p>\n<p style=\"text-align: justify;\"><a href=\"https:\/\/www.lequipe.fr\/Football\/Actualites\/Lille-amiens-et-guingamp-retirent-leur-appel-du-plan-de-continuation-de-bordeaux\/1570101\" target=\"_blank\" rel=\"noopener\">L&rsquo;\u00c9quipe<\/a> et Laurent Crocis ont confirm\u00e9 cette information en y apportant des pr\u00e9cisions selon une source proche du dossier : \u00ab\u00a0Le paiement int\u00e9gral des cr\u00e9ances sportives reste entier et une requ\u00eate aupr\u00e8s de la FIFA est fortement probable\u00a0\u00bb.<\/p>\n<p style=\"text-align: justify;\">En effet, les clubs peuvent d\u00e9poser un recours pour le non-paiement de leurs cr\u00e9ances devant la FIFA. Cette derni\u00e8re pourrait demander le paiement int\u00e9gral des indemnit\u00e9s de transferts non r\u00e9gl\u00e9es. Dans ce cas, a la possibilit\u00e9 de sanctionner le club en le privant de recrutement avec l&rsquo;interdiction d&rsquo;enregistrer de nouvelles licences de joueurs de plus de 15 ans.<\/p>\n<p style=\"text-align: justify;\"><a href=\"https:\/\/www.sudouest.fr\/sport\/football\/analyse-girondins-de-bordeaux-la-rebellion-des-clubs-creanciers-un-nouveau-front-au-tribunal-de-commerce-24836528.php\" target=\"_blank\" rel=\"noopener\">Sud-Ouest<\/a> indique que la direction des Girondins se veut confiante, convaincue de la pr\u00e9dominance du droit civil sur la FIFA.<\/p>\n<p style=\"text-align: justify;\">Nous en avons parl\u00e9 dans le Midi Dix ce samedi sur la <a href=\"https:\/\/www.youtube.com\/watch?v=92cu8-MsYWE\" target=\"_blank\" rel=\"noopener\">cha\u00eene YouTube de WebGirondins<\/a> :<\/p>\n<p>Ce navigateur ne supporte pas les iframes<\/p>\n<p style=\"text-align: justify;\">\u00c0 lire aussi &gt;&gt;\u00a0<strong><a href=\"https:\/\/www.webgirondins.com\/actualite-girondins-girondins-le-verdict-du-tribunal-reporte-au-24-juin-la-dncg-en-ligne-de-mire-129411\" target=\"_blank\" rel=\"noopener\">Le verdict du tribunal report\u00e9 au 24 juin, la DNCG en ligne de mire<\/a><br \/><\/strong><\/p>\n<p>Notre podcast court \u00e0 \u00e9couter :<\/p>\n<p>\u00a0<\/p>\n","protected":false},"excerpt":{"rendered":"\u00a9 Iconsport Lille, Amiens et Guingamp retirent leur appel d\u00e9pos\u00e9 le 12 juin devant le tribunal de commerce.&hellip;\n","protected":false},"author":2,"featured_media":20942,"comment_status":"","ping_status":"","sticky":false,"template":"","format":"standard","meta":{"footnotes":""},"categories":[2815],"tags":[1111,11,24738,7431,4930,31162,31161,21464,1444,3952,1446,4485,1777,674,31163,1011,27,1987,4044,811,28935,3289,1307,8295,12,5355,1825,25,13804,31160,7932,1347],"class_list":{"0":"post-176027","1":"post","2":"type-post","3":"status-publish","4":"format-standard","5":"has-post-thumbnail","7":"category-lille","8":"tag-actu","9":"tag-actualites","10":"tag-amiens","11":"tag-appel","12":"tag-clubs","13":"tag-commentateur","14":"tag-contestant","15":"tag-continuation","16":"tag-contre","17":"tag-coup","18":"tag-dans","19":"tag-dossier","20":"tag-eu","21":"tag-europe","22":"tag-forever","23":"tag-fr","24":"tag-france","25":"tag-girondins","26":"tag-guingamp","27":"tag-hauts-de-france","28":"tag-julien","29":"tag-leur","30":"tag-lille","31":"tag-lopez","32":"tag-news","33":"tag-plan","34":"tag-radio","35":"tag-republique-francaise","36":"tag-retire","37":"tag-retirent","38":"tag-revele","39":"tag-theatre"},"share_on_mastodon":{"url":"https:\/\/pubeurope.com\/@fr\/114682044371102792","error":""},"_links":{"self":[{"href":"https:\/\/www.europesays.com\/fr\/wp-json\/wp\/v2\/posts\/176027","targetHints":{"allow":["GET"]}}],"collection":[{"href":"https:\/\/www.europesays.com\/fr\/wp-json\/wp\/v2\/posts"}],"about":[{"href":"https:\/\/www.europesays.com\/fr\/wp-json\/wp\/v2\/types\/post"}],"author":[{"embeddable":true,"href":"https:\/\/www.europesays.com\/fr\/wp-json\/wp\/v2\/users\/2"}],"replies":[{"embeddable":true,"href":"https:\/\/www.europesays.com\/fr\/wp-json\/wp\/v2\/comments?post=176027"}],"version-history":[{"count":0,"href":"https:\/\/www.europesays.com\/fr\/wp-json\/wp\/v2\/posts\/176027\/revisions"}],"wp:featuredmedia":[{"embeddable":true,"href":"https:\/\/www.europesays.com\/fr\/wp-json\/wp\/v2\/media\/20942"}],"wp:attachment":[{"href":"https:\/\/www.europesays.com\/fr\/wp-json\/wp\/v2\/media?parent=176027"}],"wp:term":[{"taxonomy":"category","embeddable":true,"href":"https:\/\/www.europesays.com\/fr\/wp-json\/wp\/v2\/categories?post=176027"},{"taxonomy":"post_tag","embeddable":true,"href":"https:\/\/www.europesays.com\/fr\/wp-json\/wp\/v2\/tags?post=176027"}],"curies":[{"name":"wp","href":"https:\/\/api.w.org\/{rel}","templated":true}]}}