{"id":17603,"date":"2025-04-11T15:22:11","date_gmt":"2025-04-11T15:22:11","guid":{"rendered":"https:\/\/www.europesays.com\/fr\/17603\/"},"modified":"2025-04-11T15:22:11","modified_gmt":"2025-04-11T15:22:11","slug":"paris-un-tirage-au-sort-pour-restaurer-des-monuments-funeraires-avant-den-devenir-proprietaire","status":"publish","type":"post","link":"https:\/\/www.europesays.com\/fr\/17603\/","title":{"rendered":"Paris : un tirage au sort pour restaurer des monuments fun\u00e9raires avant d&rsquo;en devenir propri\u00e9taire"},"content":{"rendered":"<p>La mairie de Paris va proposer \u00e0 30 habitants de restaurer un monument fun\u00e9raire dans plusieurs cimeti\u00e8res parisiens.Les travaux achev\u00e9s, la concession leur appartiendra.<\/p>\n<p data-module=\"article-paragraph\" class=\"jsx-362436225 Paragraph\">Un dispositif \u00ab\u00a0donnant-donnant\u00a0\u00bb. La ville de Paris va accorder la possibilit\u00e9 \u00e0 ses habitants d&rsquo;acqu\u00e9rir une concession fun\u00e9raire en afin, \u00e0 terme, d&rsquo;y \u00eatre inhum\u00e9.\u00a0<\/p>\n<p data-module=\"article-paragraph\" class=\"jsx-362436225 Paragraph Paragraph__End\">Concr\u00e8tement, cette exp\u00e9rimentation \u2013 vot\u00e9e mardi soir par le Conseil de Paris \u2013 va concerner dans un premier temps 30 monuments fun\u00e9raires. Ils sont r\u00e9partis entre le P\u00e8re Lachaise, le Montparnasse et Montmartre. Point commun : tous sont en d\u00e9sh\u00e9rence. Ainsi, les acheteurs devront s&rsquo;engager dans un premier temps \u00e0 restaurer le monument avant, un jour, d&rsquo;y \u00eatre inhum\u00e9.\u00a0<\/p>\n<p data-module=\"article-paragraph\" class=\"jsx-362436225 Paragraph\">La mairie a d\u00e9j\u00e0 pr\u00e9cis\u00e9 au <a href=\"https:\/\/www.leparisien.fr\/paris-75\/paris-des-habitants-tires-au-sort-pour-restaurer-les-monuments-funeraires-et-en-prendre-possession-10-04-2025-MQRDDSLQA5BD3GTGWDHV6DSDIM.php\" target=\"_blank\" rel=\"nofollow noopener\">Parisien  (nouvelle fen\u00eatre)<\/a>que les concessions co\u00fbteraient entre 500 et 5000 euros \u00e0 l&rsquo;achat, hors frais de restauration. Un prix qui peut sembler \u00e9lev\u00e9, mais qui correspond \u00e0 la raret\u00e9 d&rsquo;une place dans un cimeti\u00e8re intramuros. Jusqu&rsquo;\u00e0 pr\u00e9sent, la municipalit\u00e9 avait ainsi le choix entre d\u00e9molir ces ouvrages abim\u00e9s par le temps, lancer une nouvelle concession ou simplement conserver le patrimoine.<\/p>\n<p data-module=\"article-paragraph\" class=\"jsx-362436225 Paragraph Paragraph__End\">Avec ce nouveau dispositif, la ville va remplir plusieurs objectifs. Offrir aux Parisiens de nouvelles places dans ses cimeti\u00e8res, les restaurer mais aussi gagner de l&rsquo;argent. La municipalit\u00e9 l&rsquo;assure au quotidien : \u00ab\u00a0De nombreux Parisiens ont d\u00e9j\u00e0 exprim\u00e9 leur souhait d\u2019acqu\u00e9rir un ancien monument fun\u00e9raire afin de le restaurer\u00a0\u00bb. Un tirage au sort est d\u00e9j\u00e0 pr\u00e9vu pour choisir les 30 habitants qui vont pouvoir investir dans ces concessions.<\/p>\n<p>La r\u00e9daction de TF1info<\/p>\n","protected":false},"excerpt":{"rendered":"La mairie de Paris va proposer \u00e0 30 habitants de restaurer un monument fun\u00e9raire dans plusieurs cimeti\u00e8res parisiens.Les&hellip;\n","protected":false},"author":2,"featured_media":17604,"comment_status":"","ping_status":"","sticky":false,"template":"","format":"standard","meta":{"footnotes":""},"categories":[1888],"tags":[1111,1928,11,1927,1921,1777,674,1011,27,1922,12,1926,626,1925,25,133,5010],"class_list":{"0":"post-17603","1":"post","2":"type-post","3":"status-publish","4":"format-standard","5":"has-post-thumbnail","7":"category-paris","8":"tag-actu","9":"tag-actu-paris","10":"tag-actualites","11":"tag-actualites-paris","12":"tag-article-video","13":"tag-eu","14":"tag-europe","15":"tag-fr","16":"tag-france","17":"tag-info","18":"tag-news","19":"tag-news-paris","20":"tag-paris","21":"tag-paris-news","22":"tag-republique-francaise","23":"tag-video","24":"tag-video-sujets-de-societe"},"share_on_mastodon":{"url":"https:\/\/pubeurope.com\/@fr\/114320018236651118","error":""},"_links":{"self":[{"href":"https:\/\/www.europesays.com\/fr\/wp-json\/wp\/v2\/posts\/17603","targetHints":{"allow":["GET"]}}],"collection":[{"href":"https:\/\/www.europesays.com\/fr\/wp-json\/wp\/v2\/posts"}],"about":[{"href":"https:\/\/www.europesays.com\/fr\/wp-json\/wp\/v2\/types\/post"}],"author":[{"embeddable":true,"href":"https:\/\/www.europesays.com\/fr\/wp-json\/wp\/v2\/users\/2"}],"replies":[{"embeddable":true,"href":"https:\/\/www.europesays.com\/fr\/wp-json\/wp\/v2\/comments?post=17603"}],"version-history":[{"count":0,"href":"https:\/\/www.europesays.com\/fr\/wp-json\/wp\/v2\/posts\/17603\/revisions"}],"wp:featuredmedia":[{"embeddable":true,"href":"https:\/\/www.europesays.com\/fr\/wp-json\/wp\/v2\/media\/17604"}],"wp:attachment":[{"href":"https:\/\/www.europesays.com\/fr\/wp-json\/wp\/v2\/media?parent=17603"}],"wp:term":[{"taxonomy":"category","embeddable":true,"href":"https:\/\/www.europesays.com\/fr\/wp-json\/wp\/v2\/categories?post=17603"},{"taxonomy":"post_tag","embeddable":true,"href":"https:\/\/www.europesays.com\/fr\/wp-json\/wp\/v2\/tags?post=17603"}],"curies":[{"name":"wp","href":"https:\/\/api.w.org\/{rel}","templated":true}]}}