{"id":176032,"date":"2025-06-14T13:53:09","date_gmt":"2025-06-14T13:53:09","guid":{"rendered":"https:\/\/www.europesays.com\/fr\/176032\/"},"modified":"2025-06-14T13:53:09","modified_gmt":"2025-06-14T13:53:09","slug":"lyon-les-fetes-consulaires-se-deroulent-sur-la-place-bellecour-ce-week-end","status":"publish","type":"post","link":"https:\/\/www.europesays.com\/fr\/176032\/","title":{"rendered":"Lyon : les F\u00eates consulaires se d\u00e9roulent sur la place Bellecour ce week-end\u00a0"},"content":{"rendered":"<p>Le rendez-vous de l&rsquo;internationalit\u00e9 \u00e0 Lyon est de retour ! Les F\u00eates consulaires se d\u00e9roulent ce samedi 14 et dimanche 15 juin sur la place Bellecour avec pour th\u00e8me cette ann\u00e9e les \u00ab\u00a0tr\u00e9sors naturels et architecturaux de nos pays.\u00a0\u00bb<\/p>\n<p>Il y a du monde ce week-end du <b>14 et 15 juin<\/b> sur la <b>place Bellecour<\/b> \u00e0 <b>Lyon <\/b>pour les <b>F\u00eates consulaires <\/b>!<\/p>\n<p>Organis\u00e9 depuis plus de vingt ans par la <b>Ville de Lyon <\/b>en lien avec le <b>Corps consulaire<\/b>, l&rsquo;\u00e9v\u00e8nement met \u00e0 l&rsquo;honneur la <b>diversit\u00e9 culturelle d&rsquo;environ 70 pays<\/b> repr\u00e9sent\u00e9s \u00e0 Lyon.<\/p>\n<p>Chaque ann\u00e9e, <b>plus de 30.000 visiteurs <\/b>profitent de cet \u00e9v\u00e9nement festif et <b>gratuit<\/b>.<\/p>\n<p>Un village international en plein c\u0153ur de Lyon<\/p>\n<p>Animations, ateliers, expositions, quiz, jeux et r\u00e9alit\u00e9 virtuelle : un <b>village international<\/b> propose de nombreuses activit\u00e9s \u00e0 tous les publics.\u00a0<\/p>\n<p>On y retrouve de nombreux chapiteaux o\u00f9 sont repr\u00e9sent\u00e9s plusieurs pays comme l&rsquo;<b>Italie, le S\u00e9n\u00e9gal, la R\u00e9publique dominicaine, la Chine, la C\u00f4te d&rsquo;Ivoire ou encore la Turquie.<\/b><\/p>\n<p>Un \u00ab\u00a0passeport\u00a0\u00bb gratuit permet aux visiteurs de suivre un parcours ludique et de participer \u00e0 des jeux et des concours.<\/p>\n<p><\/p>\n","protected":false},"excerpt":{"rendered":"Le rendez-vous de l&rsquo;internationalit\u00e9 \u00e0 Lyon est de retour ! Les F\u00eates consulaires se d\u00e9roulent ce samedi 14&hellip;\n","protected":false},"author":2,"featured_media":176033,"comment_status":"","ping_status":"","sticky":false,"template":"","format":"standard","meta":{"footnotes":""},"categories":[1889],"tags":[1111,11,2430,1777,674,31164,1011,27,2428,12,15808,25],"class_list":{"0":"post-176032","1":"post","2":"type-post","3":"status-publish","4":"format-standard","5":"has-post-thumbnail","7":"category-lyon","8":"tag-actu","9":"tag-actualites","10":"tag-auvergne-rhone-alpes","11":"tag-eu","12":"tag-europe","13":"tag-ftes-consulaires","14":"tag-fr","15":"tag-france","16":"tag-lyon","17":"tag-news","18":"tag-place-bellecour","19":"tag-republique-francaise"},"share_on_mastodon":{"url":"https:\/\/pubeurope.com\/@fr\/114682056193448861","error":""},"_links":{"self":[{"href":"https:\/\/www.europesays.com\/fr\/wp-json\/wp\/v2\/posts\/176032","targetHints":{"allow":["GET"]}}],"collection":[{"href":"https:\/\/www.europesays.com\/fr\/wp-json\/wp\/v2\/posts"}],"about":[{"href":"https:\/\/www.europesays.com\/fr\/wp-json\/wp\/v2\/types\/post"}],"author":[{"embeddable":true,"href":"https:\/\/www.europesays.com\/fr\/wp-json\/wp\/v2\/users\/2"}],"replies":[{"embeddable":true,"href":"https:\/\/www.europesays.com\/fr\/wp-json\/wp\/v2\/comments?post=176032"}],"version-history":[{"count":0,"href":"https:\/\/www.europesays.com\/fr\/wp-json\/wp\/v2\/posts\/176032\/revisions"}],"wp:featuredmedia":[{"embeddable":true,"href":"https:\/\/www.europesays.com\/fr\/wp-json\/wp\/v2\/media\/176033"}],"wp:attachment":[{"href":"https:\/\/www.europesays.com\/fr\/wp-json\/wp\/v2\/media?parent=176032"}],"wp:term":[{"taxonomy":"category","embeddable":true,"href":"https:\/\/www.europesays.com\/fr\/wp-json\/wp\/v2\/categories?post=176032"},{"taxonomy":"post_tag","embeddable":true,"href":"https:\/\/www.europesays.com\/fr\/wp-json\/wp\/v2\/tags?post=176032"}],"curies":[{"name":"wp","href":"https:\/\/api.w.org\/{rel}","templated":true}]}}