{"id":176036,"date":"2025-06-14T13:56:19","date_gmt":"2025-06-14T13:56:19","guid":{"rendered":"https:\/\/www.europesays.com\/fr\/176036\/"},"modified":"2025-06-14T13:56:19","modified_gmt":"2025-06-14T13:56:19","slug":"orages-29-departements-desormais-places-en-vigilance-orange-paris-et-une-partie-de-lile-de-france-concernes","status":"publish","type":"post","link":"https:\/\/www.europesays.com\/fr\/176036\/","title":{"rendered":"Orages\u00a0: 29 d\u00e9partements d\u00e9sormais plac\u00e9s en vigilance orange, Paris et une partie de l\u2019Ile-de-France concern\u00e9s"},"content":{"rendered":"<p class=\"paragraph text_align_left\">Apr\u00e8s le beau temps, les <a href=\"https:\/\/www.leparisien.fr\/meteo\/orage\/\" target=\"_blank\" rel=\"noreferrer nofollow noopener\">orages<\/a>. Vingt-neuf d\u00e9partements sont plac\u00e9s ce vendredi en vigilance orange par <a href=\"https:\/\/vigilance.meteofrance.fr\/fr\" target=\"_blank\" rel=\"noreferrer nofollow noopener\">M\u00e9t\u00e9o France<\/a> qui alerte sur une \u00ab\u00a0d\u00e9gradation orageuse marqu\u00e9e en fin d\u2019apr\u00e8s-midi et soir\u00e9e de vendredi sur le Sud-Ouest et sur le Nord-Ouest, avec un fort risque de ph\u00e9nom\u00e8nes localement violents\u00a0\u00bb. Dans un premier temps, 17 d\u00e9partements \u00e9taient concern\u00e9s.<\/p>\n<p class=\"paragraph text_align_left\">Dans le d\u00e9tail, il s\u2019agit du Pas-de-Calais, de la Somme, de la Seine-Maritime, l\u2019Eure, le Calvados, la Manche, l\u2019Orne, la Sarthe, la Mayenne, la Dordogne, la Gironde, les Landes, le Lot, le Lot-et-Garonne, le Gers, la Haute-Garonne, Tarn-et-Garonne, les Hautes-Pyr\u00e9n\u00e9es, les Pyr\u00e9n\u00e9es-Atlantiques, le Nord, Paris, l\u2019Oise, les Hauts-de-Seine, la Seine-Saint Denis, le Val-d\u2019Oise, les Yvelines, l\u2019Eure-et-Loir, la Mayenne et l\u2019Ari\u00e8ge.<\/p>\n<p class=\"paragraph text_align_left\">Ces d\u00e9partements sont concern\u00e9s progressivement \u00e0 partir de 16\u00a0heures. Sur le nord-ouest, les pr\u00e9visionnistes anticipent dans l\u2019apr\u00e8s-midi et en soir\u00e9e \u00ab\u00a0de fortes rafales de vent, de l\u2019ordre de 100\u00a0km\/h, localement 110\/120\u00a0km\/h, de fortes pr\u00e9cipitations (jusqu\u2019\u00e0 30\/50\u00a0mm en 2 \u00e0 3\u00a0heures) et de chutes de gr\u00eale moyenne \u00e0 grosse\u00a0\u00bb.<\/p>\n<p>Fortes chutes de gr\u00eale<\/p>\n<p class=\"paragraph text_align_left\">Dans le sud-ouest, \u00ab\u00a0de fortes <a href=\"https:\/\/www.leparisien.fr\/meteo\/orages-paris-et-lile-de-france-frappes-par-dimpressionnantes-chutes-de-grele-03-05-2025-HNCZLAL6FZGQVMRAJ6XPR7S3ME.php\" target=\"_self\" rel=\"nofollow noopener\">chutes de gr\u00eale <\/a>(diam\u00e8tre souvent sup\u00e9rieur \u00e0 2\u00a0cm), ainsi que de fortes rafales, de l\u2019ordre de 100\u00a0km\/h localement\u00a0\u00bb, sont attendues par endroits sur l\u2019ouest de l\u2019Occitanie et le sud de la Nouvelle-Aquitaine.<\/p>\n<p class=\"title-embed-dailymotion lp-color-text lp-f-subtitle-04\">Vid\u00e9oUn TGV \u00e9vacu\u00e9 apr\u00e8s de violents orages<\/p>\n<p class=\"paragraph text_align_left\">\u00ab\u00a0Sur la Nouvelle-Aquitaine par ailleurs, les cumuls de pluie pourront devenir importants, de l\u2019ordre de 30 \u00e0 50 mm en une \u00e0 3\u00a0heures\u00a0\u00bb, ajoute M\u00e9t\u00e9o-France, pr\u00e9cisant que \u00ab\u00a0l\u2019activit\u00e9 \u00e9lectrique sera intense\u00a0\u00bb.<\/p>\n<p class=\"paragraph text_align_left\">\u00ab\u00a0Sur les d\u00e9partements limitrophes de ceux plac\u00e9s en vigilance orange, compte-tenu des incertitudes inh\u00e9rentes \u00e0 la situation, des ph\u00e9nom\u00e8nes localement violents sont \u00e9galement possibles\u00a0\u00bb, pr\u00e9vient l\u2019agence m\u00e9t\u00e9orologique.<\/p>\n<p class=\"paragraph text_align_left\">Ces orages s\u2019annoncent violents entre la Normandie et l\u2019ouest des Hauts-de-France ainsi qu\u2019en Aquitaine, pr\u00e9vient la Cha\u00eene m\u00e9t\u00e9o qui recommande\u00a0: \u00ab\u00a0\u00c9vitez les d\u00e9placements non indispensables pendant les p\u00e9riodes \u00e0 risque. Rentrez ou s\u00e9curisez les objets ext\u00e9rieurs (mobilier de jardin, pots de fleurs, parasols\u2026) pour \u00e9viter qu\u2019ils ne soient emport\u00e9s par le vent. Abritez votre v\u00e9hicule, si possible, pour limiter les d\u00e9g\u00e2ts en cas de gr\u00eale. \u00c9loignez-vous des arbres, structures m\u00e9talliques et cours d\u2019eau pendant l\u2019orage.\u00a0\u00bb<\/p>\n<p class=\"title-embed-dailymotion lp-color-text lp-f-subtitle-04\">Vid\u00e9oOrages : Paris frapp\u00e9 par d&rsquo;impressionnantes chutes de gr\u00eale<\/p>\n<p class=\"paragraph text_align_left\">Dix d\u00e9partements dans le nord de la France devraient toujours \u00eatre plac\u00e9s en vigilance orange samedi.<\/p>\n","protected":false},"excerpt":{"rendered":"Apr\u00e8s le beau temps, les orages. Vingt-neuf d\u00e9partements sont plac\u00e9s ce vendredi en vigilance orange par M\u00e9t\u00e9o France&hellip;\n","protected":false},"author":2,"featured_media":176037,"comment_status":"","ping_status":"","sticky":false,"template":"","format":"standard","meta":{"footnotes":""},"categories":[1592],"tags":[1111,11,1777,674,1011,27,662,2487,12,626,25],"class_list":{"0":"post-176036","1":"post","2":"type-post","3":"status-publish","4":"format-standard","5":"has-post-thumbnail","7":"category-ile-de-france","8":"tag-actu","9":"tag-actualites","10":"tag-eu","11":"tag-europe","12":"tag-fr","13":"tag-france","14":"tag-ile-de-france","15":"tag-meteo","16":"tag-news","17":"tag-paris","18":"tag-republique-francaise"},"share_on_mastodon":{"url":"https:\/\/pubeurope.com\/@fr\/114682067951582046","error":""},"_links":{"self":[{"href":"https:\/\/www.europesays.com\/fr\/wp-json\/wp\/v2\/posts\/176036","targetHints":{"allow":["GET"]}}],"collection":[{"href":"https:\/\/www.europesays.com\/fr\/wp-json\/wp\/v2\/posts"}],"about":[{"href":"https:\/\/www.europesays.com\/fr\/wp-json\/wp\/v2\/types\/post"}],"author":[{"embeddable":true,"href":"https:\/\/www.europesays.com\/fr\/wp-json\/wp\/v2\/users\/2"}],"replies":[{"embeddable":true,"href":"https:\/\/www.europesays.com\/fr\/wp-json\/wp\/v2\/comments?post=176036"}],"version-history":[{"count":0,"href":"https:\/\/www.europesays.com\/fr\/wp-json\/wp\/v2\/posts\/176036\/revisions"}],"wp:featuredmedia":[{"embeddable":true,"href":"https:\/\/www.europesays.com\/fr\/wp-json\/wp\/v2\/media\/176037"}],"wp:attachment":[{"href":"https:\/\/www.europesays.com\/fr\/wp-json\/wp\/v2\/media?parent=176036"}],"wp:term":[{"taxonomy":"category","embeddable":true,"href":"https:\/\/www.europesays.com\/fr\/wp-json\/wp\/v2\/categories?post=176036"},{"taxonomy":"post_tag","embeddable":true,"href":"https:\/\/www.europesays.com\/fr\/wp-json\/wp\/v2\/tags?post=176036"}],"curies":[{"name":"wp","href":"https:\/\/api.w.org\/{rel}","templated":true}]}}