{"id":176042,"date":"2025-06-14T13:59:25","date_gmt":"2025-06-14T13:59:25","guid":{"rendered":"https:\/\/www.europesays.com\/fr\/176042\/"},"modified":"2025-06-14T13:59:25","modified_gmt":"2025-06-14T13:59:25","slug":"seine-saint-denis-un-drapeau-palestinien-hisse-sur-la-facade-de-lhotel-de-ville-de-saint-denis","status":"publish","type":"post","link":"https:\/\/www.europesays.com\/fr\/176042\/","title":{"rendered":"Seine-Saint-Denis : un drapeau palestinien hiss\u00e9 sur la fa\u00e7ade de l&rsquo;h\u00f4tel de ville de Saint-Denis"},"content":{"rendered":"<p>\tSeine-Saint-Denis : un drapeau palestinien hiss\u00e9 sur la fa\u00e7ade de l&rsquo;h\u00f4tel de ville de Saint-Denis &#8211; Valeurs actuelles<\/p>\n<p><a href=\"https:\/\/www.valeursactuelles.com\/\" rel=\"nofollow noopener\" target=\"_blank\">Accueil<\/a> \u00bb <a href=\"https:\/\/www.valeursactuelles.com\/societe\" rel=\"nofollow noopener\" target=\"_blank\">Soci\u00e9t\u00e9<\/a> \u00bb Seine-Saint-Denis : un drapeau palestinien hiss\u00e9 sur la fa\u00e7ade de l\u2019h\u00f4tel de ville de Saint-Denis<\/p>\n","protected":false},"excerpt":{"rendered":"Seine-Saint-Denis : un drapeau palestinien hiss\u00e9 sur la fa\u00e7ade de l&rsquo;h\u00f4tel de ville de Saint-Denis &#8211; Valeurs actuelles&hellip;\n","protected":false},"author":2,"featured_media":176043,"comment_status":"","ping_status":"","sticky":false,"template":"","format":"standard","meta":{"footnotes":""},"categories":[1888],"tags":[11,3259,12159,1777,674,1011,27,12,3518,626,25,18341,1945],"class_list":{"0":"post-176042","1":"post","2":"type-post","3":"status-publish","4":"format-standard","5":"has-post-thumbnail","7":"category-paris","8":"tag-actualites","9":"tag-conflit-israelo-palestinien","10":"tag-drapeau","11":"tag-eu","12":"tag-europe","13":"tag-fr","14":"tag-france","15":"tag-news","16":"tag-palestine","17":"tag-paris","18":"tag-republique-francaise","19":"tag-saint-denis","20":"tag-seine-saint-denis"},"share_on_mastodon":{"url":"https:\/\/pubeurope.com\/@fr\/114682079694938978","error":""},"_links":{"self":[{"href":"https:\/\/www.europesays.com\/fr\/wp-json\/wp\/v2\/posts\/176042","targetHints":{"allow":["GET"]}}],"collection":[{"href":"https:\/\/www.europesays.com\/fr\/wp-json\/wp\/v2\/posts"}],"about":[{"href":"https:\/\/www.europesays.com\/fr\/wp-json\/wp\/v2\/types\/post"}],"author":[{"embeddable":true,"href":"https:\/\/www.europesays.com\/fr\/wp-json\/wp\/v2\/users\/2"}],"replies":[{"embeddable":true,"href":"https:\/\/www.europesays.com\/fr\/wp-json\/wp\/v2\/comments?post=176042"}],"version-history":[{"count":0,"href":"https:\/\/www.europesays.com\/fr\/wp-json\/wp\/v2\/posts\/176042\/revisions"}],"wp:featuredmedia":[{"embeddable":true,"href":"https:\/\/www.europesays.com\/fr\/wp-json\/wp\/v2\/media\/176043"}],"wp:attachment":[{"href":"https:\/\/www.europesays.com\/fr\/wp-json\/wp\/v2\/media?parent=176042"}],"wp:term":[{"taxonomy":"category","embeddable":true,"href":"https:\/\/www.europesays.com\/fr\/wp-json\/wp\/v2\/categories?post=176042"},{"taxonomy":"post_tag","embeddable":true,"href":"https:\/\/www.europesays.com\/fr\/wp-json\/wp\/v2\/tags?post=176042"}],"curies":[{"name":"wp","href":"https:\/\/api.w.org\/{rel}","templated":true}]}}