{"id":176046,"date":"2025-06-14T14:01:10","date_gmt":"2025-06-14T14:01:10","guid":{"rendered":"https:\/\/www.europesays.com\/fr\/176046\/"},"modified":"2025-06-14T14:01:10","modified_gmt":"2025-06-14T14:01:10","slug":"zelensky-affirme-que-poutine-ne-mettra-pas-fin-a-la-guerre-a-moins-de-subir-des-pertes-financieres","status":"publish","type":"post","link":"https:\/\/www.europesays.com\/fr\/176046\/","title":{"rendered":"Zelensky affirme que Poutine ne mettra pas fin \u00e0 la guerre \u00e0 moins de subir des pertes financi\u00e8res"},"content":{"rendered":"<p>AA\/Istanbul\/ Alperen Aktas<\/p>\n<p>Le pr\u00e9sident ukrainien Volodymyr Zelensky a d\u00e9clar\u00e9 samedi que le pr\u00e9sident russe Vladimir Poutine ne serait pas arr\u00eat\u00e9 par la seule diplomatie et qu\u2019il devait \u00eatre vis\u00e9 sur le plan financier.<\/p>\n<p>\u00ab Personne n\u2019a r\u00e9ussi \u00e0 stopper Poutine. Il ne reste que Trump, peut-\u00eatre qu\u2019il le pourra \u00bb, a lanc\u00e9 Zelensky dans une d\u00e9claration percutante, affirmant que la cl\u00e9 pour freiner la machine de guerre russe r\u00e9side dans la pression \u00e9conomique.<\/p>\n<p>Il a appel\u00e9 \u00e0 un renforcement de l\u2019application des sanctions visant le syst\u00e8me bancaire russe, sa flotte p\u00e9troli\u00e8re clandestine et les composants militaires, alors que la hausse des prix de l\u2019\u00e9nergie, en partie due aux tensions au Moyen-Orient, offre \u00e0 Moscou des revenus cruciaux.<\/p>\n<p>\u00ab Il est essentiel d\u2019imposer un plafonnement du prix de l\u2019\u00e9nergie russe \u00bb, a-t-il insist\u00e9. <\/p>\n<p>\u00ab Les sanctions sont puissantes lorsqu\u2019elles sont appliqu\u00e9es\u2026 Il s\u2019agit d\u2019emp\u00eacher l\u2019acheminement de technologies meurtri\u00e8res. \u00bb<\/p>\n<p>Zelensky a mis en garde contre tout signe d\u2019un affaiblissement du soutien occidental, qui, selon lui, encouragerait Moscou : \u00ab En ce moment, le ton du dialogue entre les \u00c9tats-Unis et la Russie semble trop chaleureux\u2026 Tout signal de r\u00e9duction de l\u2019aide, ou de traitement d\u2019\u00e9gal \u00e0 \u00e9gal entre l\u2019Ukraine et la Russie, est profond\u00e9ment injuste. \u00bb<\/p>\n<p>Le pr\u00e9sident ukrainien a par ailleurs rejet\u00e9 la derni\u00e8re proposition de paix de Moscou, la qualifiant d\u2019ultimatum d\u00e9guis\u00e9 ne respectant ni la souverainet\u00e9 ni la Constitution de l\u2019Ukraine. \u00ab Ce que la Russie a propos\u00e9 n\u2019est pas un plan de paix. C\u2019est un ultimatum. \u00bb<\/p>\n<p>\u00ab L\u2019Ukraine a montr\u00e9 qu\u2019elle est pr\u00eate \u00e0 tout pour la paix tout, sauf \u00e0 se rendre \u00bb, a-t-il conclu.<\/p>\n<p>Traduit de l&rsquo;anglais par Sanaa Amir<\/p>\n<p>                            &#13;<br \/>\n                                <a href=\"https:\/\/www.aa.com.tr\/fr\/p\/abonnement\/1001\" target=\"_blank\" style=\"font-size:12px; color:#444; text-decoration:none;\" rel=\"noopener\">&#13;<br \/>\n                                    Seulement une partie des d\u00e9p\u00eaches, que l&rsquo;Agence Anadolu diffuse \u00e0 ses abonn\u00e9s via le Syst\u00e8me de Diffusion interne (HAS), est diffus\u00e9e sur le site de l&rsquo;AA, de mani\u00e8re r\u00e9sum\u00e9e. <b style=\"color:#1897F7\">Contactez-nous s&rsquo;il vous pla\u00eet pour vous abonner.<\/b>&#13;<br \/>\n                                <\/a>&#13;<\/p>\n","protected":false},"excerpt":{"rendered":"AA\/Istanbul\/ Alperen Aktas Le pr\u00e9sident ukrainien Volodymyr Zelensky a d\u00e9clar\u00e9 samedi que le pr\u00e9sident russe Vladimir Poutine ne&hellip;\n","protected":false},"author":2,"featured_media":176047,"comment_status":"","ping_status":"","sticky":false,"template":"","format":"standard","meta":{"footnotes":""},"categories":[1591],"tags":[11,1785,1887,12,1885,1886,132,220,135,7137],"class_list":{"0":"post-176046","1":"post","2":"type-post","3":"status-publish","4":"format-standard","5":"has-post-thumbnail","7":"category-russie","8":"tag-actualites","9":"tag-anadolu-ajansi","10":"tag-federation-de-russie","11":"tag-news","12":"tag-russia","13":"tag-russian-federation","14":"tag-russie","15":"tag-ukraine","16":"tag-vladimir-poutine","17":"tag-volodymyr-zelenskyy"},"share_on_mastodon":{"url":"https:\/\/pubeurope.com\/@fr\/114682087640992377","error":""},"_links":{"self":[{"href":"https:\/\/www.europesays.com\/fr\/wp-json\/wp\/v2\/posts\/176046","targetHints":{"allow":["GET"]}}],"collection":[{"href":"https:\/\/www.europesays.com\/fr\/wp-json\/wp\/v2\/posts"}],"about":[{"href":"https:\/\/www.europesays.com\/fr\/wp-json\/wp\/v2\/types\/post"}],"author":[{"embeddable":true,"href":"https:\/\/www.europesays.com\/fr\/wp-json\/wp\/v2\/users\/2"}],"replies":[{"embeddable":true,"href":"https:\/\/www.europesays.com\/fr\/wp-json\/wp\/v2\/comments?post=176046"}],"version-history":[{"count":0,"href":"https:\/\/www.europesays.com\/fr\/wp-json\/wp\/v2\/posts\/176046\/revisions"}],"wp:featuredmedia":[{"embeddable":true,"href":"https:\/\/www.europesays.com\/fr\/wp-json\/wp\/v2\/media\/176047"}],"wp:attachment":[{"href":"https:\/\/www.europesays.com\/fr\/wp-json\/wp\/v2\/media?parent=176046"}],"wp:term":[{"taxonomy":"category","embeddable":true,"href":"https:\/\/www.europesays.com\/fr\/wp-json\/wp\/v2\/categories?post=176046"},{"taxonomy":"post_tag","embeddable":true,"href":"https:\/\/www.europesays.com\/fr\/wp-json\/wp\/v2\/tags?post=176046"}],"curies":[{"name":"wp","href":"https:\/\/api.w.org\/{rel}","templated":true}]}}