{"id":176048,"date":"2025-06-14T14:02:10","date_gmt":"2025-06-14T14:02:10","guid":{"rendered":"https:\/\/www.europesays.com\/fr\/176048\/"},"modified":"2025-06-14T14:02:10","modified_gmt":"2025-06-14T14:02:10","slug":"vu-dailleurs-n163-qui-est-derriere-le-mossad-ukrainien","status":"publish","type":"post","link":"https:\/\/www.europesays.com\/fr\/176048\/","title":{"rendered":"\u00abVu d\u2019Ailleurs\u00bb N\u00b0163 &#8211; Qui est derri\u00e8re le \u00abMossad\u00bb ukrainien ?"},"content":{"rendered":"<p><strong>LETTRE EXCLUSIVE ABONN\u00c9S &#8211;\u00a0<\/strong>La revue de presse europ\u00e9enne, par \u00c9douard de Mareschal.<\/p>\n<p class=\"fig-paragraph\">Chers abonn\u00e9s,<\/p>\n<p class=\"fig-paragraph\">L\u2019actualit\u00e9 offre parfois des r\u00e9sonances int\u00e9ressantes.\u00a0<a href=\"http:\/\/www.lefigaro.fr\/international\/nous-avions-atteint-le-point-de-non-retour-l-entree-en-guerre-d-israel-contre-l-iran-plonge-le-proche-orient-dans-l-inconnu-20250613\" data-fig-type=\"Article\" data-gtm-custom-categorie=\"navigation\" data-gtm-custom-action=\"crossclick\" data-gtm-custom-label=\"Contextuel\" data-gtm-event=\"customEventSPE\" data-fig-domain=\"LEFIGARO\" rel=\"nofollow noopener\" target=\"_blank\">L\u2019attaque fulgurante men\u00e9e par Isra\u00ebl contre l\u2019Iran<\/a>\u00a0dans la nuit de jeudi \u00e0 vendredi rappelle celle\u00a0<a href=\"http:\/\/www.lefigaro.fr\/international\/toile-d-araignee-ce-que-l-on-sait-de-l-incroyable-operation-de-l-ukraine-contre-les-bombardiers-strategiques-russes-20250602\" data-fig-type=\"NewsFlash\" data-gtm-custom-categorie=\"navigation\" data-gtm-custom-action=\"crossclick\" data-gtm-custom-label=\"Contextuel\" data-gtm-event=\"customEventSPE\" data-fig-domain=\"LEFIGARO\" rel=\"nofollow noopener\" target=\"_blank\">men\u00e9e par l\u2019Ukraine dix jours plus t\u00f4t<\/a>, dans la profondeur du territoire russe. Certes, l\u2019\u00c9tat h\u00e9breu reste le ma\u00eetre incontest\u00e9 en la mati\u00e8re ; on l\u2019a vu en septembre 2024 avec l\u2019incroyable op\u00e9ration par laquelle il a fait exploser simultan\u00e9ment plusieurs milliers de bipeurs et talkies-walkies utilis\u00e9s par le Hezbollah libanais. Mais l\u2019op\u00e9ration \u00abToile d\u2019araign\u00e9e\u00bb men\u00e9e par l\u2019Ukraine est une vraie r\u00e9ussite de son service de s\u00e9curit\u00e9, le SBU. D\u2019autant qu\u2019elle s\u2019est accompagn\u00e9e d\u2019autres op\u00e9rations notables\u00a0: l\u2019explosion le 3 juin d\u2019une charge contre un pilier du\u00a0<a href=\"https:\/\/fr.wikipedia.org\/wiki\/Pont_de_Crim%C3%A9e\" target=\"_blank\" rel=\"nofollow noopener\" data-gtm-custom-categorie=\"navigation\" data-gtm-custom-action=\"crossclick\" data-gtm-custom-label=\"Contextuel\" data-gtm-event=\"customEventSPE\">pont de Crim\u00e9e<\/a>, suivie deux jours plus tard d\u2019une frappe r\u00e9ussie contre des lanceurs de missiles balistiques Iskander-M dans l\u2019oblast de Briansk (situ\u00e9 en Russie, \u00e0 la limite de la Bi\u00e9lorussie).<\/p>\n<p class=\"fig-paragraph\">Derri\u00e8re ces succ\u00e8s du SBU, salu\u00e9s par le Mossad lui-m\u00eame, il y a un visage inconnu \u00e0 l\u2019\u00e9tranger jusqu\u2019alors\u00a0: celui de Vassyl Maliouk. \u00c2g\u00e9 de 42 ans, le chef des services de s\u00e9curit\u00e9s ukrainiens n\u2019en est pourtant pas \u00e0 ses premiers faits d\u2019armes. La Gazeta Wyborcza qui consacre un long portrait au \u00abcerveau derri\u00e8re le Mossad ukrainien\u00bb, rappelle qu\u2019il a \u00e9t\u00e9 \u00e9lev\u00e9 le 8 mai dernier au rang de \u00abH\u00e9ros de l\u2019Ukraine\u00bb, le plus haut titre honorifique qui puisse \u00eatre d\u00e9cern\u00e9 par Kiev. Comme beaucoup de ses compatriotes, il a fait ses classes dans le Donbass d\u00e8s 2014. Maliouk avait int\u00e9gr\u00e9 les services \u00e0 ses 18 ans, tout en entamant des \u00e9tudes de droit \u00e0 l\u2019Acad\u00e9mie du Service de s\u00e9curit\u00e9 d\u2019Ukraine. En 2020, il devient chef adjoint du SBU et prend la t\u00eate du principal d\u00e9partement, consacr\u00e9 \u00e0 la lutte contre la corruption et le crime organis\u00e9. Quand la Russie lance son invasion, le 24 f\u00e9vrier 2022, il est vice-ministre de l\u2019Int\u00e9rieur. Il participe alors \u00e0 la d\u00e9fense de Kiev, avant de retourner au SBU d\u00e8s mars o\u00f9 il reprend ses fonctions. Puis \u00e0 l\u2019\u00e9t\u00e9 2022, il prend la t\u00eate du SBU apr\u00e8s qu\u2019Ivan Bakanov est d\u00e9mis de ses fonctions par Volodymyr Zelensky.<\/p>\n<p>    Image transmise par les services ukriniens de l\u2019explosion d\u00e9clench\u00e9e le 3 juin sous le pont de Kertch qui relie la Russie \u00e0 la Crim\u00e9e.<br \/>\n                EyePress News \/ EYEPRESS via Reuters Connect<\/p>\n<p class=\"fig-paragraph\">Vassyl Maliouk a entrepris une chasse aux agents russes au sein du SBU, mais aussi d\u2019autres institutions \u00e9tatiques. Il s\u2019est aussi attaqu\u00e9 aux liens entre l\u2019\u00c9glise orthodoxe rattach\u00e9e au patriarcat de Moscou et le Kremlin, ce qui lui a valu des accusations de pers\u00e9cution religieuse. Mais il a \u00e9galement multipli\u00e9 les op\u00e9rations ext\u00e9rieures, comme la spectaculaire attaque au camion pi\u00e9g\u00e9 men\u00e9e le 8 octobre 2022 sur le pont de Crim\u00e9e. Attaque qu\u2019il revendique neuf mois plus tard, au d\u00e9tour d\u2019une c\u00e9r\u00e9monie de pr\u00e9sentation de timbres \u00e9mis en l\u2019honneur du SBU. Les services ukrainiens m\u00e8nent en octobre 2023 la premi\u00e8re attaque de drones maritimes de l\u2019histoire, contre la base de S\u00e9bastopol, endommageant plusieurs navires russes. Les drones, d\u00e9velopp\u00e9s par le SBU, portaient le doux nom de \u00abSea baby\u00bb, une r\u00e9f\u00e9rence \u00e0 peine voil\u00e9e \u00e0 Vassyl Maliouk, dont le nom signifie \u00abbambin\u00bb en ukrainien.<\/p>\n<p class=\"fig-paragraph\">Ses services m\u00e8nent aussi des op\u00e9rations homo, non revendiqu\u00e9es. Elles ciblent \u00ables tra\u00eetres et les criminels de guerre russes, tant dans les territoires occup\u00e9s qu\u2019en Russie m\u00eame\u00bb, pr\u00e9cise La Gazeta. C\u2019est ce qui lui vaut son surnom de \u00abMossad ukrainien\u00bb, dont la r\u00e9putation n\u2019est plus \u00e0 d\u00e9fendre depuis le d\u00e9but de la guerre contre la Russie.<\/p>\n<p class=\"fig-body-cta-link\" data-module=\"fig-cta-link\" data-context=\"was @visible\">\n    <a class=\"fig-body-cta-link__link\" href=\"https:\/\/www.lefigaro.fr\/international\/qui-est-le-cerveau-derriere-le-mossad-ukrainien-20250614\" target=\"_self\" rel=\"follow nofollow noopener\" data-js-gtm=\"{&quot;event&quot;:&quot;customEventGA4&quot;,&quot;eventName&quot;:&quot;click_navigation&quot;,&quot;button_action&quot;:&quot;crossclick&quot;,&quot;feature&quot;:&quot;Contextuel_bouton&quot;,&quot;feature_details&quot;:&quot;LIRE L\\u2019ARTICLE DE LA GAZETA WYBORCZA&quot;,&quot;link_url&quot;:&quot;https:\\\/\\\/www.lefigaro.fr\\\/international\\\/qui-est-le-cerveau-derriere-le-mossad-ukrainien-20250614&quot;}\"><br \/>\n                LIRE L\u2019ARTICLE DE LA GAZETA WYBORCZA<br \/>\n    <\/a>\n<\/p>\n<p>Cap sur \u00abl\u2019\u00e9conomie f\u00e9ministe\u00bb<\/p>\n<p>    Emma Holten.<br \/>\n                Claudia Vega.<\/p>\n<p class=\"fig-paragraph\">\u00abLes hommes sont g\u00e9n\u00e9ralement plus riches que les femmes, mais leur vie est souvent plus pauvre et ils sont plus malheureux\u00bb\u00a0: Emma Holten, auteure et militante f\u00e9ministe, apporte un point de vue original sur les diff\u00e9rences de salaires et les in\u00e9galit\u00e9s \u00e9conomiques d\u00e9sormais bien connues entre les hommes et les femmes. Pour elle, le mod\u00e8le \u00e9conomique dominant ignore la valeur du travail domestique, de l\u2019\u00e9ducation des enfants et des soins apport\u00e9s aux a\u00een\u00e9s. Mais plut\u00f4t que de chercher \u00e0 mon\u00e9tiser ces pans entiers de notre vie qui \u00e9chappent encore \u00e0 des indicateurs purement financiers, elle plaide pour \u00ab\u00e9conomie f\u00e9ministe\u00bb.<\/p>\n<p class=\"fig-paragraph\">Dans son livre, Deficit. How Feminist Economics Can Change Our World, Emma Holten ne se limite pas \u00e0 dire que les femmes sont victimes d\u2019une oppression syst\u00e9mique ou qu\u2019elles devraient mener la m\u00eame vie que les hommes. \u00abAu contraire, d\u2019une certaine mani\u00e8re, ce sont les hommes qui souffrent le plus dans ce syst\u00e8me\u00a0: ce sont eux qui travaillent trop, passent peu de temps en famille, et tombent plus souvent malades\u00bb, dit-elle dans une interview \u00e0 La Repubblica. Dans son livre, la journaliste dano-su\u00e9doise plaide pour une meilleure reconnaissance de toutes ces r\u00e9alit\u00e9s non quantifiables en pensant les politiques publiques autrement qu\u2019en termes purement \u00e9conomiques.<\/p>\n<p class=\"fig-body-cta-link\" data-module=\"fig-cta-link\" data-context=\"was @visible\">\n    <a class=\"fig-body-cta-link__link\" href=\"https:\/\/www.lefigaro.fr\/actualite-france\/emma-holten-les-hommes-sont-generalement-plus-riches-que-les-femmes-mais-leur-vie-est-souvent-plus-pauvre-20250613\" target=\"_self\" rel=\"follow nofollow noopener\" data-js-gtm=\"{&quot;event&quot;:&quot;customEventGA4&quot;,&quot;eventName&quot;:&quot;click_navigation&quot;,&quot;button_action&quot;:&quot;crossclick&quot;,&quot;feature&quot;:&quot;Contextuel_bouton&quot;,&quot;feature_details&quot;:&quot;LIRE L\\u2019INTERVIEW DE LA REPUBBLICA&quot;,&quot;link_url&quot;:&quot;https:\\\/\\\/www.lefigaro.fr\\\/actualite-france\\\/emma-holten-les-hommes-sont-generalement-plus-riches-que-les-femmes-mais-leur-vie-est-souvent-plus-pauvre-20250613&quot;}\"><br \/>\n                LIRE L\u2019INTERVIEW DE LA REPUBBLICA<br \/>\n    <\/a>\n<\/p>\n<p>La phrase de la semaine<\/p>\n<p>    Mark Knopfler en concert, en 2015 \u00e0 S\u00e9ville.<br \/>\n                CRISTINA QUICLER \/ AFP<\/p>\n<blockquote class=\"fig-quote&#10;    \">\n<p class=\"fig-quote__text\">Je n\u2019avais jamais vraiment r\u00e9alis\u00e9 l\u2019importance de cet album pour beaucoup de gens. [&#8230;] L\u2019album est devenu la bande-son de la vie de nombreuses personnes. Les gens m\u2019abordent de temps en temps, me racontent ce qu\u2019ils vivaient ou traversaient \u00e0 sa sortie, ou comment les chansons les ont accompagn\u00e9s \u00e0 diff\u00e9rents moments de leur vie\u00a0: la naissance d\u2019un enfant, un mariage, une histoire d\u2019amour, un deuil, une rupture, la solitude\u2026 mais aussi dans instants de bonheur ou d\u2019accomplissement. Pour eux, ces morceaux sont devenus des rep\u00e8res dans le temps.<\/p>\n<p>            Mark Knopfler, auteur-compositeur et guitariste de Dire Straits\n    <\/p><\/blockquote>\n<p class=\"fig-paragraph\">En cinquante ans de carri\u00e8re, Mark Knopfler a cr\u00e9\u00e9 un son unique \u00e0 la guitare avec un jeu en \u00abfingerpiking\u00bb qui le rend reconnaissance entre mille. Pilier de Dire Straits, il se plie \u00e0 une nouvelle campagne de promotion pour la r\u00e9\u00e9dition de Brothers In Arms, album mythique du groupe britannique sorti en 1985 et qui s\u2019est \u00e9coul\u00e9 \u00e0 plus de 30 millions d\u2019exemplaires, ce qui en fait l\u2019un des plus grands succ\u00e8s de tous les temps. Il a \u00e9t\u00e9 longuement interview\u00e9 par Die Welt.<\/p>\n<p class=\"fig-body-cta-link\" data-module=\"fig-cta-link\" data-context=\"was @visible\">\n    <a class=\"fig-body-cta-link__link\" href=\"https:\/\/www.lefigaro.fr\/vox\/culture\/nous-vivons-desormais-une-tout-autre-epoque-au-moment-de-tirer-sa-reverence-mark-knopfler-revient-sur-l-heritage-de-dire-straits-20250613\" target=\"_self\" rel=\"follow nofollow noopener\" data-js-gtm=\"{&quot;event&quot;:&quot;customEventGA4&quot;,&quot;eventName&quot;:&quot;click_navigation&quot;,&quot;button_action&quot;:&quot;crossclick&quot;,&quot;feature&quot;:&quot;Contextuel_bouton&quot;,&quot;feature_details&quot;:&quot;LIRE L\\u2019INTERVIEW DE DIE WELT&quot;,&quot;link_url&quot;:&quot;https:\\\/\\\/www.lefigaro.fr\\\/vox\\\/culture\\\/nous-vivons-desormais-une-tout-autre-epoque-au-moment-de-tirer-sa-reverence-mark-knopfler-revient-sur-l-heritage-de-dire-straits-20250613&quot;}\"><br \/>\n                LIRE L\u2019INTERVIEW DE DIE WELT<br \/>\n    <\/a>\n<\/p>\n<p><strong>\u00c0 lire aussi<\/strong><\/p>\n<p class=\"fig-paragraph\">Sur TikTok, on retrouve plus de 62.000 vid\u00e9os sous le hashtag \u00ab tretinoin\u00a0\u00bb, totalisant plus de 3\u202fmilliards de vues. Ce m\u00e9dicament contre l\u2019acn\u00e9, souvent achet\u00e9 sous le manteau, est pourtant loin d\u2019\u00eatre anodin. Pris avant ou au d\u00e9but d\u2019une grossesse, il peut provoquer fausses couches et graves malformations chez le f\u0153tus, rappelle le quotidien suisse Tages-Anzeiger qui se base sur de nouvelles donn\u00e9es de la compagnie d\u2019assurance sant\u00e9 Helsana.<\/p>\n<p class=\"fig-body-cta-link\" data-module=\"fig-cta-link\" data-context=\"was @visible\">\n    <a class=\"fig-body-cta-link__link\" href=\"https:\/\/www.lefigaro.fr\/demain\/sante\/fausses-couches-graves-malformations-ce-medicament-contre-l-acne-aux-consequences-dramatiques-sur-les-nouveau-nes-20250613\" target=\"_self\" rel=\"follow nofollow noopener\" data-js-gtm=\"{&quot;event&quot;:&quot;customEventGA4&quot;,&quot;eventName&quot;:&quot;click_navigation&quot;,&quot;button_action&quot;:&quot;crossclick&quot;,&quot;feature&quot;:&quot;Contextuel_bouton&quot;,&quot;feature_details&quot;:&quot;LIRE L\\u2019ARTICLE DU TAGES-ANZEIGER&quot;,&quot;link_url&quot;:&quot;https:\\\/\\\/www.lefigaro.fr\\\/demain\\\/sante\\\/fausses-couches-graves-malformations-ce-medicament-contre-l-acne-aux-consequences-dramatiques-sur-les-nouveau-nes-20250613&quot;}\"><br \/>\n                LIRE L\u2019ARTICLE DU TAGES-ANZEIGER<br \/>\n    <\/a>\n<\/p>\n<p class=\"fig-paragraph\">\u00abDes grands magasins du XIXe si\u00e8cle \u00e0 l\u2019ultra-fast fashion de Shein et Temu, qu\u2019est-il arriv\u00e9 \u00e0 la mode\u00a0?\u00bb\u00a0: Avant de devenir journaliste et d\u2019animer la matinale de France Culture, Guillaume Erner a travaill\u00e9 dans une boutique de v\u00eatements du Sentier et \u00e9crit sur la sociologie de la mode. Apr\u00e8s l\u2019adoption par le S\u00e9nat de la loi anti-fast fashion, il analyse les grands bouleversements du march\u00e9 de la \u00ab fringue\u00a0\u00bb.<\/p>\n<p class=\"fig-body-cta-link\" data-module=\"fig-cta-link\" data-context=\"was @visible\">\n    <a class=\"fig-body-cta-link__link\" href=\"https:\/\/www.lefigaro.fr\/vox\/societe\/des-grands-magasins-du-xixe-siecle-a-l-ultra-fast-fashion-de-shein-et-temu-qu-est-il-arrive-a-la-mode-20250613\" target=\"_self\" rel=\"follow nofollow noopener\" data-js-gtm=\"{&quot;event&quot;:&quot;customEventGA4&quot;,&quot;eventName&quot;:&quot;click_navigation&quot;,&quot;button_action&quot;:&quot;crossclick&quot;,&quot;feature&quot;:&quot;Contextuel_bouton&quot;,&quot;feature_details&quot;:&quot;LIRE L\\u2019ARTICLE DU FIGARO&quot;,&quot;link_url&quot;:&quot;https:\\\/\\\/www.lefigaro.fr\\\/vox\\\/societe\\\/des-grands-magasins-du-xixe-siecle-a-l-ultra-fast-fashion-de-shein-et-temu-qu-est-il-arrive-a-la-mode-20250613&quot;}\"><br \/>\n                LIRE L\u2019ARTICLE DU FIGARO<br \/>\n    <\/a>\n<\/p>\n<p>Parlons-en\u00a0!<\/p>\n<p class=\"fig-paragraph\">Merci pour vos abonnements et pour vos messages. Pour continuer la conversation, envoyez-moi un e-mail \u00e0 vudailleurs@lefigaro.fr.<\/p>\n","protected":false},"excerpt":{"rendered":"LETTRE EXCLUSIVE ABONN\u00c9S &#8211;\u00a0La revue de presse europ\u00e9enne, par \u00c9douard de Mareschal. Chers abonn\u00e9s, L\u2019actualit\u00e9 offre parfois des&hellip;\n","protected":false},"author":2,"featured_media":176049,"comment_status":"","ping_status":"","sticky":false,"template":"","format":"standard","meta":{"footnotes":""},"categories":[1590],"tags":[259,11,260,1777,674,14,22398,22397,261,12,262,13125,220],"class_list":{"0":"post-176048","1":"post","2":"type-post","3":"status-publish","4":"format-standard","5":"has-post-thumbnail","7":"category-ukraine","8":"tag-actualite-internationale","9":"tag-actualites","10":"tag-affaires-etrangeres","11":"tag-eu","12":"tag-europe","13":"tag-international","14":"tag-lena","15":"tag-les-lettres-des-journalistes","16":"tag-ministere-des-affaires-etrangeres","17":"tag-news","18":"tag-politique-etrangere","19":"tag-revue-de-presse","20":"tag-ukraine"},"share_on_mastodon":{"url":"https:\/\/pubeurope.com\/@fr\/114682091565855607","error":""},"_links":{"self":[{"href":"https:\/\/www.europesays.com\/fr\/wp-json\/wp\/v2\/posts\/176048","targetHints":{"allow":["GET"]}}],"collection":[{"href":"https:\/\/www.europesays.com\/fr\/wp-json\/wp\/v2\/posts"}],"about":[{"href":"https:\/\/www.europesays.com\/fr\/wp-json\/wp\/v2\/types\/post"}],"author":[{"embeddable":true,"href":"https:\/\/www.europesays.com\/fr\/wp-json\/wp\/v2\/users\/2"}],"replies":[{"embeddable":true,"href":"https:\/\/www.europesays.com\/fr\/wp-json\/wp\/v2\/comments?post=176048"}],"version-history":[{"count":0,"href":"https:\/\/www.europesays.com\/fr\/wp-json\/wp\/v2\/posts\/176048\/revisions"}],"wp:featuredmedia":[{"embeddable":true,"href":"https:\/\/www.europesays.com\/fr\/wp-json\/wp\/v2\/media\/176049"}],"wp:attachment":[{"href":"https:\/\/www.europesays.com\/fr\/wp-json\/wp\/v2\/media?parent=176048"}],"wp:term":[{"taxonomy":"category","embeddable":true,"href":"https:\/\/www.europesays.com\/fr\/wp-json\/wp\/v2\/categories?post=176048"},{"taxonomy":"post_tag","embeddable":true,"href":"https:\/\/www.europesays.com\/fr\/wp-json\/wp\/v2\/tags?post=176048"}],"curies":[{"name":"wp","href":"https:\/\/api.w.org\/{rel}","templated":true}]}}