{"id":17605,"date":"2025-04-11T15:23:10","date_gmt":"2025-04-11T15:23:10","guid":{"rendered":"https:\/\/www.europesays.com\/fr\/17605\/"},"modified":"2025-04-11T15:23:10","modified_gmt":"2025-04-11T15:23:10","slug":"il-roulait-a-78-km-h-en-trottinette-un-homme-entre-la-vie-et-la-mort-apres-un-refus-dobtemperer-a-paris","status":"publish","type":"post","link":"https:\/\/www.europesays.com\/fr\/17605\/","title":{"rendered":"Il roulait \u00e0 78 km\/h en trottinette, un homme entre la vie et la mort apr\u00e8s un refus d&rsquo;obtemp\u00e9rer \u00e0 Paris"},"content":{"rendered":"<p>Mercredi 9 avril dans l&rsquo;apr\u00e8s-midi, un homme qui circulait en trottinette \u00e9lectrique sur le trottoir a refus\u00e9 d&rsquo;obtemp\u00e9rer quand les policiers lui ont demand\u00e9 de s&rsquo;arr\u00eater.L&rsquo;individu, qui roulait \u00e0 pr\u00e8s de 80km\/h, a fini par chuter au sol.Gri\u00e8vement bless\u00e9, il a \u00e9t\u00e9 admis \u00e0 l&rsquo;h\u00f4pital avec un pronostic vital engag\u00e9.<\/p>\n<p data-module=\"article-paragraph\" class=\"jsx-362436225 Paragraph\">Pourquoi a-t-il refus\u00e9 le contr\u00f4le ? Impossible de le savoir pour le moment\u2026 Mercredi, un homme qui circulait \u00e0 trottinette \u00e0 vive allure sur un trottoir de la rue de l&rsquo;Ourcq (19e arrondissement de Paris) a refus\u00e9 d&rsquo;obtemp\u00e9rer quand des policiers lui ont demand\u00e9 de s&rsquo;arr\u00eater pour le contr\u00f4ler.\u00a0<\/p>\n<p data-module=\"article-paragraph\" class=\"jsx-362436225 Paragraph Paragraph__End\">\u00ab\u00a0L&rsquo;individu a poursuivi sa route en manquant de percuter plusieurs pi\u00e9tons, avant de perdre le contr\u00f4le de son v\u00e9hicule, dont la derni\u00e8re vitesse enregistr\u00e9e \u00e9tait de 78 km\/h, et de chuter\u00a0\u00bb, indique ce vendredi le parquet de Paris \u00e0 TF1info confirmant une information d&rsquo;<a href=\"https:\/\/actu17.fr\/faits-divers\/paris-pronostic-vital-engage-pour-un-homme-a-trottinette-qui-a-chute-apres-un-refus-dobtemperer.html\" target=\"_blank\" rel=\"nofollow noopener\">Actu17 (nouvelle fen\u00eatre)<\/a>.\u00a0<\/p>\n<p>Entre la vie et la mort au moment de son admission \u00e0 l&rsquo;h\u00f4pital<\/p>\n<p data-module=\"article-paragraph\" class=\"jsx-362436225 Paragraph\">L&rsquo;individu qui a chut\u00e9 sur le quai de l&rsquo;Oise, devant la caserne des sapeurs-pompiers, a \u00e9t\u00e9 pris imm\u00e9diatement pris en charge par les secours.\u00a0<\/p>\n<p data-module=\"article-paragraph\" class=\"jsx-362436225 Paragraph Paragraph__End\">Compte tenu de son \u00e9tat de sant\u00e9, il a \u00e9t\u00e9 d\u00e9cid\u00e9 de le transporter en \u00e9tat d&rsquo;urgence absolue \u00e0 l&rsquo;h\u00f4pital de la Piti\u00e9-Salp\u00eatri\u00e8re, dans le 13e arrondissement. Son pronostic vital \u00e9tait alors engag\u00e9.<\/p>\n<p>\u00ab\u00a0L&rsquo;accident a \u00e9t\u00e9 enti\u00e8rement film\u00e9\u00a0\u00bb<\/p>\n<p data-module=\"article-paragraph\" class=\"jsx-362436225 Paragraph\">Une enqu\u00eate a \u00e9t\u00e9 ouverte par le parquet de Paris. Elle a \u00e9t\u00e9 confi\u00e9e aux policiers du service de traitement judiciaire des accidents (STJA).\u00a0<\/p>\n<p data-module=\"article-paragraph\" class=\"jsx-362436225 Paragraph Paragraph__End\">Selon une source proche de l&rsquo;affaire cit\u00e9e par nos confr\u00e8res, \u00ab\u00a0l&rsquo;accident a \u00e9t\u00e9 enti\u00e8rement film\u00e9 par les vid\u00e9oprotections de la ville\u00a0\u00bb. Les images sont en cours d&rsquo;exploitation.<\/p>\n<p>Aur\u00e9lie SARROT<\/p>\n","protected":false},"excerpt":{"rendered":"Mercredi 9 avril dans l&rsquo;apr\u00e8s-midi, un homme qui circulait en trottinette \u00e9lectrique sur le trottoir a refus\u00e9 d&rsquo;obtemp\u00e9rer&hellip;\n","protected":false},"author":2,"featured_media":17606,"comment_status":"","ping_status":"","sticky":false,"template":"","format":"standard","meta":{"footnotes":""},"categories":[1888],"tags":[1111,1928,11,1927,1921,1777,674,6017,1011,27,1922,303,2954,12,1926,626,1925,1072,25,7103,133,2953],"class_list":{"0":"post-17605","1":"post","2":"type-post","3":"status-publish","4":"format-standard","5":"has-post-thumbnail","7":"category-paris","8":"tag-actu","9":"tag-actu-paris","10":"tag-actualites","11":"tag-actualites-paris","12":"tag-article-video","13":"tag-eu","14":"tag-europe","15":"tag-fait-divers","16":"tag-fr","17":"tag-france","18":"tag-info","19":"tag-justice","20":"tag-justice-et-faits-divers","21":"tag-news","22":"tag-news-paris","23":"tag-paris","24":"tag-paris-news","25":"tag-police","26":"tag-republique-francaise","27":"tag-trottinettes-electriques","28":"tag-video","29":"tag-video-police"},"share_on_mastodon":{"url":"https:\/\/pubeurope.com\/@fr\/114320022349458551","error":""},"_links":{"self":[{"href":"https:\/\/www.europesays.com\/fr\/wp-json\/wp\/v2\/posts\/17605","targetHints":{"allow":["GET"]}}],"collection":[{"href":"https:\/\/www.europesays.com\/fr\/wp-json\/wp\/v2\/posts"}],"about":[{"href":"https:\/\/www.europesays.com\/fr\/wp-json\/wp\/v2\/types\/post"}],"author":[{"embeddable":true,"href":"https:\/\/www.europesays.com\/fr\/wp-json\/wp\/v2\/users\/2"}],"replies":[{"embeddable":true,"href":"https:\/\/www.europesays.com\/fr\/wp-json\/wp\/v2\/comments?post=17605"}],"version-history":[{"count":0,"href":"https:\/\/www.europesays.com\/fr\/wp-json\/wp\/v2\/posts\/17605\/revisions"}],"wp:featuredmedia":[{"embeddable":true,"href":"https:\/\/www.europesays.com\/fr\/wp-json\/wp\/v2\/media\/17606"}],"wp:attachment":[{"href":"https:\/\/www.europesays.com\/fr\/wp-json\/wp\/v2\/media?parent=17605"}],"wp:term":[{"taxonomy":"category","embeddable":true,"href":"https:\/\/www.europesays.com\/fr\/wp-json\/wp\/v2\/categories?post=17605"},{"taxonomy":"post_tag","embeddable":true,"href":"https:\/\/www.europesays.com\/fr\/wp-json\/wp\/v2\/tags?post=17605"}],"curies":[{"name":"wp","href":"https:\/\/api.w.org\/{rel}","templated":true}]}}