{"id":176057,"date":"2025-06-14T14:07:17","date_gmt":"2025-06-14T14:07:17","guid":{"rendered":"https:\/\/www.europesays.com\/fr\/176057\/"},"modified":"2025-06-14T14:07:17","modified_gmt":"2025-06-14T14:07:17","slug":"le-roi-felipe-vi-celebre-les-40-ans-de-la-signature-du-traite-dadhesion-de-lespagne-a-lunion-europeenne","status":"publish","type":"post","link":"https:\/\/www.europesays.com\/fr\/176057\/","title":{"rendered":"Le roi Felipe VI c\u00e9l\u00e8bre les 40 ans de la signature du trait\u00e9 d&rsquo;adh\u00e9sion de l&rsquo;Espagne \u00e0 l&rsquo;Union europ\u00e9enne"},"content":{"rendered":"<p>Le roi Felipe VI d\u2019Espagne a organis\u00e9 un \u00e9v\u00e9nement comm\u00e9moratif et festif au palais royal de Madrid pour c\u00e9l\u00e9brer le 40e anniversaire de la signature du trait\u00e9 d\u2019adh\u00e9sion de l\u2019Espagne aux Communaut\u00e9s europ\u00e9ennes. <\/p>\n<p><strong>Lire aussi : <a href=\"https:\/\/histoiresroyales.fr\/espagnols-new-york-pretent-allegeance-drapeau-presente-princesse-leonor\/\" target=\"_blank\" rel=\"noopener\">Les Espagnols de New York pr\u00eatent all\u00e9geance au drapeau pr\u00e9sent\u00e9 par la princesse Leonor<\/a><\/strong><\/p>\n<p>Le roi Felipe VI prononce un discours dans la salle des Colonnes o\u00f9 fut sign\u00e9 le trait\u00e9 d\u2019adh\u00e9sion de l\u2019Espagne en 1985<\/p>\n<p>Ce 13 juin 2025, le roi Felipe VI d\u2019Espagne, 57 ans, a prononc\u00e9 un discours lors de la c\u00e9r\u00e9monie de comm\u00e9moration des 40 ans de la signature de l\u2019adh\u00e9sion de l\u2019Espagne aux Communaut\u00e9s europ\u00e9ennes. Le trait\u00e9 de Bruxelles en 1948, puis la Communaut\u00e9 europ\u00e9enne du charbon et de l\u2019acier de 1951, les accords de Paris en 1954, et la cr\u00e9ation de la Communaut\u00e9 \u00e9conomique europ\u00e9enne en 1957 m\u00e8neront finalement \u00e0 un trait\u00e9 de fusion de ces Communaut\u00e9s europ\u00e9ennes en 1965. <\/p>\n<p>En 1986, l\u2019Espagne et le Portugal ont int\u00e9gr\u00e9 les Communaut\u00e9s europ\u00e9ennes qui, par le trait\u00e9 de Maastricht de 1992, entr\u00e9 en vigueur en 1993, deviendront l\u2019Union europ\u00e9enne. Cette adh\u00e9sion de l\u2019Espagne \u00e9tait \u00e2prement n\u00e9goci\u00e9e depuis des ann\u00e9es et c\u2019est dans cette salle des Colonnes du palais royal que fut sign\u00e9 l\u2019acte d\u2019adh\u00e9sion, le 12 juin 1985. <\/p>\n<p><img fetchpriority=\"high\" decoding=\"async\" width=\"1300\" height=\"867\" src=\"https:\/\/www.europesays.com\/fr\/wp-content\/uploads\/2025\/06\/roi-felipe-commemoration-union-europeenne-adhesion-espagne.jpg\" alt=\"\" class=\"wp-image-208587 lazyload\" data-  \/>Le roi Felipe VI prononce un discours ce 13 juin 2025 pour marquer les 40 ans de la signature du trait\u00e9 d\u2019adh\u00e9sion de l\u2019Espagne aux Communaut\u00e9s europ\u00e9ennes (Photo : Diego Radames\/Europa Press\/ABACAPRESS.COM)<\/p>\n<p><strong>Lire aussi : <a href=\"https:\/\/histoiresroyales.fr\/roi-felipe-vi-aupres-soldats-espagnols-deployes-roumanie-slovaquie\/\" target=\"_blank\" rel=\"noopener\">Le roi Felipe VI aupr\u00e8s des soldats espagnols d\u00e9ploy\u00e9s en Roumanie et en Slovaquie<\/a><\/strong><\/p>\n<p>Le roi Felipe VI \u00e9tait accompagn\u00e9 du premier ministre Pedro S\u00e1nchez, de la pr\u00e9sidente du Congr\u00e8s des d\u00e9put\u00e9s, Francina Armengol, du pr\u00e9sident du S\u00e9nat, Pedro Roll\u00e1n, du pr\u00e9sident de la Cour constitutionnelle, C\u00e1ndido Conde-Pumpido, et du pr\u00e9sident du Conseil europ\u00e9en, Ant\u00f3nio Costa.<\/p>\n<blockquote class=\"instagram-media\" data-instgrm-permalink=\"https:\/\/www.instagram.com\/p\/DKz-h31NEVB\/?utm_source=ig_embed&amp;utm_campaign=loading\" data-instgrm-version=\"14\" style=\" background:#FFF; border:0; border-radius:3px; box-shadow:0 0 1px 0 rgba(0,0,0,0.5),0 1px 10px 0 rgba(0,0,0,0.15); margin: 1px; max-width:540px; min-width:326px; padding:0; width:99.375%; width:-webkit-calc(100% - 2px); width:calc(100% - 2px);\"\/>\n<p>La danseuse contemporaine Helena Olmedo Duynslaeger a pr\u00e9sent\u00e9 une performance artistique dans la salle des Colonnes du palais. Le premier ministre espagnol a prononc\u00e9 le premier discours, suivi de plusieurs chants qui ont \u00e9t\u00e9 interpr\u00e9t\u00e9s par Xoel L\u00f3pez et Marilia Monz\u00f3n et d\u2019un morceau de musique \u00e0 la guitare et aux violons. <\/p>\n<p><strong>Lire aussi : <a href=\"https:\/\/histoiresroyales.fr\/roi-felipe-salle-de-couronnement-de-charlemagne-aix-la-chapelle-distinguer-ursula-von-der-leyen\/\" target=\"_blank\" rel=\"noopener\">Le roi Felipe dans la salle de couronnement de Charlemagne d\u2019Aix-la-Chapelle pour distinguer Ursula von der Leyen<\/a><\/strong><\/p>\n<p>\u00ab\u00a0La libert\u00e9 et la d\u00e9mocratie ne sont pas des acquis garantis \u00bb<\/p>\n<p>Le roi Felipe a ensuite pris la parole. \u00ab\u00a040 ans plus tard, nous comm\u00e9morons bien plus qu\u2019une date ou une signature. Nous c\u00e9l\u00e9brons une d\u00e9cision, soutenue par un large consensus politique et social, qui nous a engag\u00e9s sur une voie que nous poursuivons encore aujourd\u2019hui avec conviction\u00a0\u00bb, a d\u00e9clar\u00e9 le roi d\u2019Espagne.<\/p>\n<p><img loading=\"lazy\" decoding=\"async\" src=\"https:\/\/www.europesays.com\/fr\/wp-content\/uploads\/2025\/06\/1749910036_564_hqdefault.jpg\" alt=\"YouTube video\" width=\"480\" height=\"360\" data-pin-nopin=\"true\" nopin=\"nopin\"\/><\/p>\n<p>\u00ab\u00a0Les raisons profondes qui expliquent l\u2019existence et la valeur de l\u2019Union \u2013 surmonter un pass\u00e9 tragique et b\u00e2tir une prosp\u00e9rit\u00e9 partag\u00e9e comme meilleur moyen de garantir la paix \u2013 seront toujours pr\u00e9sentes. C\u2019est pourquoi nous attendons de ceux qui prendront le pouvoir de conscience, de l\u2019engagement et du courage\u00a0\u00bb, a continu\u00e9 le monarque. \u00ab\u00a0Car la libert\u00e9 et la d\u00e9mocratie ne sont pas des acquis garantis : elles se d\u00e9fendent chaque jour dans un effort collectif qui ne perdurera que s\u2019il demeure une \u0153uvre d\u2019art vivante. \u00bb<\/p>\n<p>Le chef de l\u2019\u00c9tat espagnol a ajout\u00e9 que les valeurs de libert\u00e9 et de d\u00e9mocratie \u00ab\u00a0n\u2019ont pas la vie facile dans un monde domin\u00e9 par de grandes tensions et rivalit\u00e9s g\u00e9opolitiques et \u00e9conomiques, dans un sc\u00e9nario o\u00f9 les r\u00e8gles s\u2019affaiblissent et o\u00f9 la force cherche \u00e0 pr\u00e9valoir sur le droit et les droits, dans une Europe marqu\u00e9e par le retour de la guerre et de l\u2019instabilit\u00e9, contrairement \u00e0 sa raison d\u2019\u00eatre. Et pourtant, je suis convaincu que, comme ceux qui nous ont pr\u00e9c\u00e9d\u00e9s, ceux qui nous succ\u00e9deront sauront faire en sorte que le projet europ\u00e9en \u2013 l\u2019UE \u2013 affronte ses d\u00e9fis, surmonte ses crises et se renforce \u00bb. L\u2019\u00e9v\u00e9nement s\u2019est poursuivi avec une performance musicale d\u2019arrangements improvis\u00e9s bas\u00e9s sur l\u2019Ode \u00e0 la joie de Beethoven par un quatuor de jazz. Apr\u00e8s la c\u00e9r\u00e9monie comm\u00e9morative, le roi Felipe a retrouv\u00e9 les invit\u00e9s de cet \u00e9v\u00e9nement.<\/p>\n<p>\t\t\t\t<img loading=\"lazy\" alt=\"Avatar photo\" src=\"https:\/\/www.europesays.com\/fr\/wp-content\/uploads\/2025\/04\/1516945716303-164x164.jpeg\"  class=\"avatar avatar-164 photo lazyload\" height=\"164\" width=\"164\" decoding=\"async\"\/><br \/>\n\t\t<a href=\"https:\/\/histoiresroyales.fr\/author\/royaliste123\/\" target=\"_blank\" rel=\"noopener\">Nicolas Fontaine<\/a><br \/>\n\t\t\t\t\tR\u00e9dacteur en chef<\/p>\n<p>Nicolas Fontaine a \u00e9t\u00e9 concepteur-r\u00e9dacteur et auteur pour de nombreuses marques et m\u00e9dias belges et fran\u00e7ais. Sp\u00e9cialiste de l&rsquo;actualit\u00e9 des familles royales, Nicolas a fond\u00e9 le site Histoires royales dont il est le r\u00e9dacteur en chef.&#13;<br \/>\n&#13;<br \/>\nnicolas@histoiresroyales.fr<\/p>\n<p>\t\t\t\t\t\t\t<a href=\"https:\/\/twitter.com\/ActusRoyales\" class=\"boxed-icon fill twitter\" target=\"_blank\" rel=\"noopener\"><\/a><br \/>\n\t\t\t\t\t\t\t\t\t<a href=\"https:\/\/www.instagram.com\/histoiresroyales.fr\/\" class=\"boxed-icon fill instagram\" target=\"_blank\" rel=\"noopener\"><\/a><\/p>\n<p>\t\t\t\t\t\t\t\t\t\t\t\t\t<script async src=\"https:\/\/platform.twitter.com\/widgets.js\" charset=\"utf-8\"><\/script><script async src=\"\/\/www.instagram.com\/embed.js\"><\/script><\/p>\n","protected":false},"excerpt":{"rendered":"Le roi Felipe VI d\u2019Espagne a organis\u00e9 un \u00e9v\u00e9nement comm\u00e9moratif et festif au palais royal de Madrid pour&hellip;\n","protected":false},"author":2,"featured_media":176058,"comment_status":"","ping_status":"","sticky":false,"template":"","format":"standard","meta":{"footnotes":""},"categories":[1586],"tags":[11,31165,1777,674,1779,31166,1011,27,12,25,1778,364,2475],"class_list":{"0":"post-176057","1":"post","2":"type-post","3":"status-publish","4":"format-standard","5":"has-post-thumbnail","7":"category-europe","8":"tag-actualites","9":"tag-cu00e9ru00e9monie","10":"tag-eu","11":"tag-europe","12":"tag-european-union","13":"tag-felipe-vi-despagne","14":"tag-fr","15":"tag-france","16":"tag-news","17":"tag-republique-francaise","18":"tag-ue","19":"tag-union-europeenne","20":"tag-union-europu00e9enne"},"share_on_mastodon":{"url":"https:\/\/pubeurope.com\/@fr\/114682111489716336","error":""},"_links":{"self":[{"href":"https:\/\/www.europesays.com\/fr\/wp-json\/wp\/v2\/posts\/176057","targetHints":{"allow":["GET"]}}],"collection":[{"href":"https:\/\/www.europesays.com\/fr\/wp-json\/wp\/v2\/posts"}],"about":[{"href":"https:\/\/www.europesays.com\/fr\/wp-json\/wp\/v2\/types\/post"}],"author":[{"embeddable":true,"href":"https:\/\/www.europesays.com\/fr\/wp-json\/wp\/v2\/users\/2"}],"replies":[{"embeddable":true,"href":"https:\/\/www.europesays.com\/fr\/wp-json\/wp\/v2\/comments?post=176057"}],"version-history":[{"count":0,"href":"https:\/\/www.europesays.com\/fr\/wp-json\/wp\/v2\/posts\/176057\/revisions"}],"wp:featuredmedia":[{"embeddable":true,"href":"https:\/\/www.europesays.com\/fr\/wp-json\/wp\/v2\/media\/176058"}],"wp:attachment":[{"href":"https:\/\/www.europesays.com\/fr\/wp-json\/wp\/v2\/media?parent=176057"}],"wp:term":[{"taxonomy":"category","embeddable":true,"href":"https:\/\/www.europesays.com\/fr\/wp-json\/wp\/v2\/categories?post=176057"},{"taxonomy":"post_tag","embeddable":true,"href":"https:\/\/www.europesays.com\/fr\/wp-json\/wp\/v2\/tags?post=176057"}],"curies":[{"name":"wp","href":"https:\/\/api.w.org\/{rel}","templated":true}]}}