{"id":176071,"date":"2025-06-14T14:18:16","date_gmt":"2025-06-14T14:18:16","guid":{"rendered":"https:\/\/www.europesays.com\/fr\/176071\/"},"modified":"2025-06-14T14:18:16","modified_gmt":"2025-06-14T14:18:16","slug":"saint-julien-molhesabate-aux-petits-soins-pour-les-cyclistes-de-lardechoise","status":"publish","type":"post","link":"https:\/\/www.europesays.com\/fr\/176071\/","title":{"rendered":"Saint-Julien-Molhesabate aux petits soins pour les cyclistes de l&rsquo;Ard\u00e9choise"},"content":{"rendered":"<p>\t\t\t\t\t\t\t\t\t\t\t\t\t\t\t\t\t\t\t\t\t\t\t\t\t\t\t\t\t\t\t\t\t\t\t\t\t\t\t\t\t\t\t\t\t\t\t\t\t\t\t\t\t\t\t\t\t\t\t\t\t\t\t<a href=\"https:\/\/www.lacommere43.fr\/component\/banners\/click\/1787.html\" target=\"_blank\" title=\"Chambon Intermarch\u00e9 juin 2025\" rel=\"nofollow noopener\"><br \/>\n\t\t\t\t\t\t\t<img decoding=\"async\" src=\"https:\/\/www.europesays.com\/fr\/wp-content\/uploads\/2025\/06\/INTER.jpg\" alt=\"Chambon Intermarch\u00e9 juin 2025\"\/><br \/>\n\t\t\t\t\t\t<\/a><\/p>\n<p>\t\t\t\t\t\t\t\t\t\t\t\t\t\t\t\t\t\t\t\t\t\t\t\t\t\t\t\t\t\t\t\t\t\t\t\t\t\t\t\t\t\t\t\t\t\t<img decoding=\"async\" src=\"https:\/\/www.europesays.com\/fr\/wp-content\/uploads\/2025\/06\/rural2025-4.gif\" alt=\"Tence Rural Master juin 2025\"\/><\/p>\n<p><strong>Ce samedi 14 juin au matin, l\u2019ambiance \u00e9tait f\u00e9brile dans le bourg de Saint-Julien-Molhesabate.<\/strong><\/p>\n<p>Le grand jour tant attendu est arriv\u00e9\u00a0: le passage d\u2019une boucle de l\u2019Ard\u00e9choise pour cyclo touristes.<\/p>\n<p>Les \u00e9quipes d\u2019animations du village avaient travaill\u00e9 pour que ce premier passage de l\u2019Ard\u00e9choise \u00e0 Saint-Julien-Molhesabate ne passe pas inaper\u00e7u. Depuis plusieurs semaines, le vendredi apr\u00e8s-midi en g\u00e9n\u00e9ral, des habitants du village, petits et grands ont particip\u00e9 \u00e0 la confection des d\u00e9corations en tout genre.<\/p>\n<p>La petite place devant l\u2019\u00e9glise, fraichement r\u00e9nov\u00e9e avait \u00e9t\u00e9 choisie pour organiser le ravitaillement des 160 inscrits \u00e0 ce parcours de 3 jours \u00e0 partir de Saint-F\u00e9licien.<\/p>\n<p>Les participants \u00e9taient heureux de trouver une fraicheur relative dans les bois d\u2019altitude de la Haute-Loire apr\u00e8s avoir affront\u00e9 la canicule de la vall\u00e9e du Rh\u00f4ne. Nombre de coureurs venaient \u00e0 Saint-Julien-Molhesabate pour la premi\u00e8re fois.<\/p>\n<p>A la buvette, les \u00e9changes avec les habitants allaient bon train\u00a0: certains venaient de loin comme du Maine-et-Loire ou encore d\u2019Allemagne.<\/p>\n<p>Outre les boissons et de quoi reprendre des forces, il y avait m\u00eame des petites s\u00e9ances de massage des \u00e9paules.<\/p>\n","protected":false},"excerpt":{"rendered":"Ce samedi 14 juin au matin, l\u2019ambiance \u00e9tait f\u00e9brile dans le bourg de Saint-Julien-Molhesabate. Le grand jour tant&hellip;\n","protected":false},"author":2,"featured_media":176072,"comment_status":"","ping_status":"","sticky":false,"template":"","format":"standard","meta":{"footnotes":""},"categories":[1411],"tags":[2281,1154,207,2282,1011,27,2280,2284,2285,2283,60],"class_list":{"0":"post-176071","1":"post","2":"type-post","3":"status-publish","4":"format-standard","5":"has-post-thumbnail","7":"category-cyclisme","8":"tag-actualite-43","9":"tag-cycling","10":"tag-cyclisme","11":"tag-faits-divers-auvergne","12":"tag-fr","13":"tag-france","14":"tag-information-haute-loire","15":"tag-infos-43","16":"tag-journal-haute-loire","17":"tag-la-commere-43","18":"tag-sports"},"share_on_mastodon":{"url":"https:\/\/pubeurope.com\/@fr\/114682154656846642","error":""},"_links":{"self":[{"href":"https:\/\/www.europesays.com\/fr\/wp-json\/wp\/v2\/posts\/176071","targetHints":{"allow":["GET"]}}],"collection":[{"href":"https:\/\/www.europesays.com\/fr\/wp-json\/wp\/v2\/posts"}],"about":[{"href":"https:\/\/www.europesays.com\/fr\/wp-json\/wp\/v2\/types\/post"}],"author":[{"embeddable":true,"href":"https:\/\/www.europesays.com\/fr\/wp-json\/wp\/v2\/users\/2"}],"replies":[{"embeddable":true,"href":"https:\/\/www.europesays.com\/fr\/wp-json\/wp\/v2\/comments?post=176071"}],"version-history":[{"count":0,"href":"https:\/\/www.europesays.com\/fr\/wp-json\/wp\/v2\/posts\/176071\/revisions"}],"wp:featuredmedia":[{"embeddable":true,"href":"https:\/\/www.europesays.com\/fr\/wp-json\/wp\/v2\/media\/176072"}],"wp:attachment":[{"href":"https:\/\/www.europesays.com\/fr\/wp-json\/wp\/v2\/media?parent=176071"}],"wp:term":[{"taxonomy":"category","embeddable":true,"href":"https:\/\/www.europesays.com\/fr\/wp-json\/wp\/v2\/categories?post=176071"},{"taxonomy":"post_tag","embeddable":true,"href":"https:\/\/www.europesays.com\/fr\/wp-json\/wp\/v2\/tags?post=176071"}],"curies":[{"name":"wp","href":"https:\/\/api.w.org\/{rel}","templated":true}]}}