{"id":176081,"date":"2025-06-14T14:23:12","date_gmt":"2025-06-14T14:23:12","guid":{"rendered":"https:\/\/www.europesays.com\/fr\/176081\/"},"modified":"2025-06-14T14:23:12","modified_gmt":"2025-06-14T14:23:12","slug":"avant-premiere-tout-pour-la-lumiere-du-lundi-16-juin-2025-episode-1-tf1","status":"publish","type":"post","link":"https:\/\/www.europesays.com\/fr\/176081\/","title":{"rendered":"Avant-premi\u00e8re &#8211; Tout pour la lumi\u00e8re du lundi 16 juin 2025 &#8211; Episode 1 &#8211; TF1+"},"content":{"rendered":"<ol>\n<li><a href=\"https:\/\/news.google.com\/rss\/articles\/CBMizAFBVV95cUxORHlTNkpEOVJkUzQ2REdXRkNwcGt4aU9VRVFIZGphalRRRWI2N25ubUF6dmNob1U2bTNNUzVWZWJubUJ5ZFVkelc4cW9CaE5LWF9hSUJSZ0p6blBGVTFwQVlrNUpnUFdOM3hkUDQwVWtsZE1aZjVzWkhJVy12UjhtX1pJVEdQbWgwRWpRZHN6MUF6RjNkUWxIWWU2SUh1V3RCM3I4VUF6X2R5R25iYU00OGg2YUZIaTJjd1RkNEZtcFEta2lfR3hESzRmUVU?oc=5\" target=\"_blank\" rel=\"noopener\">Avant-premi\u00e8re &#8211; Tout pour la lumi\u00e8re du lundi 16 juin 2025 &#8211; Episode 1<\/a>&nbsp;&nbsp;TF1+<\/li>\n<li><a href=\"https:\/\/news.google.com\/rss\/articles\/CBMi3gFBVV95cUxORS1lZ25RZzZHbjNyMDZiTG5SdF9lcVhKT1EwMUNHNmVILWhqSkE0LWxxV3VyN0NZM3haVVNoMWdGLXZ4VkpqTHpPeEtSV1hVQUJPZThjc0JuaGZidXl0Tm91S3hRelphNXFMalhMUE1QWWVRRU5MV0sxT2dHSlVPel9pVFlMVTNSbkpCM0ExMVJQTUc3WGNVWXFsbS01TDh6NE1meGN2WUdhWmpPVng4OFZBN2VfT2VZVzdoV0hwRHV5WDdEYjVWTlRFalkxTjkyNXhjMk1sTlNOd0RYYVE?oc=5\" target=\"_blank\" rel=\"noopener\">\u00ab Tout pour la lumi\u00e8re \u00bb : dans les coulisses de la nouvelle s\u00e9rie quotidienne sign\u00e9e TF1 et Netflix<\/a>&nbsp;&nbsp;Les Echos<\/li>\n<li><a href=\"https:\/\/news.google.com\/rss\/articles\/CBMi0wFBVV95cUxOa3ZqYVUtcGVjbzFTZ3ctNlg5T0VKWUk1dGNXZEJYUlp1enhKR1c0QllmczZjakUwTzY2Y290ZmlYbjNsektCQ0xYT2FCcGJQcjJpZW4wcnppVlZnLWdqd3Q0WmdrVkRkNktKeEhiMWhGT29vVlpLN00xWVFQd3ROSExkVS1kUUNETW9mdEhSR1lacU4yeGhaRkU3RHZPUlBFRi0zVUdSUUFDQjVYaWM3b3ZXYmFoVVl1V2R4dHQtYkd0amx4MGR6SGVLY1NPTnF6Yncw?oc=5\" target=\"_blank\" rel=\"noopener\">\u00ab J\u2019ai perdu 15 kilos \u00bb : Lannick Gautry nous parle de son r\u00f4le dans \u00ab\u00a0Tout pour la lumi\u00e8re\u00a0\u00bb<\/a>&nbsp;&nbsp;Le Dauphin\u00e9 Lib\u00e9r\u00e9<\/li>\n<li><a href=\"https:\/\/news.google.com\/rss\/articles\/CBMiogFBVV95cUxPTVhWZFBjZmp4azlad1d5TWIxYVVEOUtUYlBiNmRyQk1oamd0TUpRV0JSaGJuVXAzR3htdGw4X3ctZ0s3SzFjWW5lQzktWWQ2dVNya2VKRGp4RUJaMkllX09aNnZDN25sSERYWm00NW5ieGkxWHJzVzJNbFRVZnFUT2NEd1BmNWhINFA4bzlzdTVkdVZBQ1FablJfVkVKdzhJSlE?oc=5\" target=\"_blank\" rel=\"noopener\">\u00ab\u00a0Tout pour la lumi\u00e8re\u00a0\u00bb sur TF1 : qui sont les acteurs de la s\u00e9rie ?<\/a>&nbsp;&nbsp;NRJ<\/li>\n<li><a href=\"https:\/\/news.google.com\/rss\/articles\/CBMifkFVX3lxTE1xeHVDUS16X2E2ZkFMclYyVkh5NnU1amdER1d2Y0ZRNDFWTUFhUDZzN2FReGhoZ1VubVk5T3dsbl85UDdrSDRtUENnTVBWZkkxTFF3VFBEWW5WeTcxaGM1VG5HNm9XNl9ZNFJQeWFwRnpUbVFud3pvQy11dnZ6Zw?oc=5\" target=\"_blank\" rel=\"noopener\">Tout pour la lumi\u00e8re : \u00ab\u00a0Je suis honor\u00e9 de reprendre cette chanson\u00a0\u00bb, les confidences de Cl\u00e9ment Massy (Eden) sur cet \u00e9norme tube qu&rsquo;il interpr\u00e8te dans la s\u00e9rie<\/a>&nbsp;&nbsp;AlloCin\u00e9<\/li>\n<\/ol>\n","protected":false},"excerpt":{"rendered":"Avant-premi\u00e8re &#8211; Tout pour la lumi\u00e8re du lundi 16 juin 2025 &#8211; Episode 1&nbsp;&nbsp;TF1+ \u00ab Tout pour la&hellip;\n","protected":false},"author":2,"featured_media":176082,"comment_status":"","ping_status":"","sticky":false,"template":"","format":"standard","meta":{"footnotes":""},"categories":[1356],"tags":[58,59,1365,31167,1011,27,31171,252,31169,31168,1364,31172,31170],"class_list":{"0":"post-176081","1":"post","2":"type-post","3":"status-publish","4":"format-standard","5":"has-post-thumbnail","7":"category-television","8":"tag-divertissement","9":"tag-entertainment","10":"tag-episode","11":"tag-episode-tout-pour-la-lumiere","12":"tag-fr","13":"tag-france","14":"tag-streaming-tout-pour-la-lumiere","15":"tag-television","16":"tag-tout-pour-la-lumiere","17":"tag-tout-pour-la-lumiere-episode","18":"tag-tv","19":"tag-video-en-streaming-tout-pour-la-lumiere","20":"tag-video-tout-pour-la-lumiere"},"share_on_mastodon":{"url":"https:\/\/pubeurope.com\/@fr\/114682174130889754","error":""},"_links":{"self":[{"href":"https:\/\/www.europesays.com\/fr\/wp-json\/wp\/v2\/posts\/176081","targetHints":{"allow":["GET"]}}],"collection":[{"href":"https:\/\/www.europesays.com\/fr\/wp-json\/wp\/v2\/posts"}],"about":[{"href":"https:\/\/www.europesays.com\/fr\/wp-json\/wp\/v2\/types\/post"}],"author":[{"embeddable":true,"href":"https:\/\/www.europesays.com\/fr\/wp-json\/wp\/v2\/users\/2"}],"replies":[{"embeddable":true,"href":"https:\/\/www.europesays.com\/fr\/wp-json\/wp\/v2\/comments?post=176081"}],"version-history":[{"count":0,"href":"https:\/\/www.europesays.com\/fr\/wp-json\/wp\/v2\/posts\/176081\/revisions"}],"wp:featuredmedia":[{"embeddable":true,"href":"https:\/\/www.europesays.com\/fr\/wp-json\/wp\/v2\/media\/176082"}],"wp:attachment":[{"href":"https:\/\/www.europesays.com\/fr\/wp-json\/wp\/v2\/media?parent=176081"}],"wp:term":[{"taxonomy":"category","embeddable":true,"href":"https:\/\/www.europesays.com\/fr\/wp-json\/wp\/v2\/categories?post=176081"},{"taxonomy":"post_tag","embeddable":true,"href":"https:\/\/www.europesays.com\/fr\/wp-json\/wp\/v2\/tags?post=176081"}],"curies":[{"name":"wp","href":"https:\/\/api.w.org\/{rel}","templated":true}]}}