{"id":176091,"date":"2025-06-14T14:28:13","date_gmt":"2025-06-14T14:28:13","guid":{"rendered":"https:\/\/www.europesays.com\/fr\/176091\/"},"modified":"2025-06-14T14:28:13","modified_gmt":"2025-06-14T14:28:13","slug":"tous-les-membres-actifs-de-la-famille-royale-britannique-rejoignent-charles-iii-au-balcon-pour-son-anniversaire-public","status":"publish","type":"post","link":"https:\/\/www.europesays.com\/fr\/176091\/","title":{"rendered":"Tous les membres actifs de la famille royale britannique rejoignent Charles III au balcon pour son anniversaire public"},"content":{"rendered":"<p>Ce 14 juin 2025, le roi Charles III \u00e9tait entour\u00e9, comme chaque ann\u00e9e, de tous les membres actifs de la famille royale, pour assister \u00e0 la traditionnelle parade de Trooping the Colour. La manifestation militaire, qui fait office de c\u00e9l\u00e9bration d\u2019anniversaire public du souverain, s\u2019est conclue par la traditionnelle apparition au balcon du palais de Buckingham.<\/p>\n<p><strong>Lire aussi : <a href=\"https:\/\/histoiresroyales.fr\/famille-royale-reunie-roi-charles-iii-celebrer-anniversaire-autour-couleurs-britanniques\/\" target=\"_blank\" rel=\"noopener\">La famille royale r\u00e9unie autour du roi Charles III pour c\u00e9l\u00e9brer son anniversaire public autour des couleurs britanniques<\/a><\/strong><\/p>\n<p>Quatorze membres de la famille royale au balcon pour le survol de Trooping the Colour 2025<\/p>\n<p>Ce 14 juin 2025, le roi Charles III assistait au Trooping the Colour entour\u00e9 de sa famille. Trooping the Colour est une parade militaire organis\u00e9e en l\u2019honneur du souverain britannique depuis 1748. \u00c0 partir du 19e si\u00e8cle, l\u2019\u00e9v\u00e9nement s\u2019est formalis\u00e9 et est organis\u00e9 annuellement le deuxi\u00e8me samedi du mois de juin. Trooping the Colour fait office de c\u00e9l\u00e9bration d\u2019anniversaire du souverain.  <\/p>\n<p><img fetchpriority=\"high\" decoding=\"async\" width=\"1300\" height=\"867\" src=\"https:\/\/www.europesays.com\/fr\/wp-content\/uploads\/2025\/06\/famille-royale-complet-balcon-2025-trooping.jpg\" alt=\"\" class=\"wp-image-208700 lazyload\" data-  \/>Tous les membres actifs de la famille royale britannique font une apparition au balcon du palais de Buckingham pour observer le survol a\u00e9rien (Photo : Jonathan Brady\/PA Wire\/ABACAPRESS.COM)<\/p>\n<p><img loading=\"lazy\" decoding=\"async\" width=\"1300\" height=\"884\" src=\"https:\/\/www.europesays.com\/fr\/wp-content\/uploads\/2025\/06\/apparition-balcon-2025-famille-royale-britannique-trooping.jpg\" alt=\"\" class=\"wp-image-208694 lazyload\" data-  \/>La famille royale britannique au balcon pour assister au survol des Red Arrows (Photo : Aaron Chown\/PA Wire\/ABACAPRESS.COM)<\/p>\n<p><strong>Lire aussi : <a href=\"https:\/\/histoiresroyales.fr\/princesse-de-galles-envoie-message-enfants-collier-jour-14e-anniversaire-mariage-prince-william\/\" target=\"_blank\" rel=\"noopener\">La princesse de Galles envoie un message \u00e0 ses enfants en portant ce collier le jour de son 14e anniversaire de mariage avec le prince William<\/a><\/strong><\/p>\n<p>Apr\u00e8s la parade militaire \u00e0 Horse Guards Parade, la famille royale rentre au palais de Buckingham, puis fait une apparition au balcon. Depuis le balcon, les Windsor assistent \u00e0 un d\u00e9fil\u00e9 et au survol a\u00e9rien des Red Arrows, la patrouille acrobatique de la Royal Air Force. Depuis 2022, seuls les membres actifs de la famille royale sont convi\u00e9s \u00e0 se rendre sur le balcon. Auparavant, plus d\u2019une quarantaine de membres de la famille royale \u00e9taient invit\u00e9s \u00e0 se pr\u00e9senter au balcon, y compris des cousins \u00e9loign\u00e9s.<\/p>\n<p><img loading=\"lazy\" decoding=\"async\" width=\"1300\" height=\"867\" src=\"https:\/\/www.europesays.com\/fr\/wp-content\/uploads\/2025\/06\/famille-royale-britannique-balcon-2025-trooping-gloucester-kent.jpg\" alt=\"\" class=\"wp-image-208707 lazyload\" data-  \/>La duchesse de Gloucester, le duc de Gloucester, la duchesse d\u2019\u00c9dimbourg, le duc de Kent et Sir Timothy Laurence au balcon (Photo : Aaron Chown\/PA Wire\/ABACAPRESS.COM)<\/p>\n<p><strong>Lire aussi : <a href=\"https:\/\/histoiresroyales.fr\/princesse-charlotte-assortie-princesse-de-galles-trooping-the-colour\/\" target=\"_blank\" rel=\"noopener\">La princesse Charlotte assortie \u00e0 la princesse de Galles au Trooping the Colour 2025<\/a><\/strong><\/p>\n<p>Les membres actifs de la famille royale sont le prince et la princesse de Galles, la princesse Anne et son \u00e9poux, Sir Timothy Laurence, le duc et la duchesse d\u2019\u00c9dimbourg, le duc et la duchesse de Gloucester et le duc de Kent. Le prince George, la princesse Charlotte et le prince Louis de Galles sont aussi pr\u00e9sents sur le balcon en tant que descendant de l\u2019h\u00e9ritier du tr\u00f4ne. <\/p>\n<p>\t\t<strong>Tous les articles sur<\/strong><br \/>\n\t\t<a href=\"https:\/\/histoiresroyales.fr\/tag\/balcon\/\" title=\"\" target=\"_blank\" rel=\"noopener\">balcon<\/a>, <a href=\"https:\/\/histoiresroyales.fr\/tag\/birgitte-van-deurs\/\" title=\"\" target=\"_blank\" rel=\"noopener\">Birgitte van Deurs<\/a>, <a href=\"https:\/\/histoiresroyales.fr\/tag\/camilla-parker-bowles\/\" title=\"\" target=\"_blank\" rel=\"noopener\">Camilla Parker Bowles<\/a>, <a href=\"https:\/\/histoiresroyales.fr\/tag\/charlotte-de-cambridge\/\" title=\"\" target=\"_blank\" rel=\"noopener\">Charlotte de Cambridge<\/a>, <a href=\"https:\/\/histoiresroyales.fr\/tag\/edward-de-kent\/\" title=\"\" target=\"_blank\" rel=\"noopener\">Edward de Kent<\/a>, <a href=\"https:\/\/histoiresroyales.fr\/tag\/george-de-cambridge\/\" title=\"\" target=\"_blank\" rel=\"noopener\">George de Cambridge<\/a>, <a href=\"https:\/\/histoiresroyales.fr\/tag\/kate-middleton\/\" title=\"\" target=\"_blank\" rel=\"noopener\">Kate Middleton<\/a>, <a href=\"https:\/\/histoiresroyales.fr\/tag\/louis-de-cambridge\/\" title=\"\" target=\"_blank\" rel=\"noopener\">Louis de Cambridge<\/a>, <a href=\"https:\/\/histoiresroyales.fr\/tag\/palais-de-buckingham\/\" title=\"\" target=\"_blank\" rel=\"noopener\">Palais de Buckingham<\/a>, <a href=\"https:\/\/histoiresroyales.fr\/tag\/prince-edward\/\" title=\"\" target=\"_blank\" rel=\"noopener\">Prince Edward<\/a>, <a href=\"https:\/\/histoiresroyales.fr\/tag\/prince-william\/\" title=\"\" target=\"_blank\" rel=\"noopener\">Prince William<\/a>, <a href=\"https:\/\/histoiresroyales.fr\/tag\/princesse-anne\/\" title=\"\" target=\"_blank\" rel=\"noopener\">princesse Anne<\/a>, <a href=\"https:\/\/histoiresroyales.fr\/tag\/richard-de-gloucester\/\" title=\"\" target=\"_blank\" rel=\"noopener\">Richard de Gloucester<\/a>, <a href=\"https:\/\/histoiresroyales.fr\/tag\/prince-charles\/\" title=\"\" target=\"_blank\" rel=\"noopener\">Roi Charles III<\/a>, <a href=\"https:\/\/histoiresroyales.fr\/tag\/sophie-de-wessex\/\" title=\"\" target=\"_blank\" rel=\"noopener\">Sophie de Wessex<\/a>, <a href=\"https:\/\/histoiresroyales.fr\/tag\/timothy-laurence\/\" title=\"\" target=\"_blank\" rel=\"noopener\">Timothy Laurence<\/a>\t<\/p>\n<p>\t\t\t\t<img loading=\"lazy\" alt=\"Avatar photo\" src=\"https:\/\/www.europesays.com\/fr\/wp-content\/uploads\/2025\/04\/1516945716303-164x164.jpeg\"  class=\"avatar avatar-164 photo lazyload\" height=\"164\" width=\"164\" decoding=\"async\"\/><br \/>\n\t\t<a href=\"https:\/\/histoiresroyales.fr\/author\/royaliste123\/\" target=\"_blank\" rel=\"noopener\">Nicolas Fontaine<\/a><br \/>\n\t\t\t\t\tR\u00e9dacteur en chef<\/p>\n<p>Nicolas Fontaine a \u00e9t\u00e9 concepteur-r\u00e9dacteur et auteur pour de nombreuses marques et m\u00e9dias belges et fran\u00e7ais. Sp\u00e9cialiste de l&rsquo;actualit\u00e9 des familles royales, Nicolas a fond\u00e9 le site Histoires royales dont il est le r\u00e9dacteur en chef.&#13;<br \/>\n&#13;<br \/>\nnicolas@histoiresroyales.fr<\/p>\n<p>\t\t\t\t\t\t\t<a href=\"https:\/\/twitter.com\/ActusRoyales\" class=\"boxed-icon fill twitter\" target=\"_blank\" rel=\"noopener\"><\/a><br \/>\n\t\t\t\t\t\t\t\t\t<a href=\"https:\/\/www.instagram.com\/histoiresroyales.fr\/\" class=\"boxed-icon fill instagram\" target=\"_blank\" rel=\"noopener\"><\/a><\/p>\n<p>\t\t\t\t\t\t\t\t\t\t\t\t\t<script async src=\"https:\/\/platform.twitter.com\/widgets.js\" charset=\"utf-8\"><\/script><script async src=\"\/\/www.instagram.com\/embed.js\"><\/script><\/p>\n","protected":false},"excerpt":{"rendered":"Ce 14 juin 2025, le roi Charles III \u00e9tait entour\u00e9, comme chaque ann\u00e9e, de tous les membres actifs&hellip;\n","protected":false},"author":2,"featured_media":176092,"comment_status":"","ping_status":"","sticky":false,"template":"","format":"standard","meta":{"footnotes":""},"categories":[8],"tags":[14071,22379,4793,31173,58,31174,59,1011,27,10801,5858,31175,17421,31176,3936,31177,31178,4795,31179,31180],"class_list":{"0":"post-176091","1":"post","2":"type-post","3":"status-publish","4":"format-standard","5":"has-post-thumbnail","7":"category-divertissement","8":"tag-balcon","9":"tag-birgitte-van-deurs","10":"tag-camilla-parker-bowles","11":"tag-charlotte-de-cambridge","12":"tag-divertissement","13":"tag-edward-de-kent","14":"tag-entertainment","15":"tag-fr","16":"tag-france","17":"tag-george-de-cambridge","18":"tag-kate-middleton","19":"tag-louis-de-cambridge","20":"tag-palais-de-buckingham","21":"tag-prince-edward","22":"tag-prince-william","23":"tag-princesse-anne","24":"tag-richard-de-gloucester","25":"tag-roi-charles-iii","26":"tag-sophie-de-wessex","27":"tag-timothy-laurence"},"share_on_mastodon":{"url":"https:\/\/pubeurope.com\/@fr\/114682194261693961","error":""},"_links":{"self":[{"href":"https:\/\/www.europesays.com\/fr\/wp-json\/wp\/v2\/posts\/176091","targetHints":{"allow":["GET"]}}],"collection":[{"href":"https:\/\/www.europesays.com\/fr\/wp-json\/wp\/v2\/posts"}],"about":[{"href":"https:\/\/www.europesays.com\/fr\/wp-json\/wp\/v2\/types\/post"}],"author":[{"embeddable":true,"href":"https:\/\/www.europesays.com\/fr\/wp-json\/wp\/v2\/users\/2"}],"replies":[{"embeddable":true,"href":"https:\/\/www.europesays.com\/fr\/wp-json\/wp\/v2\/comments?post=176091"}],"version-history":[{"count":0,"href":"https:\/\/www.europesays.com\/fr\/wp-json\/wp\/v2\/posts\/176091\/revisions"}],"wp:featuredmedia":[{"embeddable":true,"href":"https:\/\/www.europesays.com\/fr\/wp-json\/wp\/v2\/media\/176092"}],"wp:attachment":[{"href":"https:\/\/www.europesays.com\/fr\/wp-json\/wp\/v2\/media?parent=176091"}],"wp:term":[{"taxonomy":"category","embeddable":true,"href":"https:\/\/www.europesays.com\/fr\/wp-json\/wp\/v2\/categories?post=176091"},{"taxonomy":"post_tag","embeddable":true,"href":"https:\/\/www.europesays.com\/fr\/wp-json\/wp\/v2\/tags?post=176091"}],"curies":[{"name":"wp","href":"https:\/\/api.w.org\/{rel}","templated":true}]}}