{"id":176095,"date":"2025-06-14T14:30:11","date_gmt":"2025-06-14T14:30:11","guid":{"rendered":"https:\/\/www.europesays.com\/fr\/176095\/"},"modified":"2025-06-14T14:30:11","modified_gmt":"2025-06-14T14:30:11","slug":"le-vietnam-va-augmenter-ses-taxes-a-90-dici-2031","status":"publish","type":"post","link":"https:\/\/www.europesays.com\/fr\/176095\/","title":{"rendered":"le Vietnam va augmenter ses taxes \u00e0 90% d&rsquo;ici 2031"},"content":{"rendered":"<p>Comptant 100 millions d\u2019habitants, le Vietnam se classait au septi\u00e8me rang mondial pour la consommation de bi\u00e8re en 2022, selon un rapport de Kirin Holdings, une soci\u00e9t\u00e9 brassicole japonaise.<\/p>\n<p class=\"fig-paragraph\">Le\u00a0<a href=\"http:\/\/www.lefigaro.fr\/flash-actu\/le-vietnam-met-fin-a-la-limite-de-deux-enfants-par-famille-20250604\" data-fig-type=\"NewsFlash\" data-gtm-custom-categorie=\"navigation\" data-gtm-custom-action=\"crossclick\" data-gtm-custom-label=\"Contextuel\" data-gtm-event=\"customEventSPE\" data-fig-domain=\"LEFIGARO\" target=\"_blank\" rel=\"noopener\">Vietnam<\/a>\u00a0a d\u00e9cid\u00e9 samedi d&rsquo;augmenter ses taxes sur la bi\u00e8re et les boissons fortement alcoolis\u00e9es \u00e0 90% d&rsquo;ici 2031, contre 65% actuellement, ont rapport\u00e9 les m\u00e9dias d&rsquo;\u00c9tat. Le taux d&rsquo;imposition des boissons alcoolis\u00e9es ayant une teneur en alcool sup\u00e9rieure \u00e0 20% et de toutes les bi\u00e8res augmentera de cinq points de pourcentage par an \u00e0 partir de 2027 jusqu&rsquo;\u00e0 atteindre 90% en 2031, selon la nouvelle l\u00e9gislation vot\u00e9e par l&rsquo;Assembl\u00e9e nationale.<\/p>\n<p class=\"fig-paragraph\">Les taxes augmenteront \u00e9galement de cinq points de pourcentage par an pour les autres boissons dont la teneur en alcool est inf\u00e9rieure \u00e0 20%, qui sont actuellement soumises \u00e0 une taxe de 35%, pour atteindre 60% en 2031. Les d\u00e9put\u00e9s ont \u00e9galement approuv\u00e9 une nouvelle taxe de 8% sur les boissons contenant plus de 5 grammes de sucre par 100 millilitres, qui entrera en vigueur en 2027 et passera \u00e0 10% en 2028. Les ventes de bi\u00e8re au Vietnam ont \u00e9t\u00e9 touch\u00e9es par l&rsquo;introduction d&rsquo;une r\u00e8gle stricte de z\u00e9ro alcool pour les conducteurs en 2019.<\/p>\n<p class=\"fig-body-link\">\n            \u00c0 lire aussi<br \/>\n        <a class=\"fig-body-link__link\" href=\"http:\/\/madame.lefigaro.fr\/bien-etre\/j-ai-arrete-l-alcool-a-50-ans-non-par-conviction-mais-parce-que-mon-corps-m-y-a-contrainte-elizabeth-52-ans-et-l-alcool-en-vieillissant-20250509\" data-fig-type=\"Article\" data-gtm-custom-categorie=\"navigation\" data-gtm-custom-action=\"crossclick\" data-gtm-custom-label=\"Contextuel\" data-gtm-event=\"customEventSPE\" data-fig-domain=\"MADAME\" target=\"_blank\" rel=\"noopener\">\u00abJ\u2019ai arr\u00eat\u00e9 l\u2019alcool \u00e0 50 ans, non par conviction, mais parce que mon corps m\u2019y a contrainte\u00bb\u00a0: Elizabeth, 52 ans, et l\u2019alcool en vieillissant<br \/>\n    <\/a>\n<\/p>\n<p class=\"fig-paragraph\">La culture de la boisson (alcoolis\u00e9e) au Vietnam a \u00abdes racines bien trop profondes pour \u00eatre enray\u00e9e par la seule politique\u00bb, estime cependant Dan Martin, conseiller en affaires internationales au cabinet de conseil Dezan Shira &amp; Associates. \u00abCes mesures vont ralentir le march\u00e9 mais pas le condamner\u00bb. Selon Dan Martin, des changements de comportement \u00e9taient d\u00e9j\u00e0 en cours, de plus en plus de Vietnamiens consommant de l&rsquo;alcool \u00e0 la maison plut\u00f4t que dans des bars.<\/p>\n<p class=\"fig-paragraph\">Comptant 100 millions d&rsquo;habitants, le Vietnam se classait au septi\u00e8me rang mondial pour la consommation de bi\u00e8re en 2022, selon un rapport de Kirin Holdings, une soci\u00e9t\u00e9 brassicole japonaise. Pr\u00e8s de 41.000 Vietnamiens meurent chaque ann\u00e9e \u00e0 cause de la consommation d&rsquo;alcool, selon le minist\u00e8re vietnamien de la Sant\u00e9.<\/p>\n","protected":false},"excerpt":{"rendered":"Comptant 100 millions d\u2019habitants, le Vietnam se classait au septi\u00e8me rang mondial pour la consommation de bi\u00e8re en&hellip;\n","protected":false},"author":2,"featured_media":176096,"comment_status":"","ping_status":"","sticky":false,"template":"","format":"standard","meta":{"footnotes":""},"categories":[6],"tags":[339,5702,340,35,343,345,350,130,344,352,349,33,34,341,313,1011,27,346,342,353,351,347,348,2549,354,951],"class_list":{"0":"post-176095","1":"post","2":"type-post","3":"status-publish","4":"format-standard","5":"has-post-thumbnail","7":"category-economie","8":"tag-actualite-economique","9":"tag-alcool","10":"tag-bourse","11":"tag-business","12":"tag-cac-40","13":"tag-chef-dentreprise","14":"tag-concurrence","15":"tag-consommation","16":"tag-creation-dentreprise","17":"tag-crise","18":"tag-delocalisations","19":"tag-economie","20":"tag-economy","21":"tag-emploi","22":"tag-entreprises","23":"tag-fr","24":"tag-france","25":"tag-grands-patrons","26":"tag-impots","27":"tag-licenciements","28":"tag-monopole","29":"tag-multinationales","30":"tag-privatisation","31":"tag-taxe","32":"tag-unio","33":"tag-vietnam"},"share_on_mastodon":{"url":"https:\/\/pubeurope.com\/@fr\/114682201932963991","error":""},"_links":{"self":[{"href":"https:\/\/www.europesays.com\/fr\/wp-json\/wp\/v2\/posts\/176095","targetHints":{"allow":["GET"]}}],"collection":[{"href":"https:\/\/www.europesays.com\/fr\/wp-json\/wp\/v2\/posts"}],"about":[{"href":"https:\/\/www.europesays.com\/fr\/wp-json\/wp\/v2\/types\/post"}],"author":[{"embeddable":true,"href":"https:\/\/www.europesays.com\/fr\/wp-json\/wp\/v2\/users\/2"}],"replies":[{"embeddable":true,"href":"https:\/\/www.europesays.com\/fr\/wp-json\/wp\/v2\/comments?post=176095"}],"version-history":[{"count":0,"href":"https:\/\/www.europesays.com\/fr\/wp-json\/wp\/v2\/posts\/176095\/revisions"}],"wp:featuredmedia":[{"embeddable":true,"href":"https:\/\/www.europesays.com\/fr\/wp-json\/wp\/v2\/media\/176096"}],"wp:attachment":[{"href":"https:\/\/www.europesays.com\/fr\/wp-json\/wp\/v2\/media?parent=176095"}],"wp:term":[{"taxonomy":"category","embeddable":true,"href":"https:\/\/www.europesays.com\/fr\/wp-json\/wp\/v2\/categories?post=176095"},{"taxonomy":"post_tag","embeddable":true,"href":"https:\/\/www.europesays.com\/fr\/wp-json\/wp\/v2\/tags?post=176095"}],"curies":[{"name":"wp","href":"https:\/\/api.w.org\/{rel}","templated":true}]}}