{"id":176099,"date":"2025-06-14T14:32:27","date_gmt":"2025-06-14T14:32:27","guid":{"rendered":"https:\/\/www.europesays.com\/fr\/176099\/"},"modified":"2025-06-14T14:32:27","modified_gmt":"2025-06-14T14:32:27","slug":"un-traite-pour-mettre-fin-a-la-pollution-plastique-est-il-possible","status":"publish","type":"post","link":"https:\/\/www.europesays.com\/fr\/176099\/","title":{"rendered":"Un trait\u00e9 pour \u00ab\u00a0mettre fin \u00e0 la pollution plastique\u00a0\u00bb est-il possible ?"},"content":{"rendered":"<p class=\"chapo\">Alors que les scientifiques font \u00e9tat d\u2019une contamination g\u00e9n\u00e9ralis\u00e9e des \u00e9cosyst\u00e8mes et des corps humains au plastique, 95 pays, dont la France, ont joint leur voix pour \u00ab\u00a0l\u2019appel de Nice\u00a0\u00bb. Une proposition d\u2019un trait\u00e9 contraignant pour \u00ab\u00a0mettre fin \u00e0 la pollution plastique\u00a0\u00bb, et ainsi peser sur les n\u00e9gociations internationales sur le sujet qui auront lieu en ao\u00fbt \u00e0 Gen\u00e8ve.<\/p>\n<p><img fetchpriority=\"high\" decoding=\"async\" width=\"1920\" height=\"1080\" src=\"https:\/\/www.natura-sciences.com\/wp-content\/uploads\/2025\/06\/pollution-plastique-plage.jpg\" alt=\"\" class=\"wp-image-40952 jetpack-lazy-image\" data-lazy- data-lazy- data-lazy-src=\"http:\/\/www.natura-sciences.com\/wp-content\/uploads\/2025\/06\/pollution-plastique-plage.jpg?is-pending-load=1\" \/>La production de plastique a doubl\u00e9 en vingt ans. \/\/Photo : AdobeStock<\/p>\n<p>Est-il possible d\u2019inverser la courbe ? La production de plastique a doubl\u00e9 depuis l\u2019an 2000, atteignant 435 millions de tonnes en 2020. Et ce n\u2019est peut-\u00eatre qu\u2019un d\u00e9but. Elle devrait encore augmenter de 70 % d\u2019ici 2040 pour atteindre 736 millions de tonnes si rien n\u2019est fait <a href=\"https:\/\/www.diplomatie.gouv.fr\/fr\/politique-etrangere-de-la-france\/climat-et-environnement\/actualites-et-evenements\/2025\/article\/unoc-3-95-pays-signent-l-appel-de-nice-pour-un-traite-ambitieux-sur-les\" target=\"_blank\" rel=\"noopener\">selon l\u2019Organisation de coop\u00e9ration et de d\u00e9veloppement \u00e9conomiques (OCDE)<\/a>. Ce mat\u00e9riau si pratique pollue presque tous les \u00e9cosyst\u00e8mes, sur terre et bien s\u00fbr dans les mers.<\/p>\n<p>Au sommet de l\u2019Oc\u00e9an de l\u2019ONU qui a lieu du 9 au 13 juin \u00e0 Nice, 95 pays, dont la France, ont sign\u00e9 l\u2019Appel de Nice pour obtenir un \u00ab\u00a0trait\u00e9 ambitieux\u00a0\u00bb afin d\u2019en finir avec la pollution plastique. \u201cNous n\u2019abandonnerons pas. Nous devons r\u00e9duire notre consommation et notre production de plastique\u201d, a d\u00e9clar\u00e9 la ministre fran\u00e7aise de la Transition \u00e9cologique Agn\u00e8s Pannier-Runacher lors d\u2019une conf\u00e9rence de presse.<\/p>\n<p>Peser sur les n\u00e9gociations internationales<\/p>\n<p>Le timing n\u2019a rien d\u2019un hasard, puisqu\u2019en ao\u00fbt prochain, de l\u2019autre c\u00f4t\u00e9 des Alpes se tiendront \u00e0 Gen\u00e8ve des n\u00e9gociations pour la conception d\u2019un trait\u00e9 mondial sur le plastique. L\u2019objectif est d\u2019arriver \u00e0 un accord contraignant, m\u00eame si les pays p\u00e9troliers bloquent depuis des ann\u00e9es l\u2019\u00e9mergence d\u2019un tel texte. L\u2019ann\u00e9e derni\u00e8re, les n\u00e9gociations organis\u00e9es \u00e0 Busan, en Cor\u00e9e du Sud, avaient \u00e9chou\u00e9.<\/p>\n<p><strong>Lire aussi <\/strong>: <strong><a href=\"https:\/\/www.natura-sciences.com\/agir\/traite-pollution-plastique-oceans-plastique.html\" target=\"_blank\" rel=\"noopener\">Tribune : \u00ab\u00a0Il faut s\u2019attaquer \u00e0 la pollution plastique \u00e0 la source \u00e0 tous les niveaux\u00a0\u00bb<\/a><\/strong><\/p>\n<p>Les \u00c9tats-Unis et la Chine sont les grands absents de cet appel, mais la France et les autres pays signataires esp\u00e8rent pouvoir cr\u00e9er un momentum pour mettre la pression et obtenir un \u00ab\u00a0accord historique\u00a0\u00bb. Les mesures propos\u00e9es sont en effet ambitieuses, la principale \u00e9tant la fixation d\u2019un objectif mondial de r\u00e9duction de l\u2019utilisation de plastique. Les \u00c9tats signataires devraient aussi publier les chiffres de production, d\u2019importation et d\u2019exportation des polym\u00e8res plastiques primaires pour \u00e9valuer leurs efforts.<\/p>\n<p><strong>Diminuer le nombre de substances autoris\u00e9es pour garder le contr\u00f4le<\/strong><\/p>\n<p>En compl\u00e9ment, l\u2019appel de Nice veut \u00ab\u00a0mettre en place une obligation juridiquement contraignante pour \u00e9liminer progressivement les produits plastiques les plus probl\u00e9matiques et les substances chimiques pr\u00e9occupantes\u00a0\u00bb. Pour cela, il faudrait une liste des substances dangereuses pour l\u2019environnement, ce qui repr\u00e9sente un travail scientifique titanesque. \u00ab\u00a0Plus de 16 000 produits chimiques pr\u00e9sents dans les plastiques ont \u00e9t\u00e9 identifi\u00e9s mais nous n\u2019en connaissons m\u00eame pas la moiti\u00e9 ni leur toxicit\u00e9 pour la faune marine\u00a0\u00bb, explique dans le T\u00e9l\u00e9gramme Ika Paul-Pont, directrice de recherche au CNRS et sp\u00e9cialiste des pollutions plastiques.<\/p>\n<p><strong>Lire aussi : <a href=\"https:\/\/www.natura-sciences.com\/comprendre\/comment-lalimentation-dopee-au-plastique-nous-menace.html\" target=\"_blank\" rel=\"noopener\">Comment l\u2019alimentation dop\u00e9e au plastique nous menace ?<\/a><\/strong><\/p>\n<p>En clair, c\u2019est une sorte de trait\u00e9 de non-prolif\u00e9ration des substances chimiques que veulent d\u00e9ployer les \u00c9tats signataires, alors que les chercheurs font \u00e9tat d\u2019une contamination g\u00e9n\u00e9ralis\u00e9e. Une <a href=\"https:\/\/www.cnrs.fr\/fr\/actualite\/plastiques-un-casse-tete-insoluble\" target=\"_blank\" rel=\"noopener\">r\u00e9cente analyse<\/a> men\u00e9e par le CNRS et l\u2019Inrae mentionne qu\u2019en France, chaque hectare de terre contient 244 kilogrammes de plastique. En grande majorit\u00e9 sous forme de microparticules qui s\u2019infiltrent dans les \u00e9cosyst\u00e8mes, et \u00e0 terme, dans les corps humains.<\/p>\n<p><strong>Des propositions salu\u00e9es par les ONG<\/strong><\/p>\n<p>Fait rare lors de n\u00e9gociations internationales, les associations de protection de l\u2019environnement ont salu\u00e9 les propositions de l\u2019appel de Nice. \u00ab\u00a0C\u2019est une d\u00e9claration tr\u00e8s importante, <a href=\"https:\/\/www.instagram.com\/p\/DK1_foVIfUR\/\" target=\"_blank\" rel=\"noopener\">a salu\u00e9 sur TV5 Monde<\/a> Muriel Papin, d\u00e9l\u00e9gu\u00e9e g\u00e9n\u00e9rale de l\u2019association No plastic in my sea<strong>.<\/strong> Parce qu\u2019on a besoin d\u2019un signal des \u00c9tats et on a besoin que le trait\u00e9 n\u00e9goci\u00e9 inclut absolument la r\u00e9duction de production des plastiques.\u00a0\u00bb Les associations, les \u00c9tats et les lobbys ont maintenant rendez-vous du 5 au 14 ao\u00fbt \u00e0 Gen\u00e8ve pour des n\u00e9gociations, et un \u00e9ventuel trait\u00e9 mondial.<\/p>\n<p><script async src=\"\/\/www.instagram.com\/embed.js\"><\/script><\/p>\n","protected":false},"excerpt":{"rendered":"Alors que les scientifiques font \u00e9tat d\u2019une contamination g\u00e9n\u00e9ralis\u00e9e des \u00e9cosyst\u00e8mes et des corps humains au plastique, 95&hellip;\n","protected":false},"author":2,"featured_media":176100,"comment_status":"","ping_status":"","sticky":false,"template":"","format":"standard","meta":{"footnotes":""},"categories":[4],"tags":[11,1011,27,12,31181,25,16155],"class_list":{"0":"post-176099","1":"post","2":"type-post","3":"status-publish","4":"format-standard","5":"has-post-thumbnail","7":"category-france","8":"tag-actualites","9":"tag-fr","10":"tag-france","11":"tag-news","12":"tag-pollution-plastique","13":"tag-republique-francaise","14":"tag-transition-ecologique"},"share_on_mastodon":{"url":"https:\/\/pubeurope.com\/@fr\/114682209743250228","error":""},"_links":{"self":[{"href":"https:\/\/www.europesays.com\/fr\/wp-json\/wp\/v2\/posts\/176099","targetHints":{"allow":["GET"]}}],"collection":[{"href":"https:\/\/www.europesays.com\/fr\/wp-json\/wp\/v2\/posts"}],"about":[{"href":"https:\/\/www.europesays.com\/fr\/wp-json\/wp\/v2\/types\/post"}],"author":[{"embeddable":true,"href":"https:\/\/www.europesays.com\/fr\/wp-json\/wp\/v2\/users\/2"}],"replies":[{"embeddable":true,"href":"https:\/\/www.europesays.com\/fr\/wp-json\/wp\/v2\/comments?post=176099"}],"version-history":[{"count":0,"href":"https:\/\/www.europesays.com\/fr\/wp-json\/wp\/v2\/posts\/176099\/revisions"}],"wp:featuredmedia":[{"embeddable":true,"href":"https:\/\/www.europesays.com\/fr\/wp-json\/wp\/v2\/media\/176100"}],"wp:attachment":[{"href":"https:\/\/www.europesays.com\/fr\/wp-json\/wp\/v2\/media?parent=176099"}],"wp:term":[{"taxonomy":"category","embeddable":true,"href":"https:\/\/www.europesays.com\/fr\/wp-json\/wp\/v2\/categories?post=176099"},{"taxonomy":"post_tag","embeddable":true,"href":"https:\/\/www.europesays.com\/fr\/wp-json\/wp\/v2\/tags?post=176099"}],"curies":[{"name":"wp","href":"https:\/\/api.w.org\/{rel}","templated":true}]}}