{"id":176101,"date":"2025-06-14T14:33:11","date_gmt":"2025-06-14T14:33:11","guid":{"rendered":"https:\/\/www.europesays.com\/fr\/176101\/"},"modified":"2025-06-14T14:33:11","modified_gmt":"2025-06-14T14:33:11","slug":"pas-de-coupe-du-monde-des-clubs-pour-almada","status":"publish","type":"post","link":"https:\/\/www.europesays.com\/fr\/176101\/","title":{"rendered":"pas de Coupe du monde des clubs pour Almada"},"content":{"rendered":"<p>                            <img width=\"770\" height=\"433\" src=\"https:\/\/www.europesays.com\/fr\/wp-content\/uploads\/2025\/06\/AFP__20250309__36ZN2H7__v1__HighRes__FblFraLigue1NiceLyon-770x433.jpg\" class=\"attachment-article size-article wp-post-image\" alt=\"Thiago Almada face \u00e0 Dante lors de Nice - OL\" decoding=\"async\" fetchpriority=\"high\"  \/><\/p>\n<p>Thiago Almada face \u00e0 Dante lors de Nice \u2013 OL (Photo by Valery HACHE \/ AFP)<\/p>\n<p>Pr\u00eat\u00e9 par Botafogo \u00e0 l&rsquo;OL, Thiago Almada aurait pu jouer la Coupe du monde des clubs. Il n&rsquo;en sera rien. Cependant, on ne sait pas encore de quoi sera fait l&rsquo;avenir du milieu de terrain.<\/p>\n<p>Le cas Thiago <strong>Almada <\/strong>est un bel exemple du fonctionnement de la multipropri\u00e9t\u00e9 selon John <strong>Textor<\/strong>. En juillet 2024, il d\u00e9barque \u00e0 Botafogo, club de la <a href=\"https:\/\/www.olympique-et-lyonnais.com\/ol-eagle-football-fait-un-pas-de-plus-pour-son-entree-en-bourse,365816.html\" rel=\"nofollow noopener\" target=\"_blank\">galaxie Eagle Football<\/a>. S&rsquo;il porte le maillot des futurs vainqueurs de la Copa Libertadores, c&rsquo;est cependant bien l&rsquo;OL qui d\u00e9tient <a href=\"https:\/\/www.olympique-et-lyonnais.com\/ol-textor-eagle-football-et-jeux-decriture,363971.html\" rel=\"nofollow noopener\" target=\"_blank\">ses droits \u00e9conomiques<\/a>. Et comme il \u00e9tait pr\u00e9vu au moment de sa signature au Br\u00e9sil, l&rsquo;Argentin a rejoint l&rsquo;Olympique lyonnais en janvier 2025. <\/p>\n<p>Sauf qu&rsquo;interdits de recrutement, les Rhodaniens ont seulement pu <a href=\"https:\/\/www.olympique-et-lyonnais.com\/mercato-durcissement-des-regles-apres-le-cas-thiago-almada-ol,362700.html\" rel=\"nofollow noopener\" target=\"_blank\">se faire pr\u00eater le footballeur<\/a> de 24 ans. Il devrait donc, selon son contrat, retrouver la formation de Rio de Janeiro \u00e0 compter du 1er juillet. Il aurait m\u00eame pu, en th\u00e9orie, encha\u00eener avec elle par la Coupe du monde des clubs qui s&rsquo;ouvre dimanche 15 juin.<\/p>\n<p>Almada a peu coup\u00e9 depuis un an<\/p>\n<p>Ce ne sera pas le cas, comme nous l&rsquo;a expliqu\u00e9 l&rsquo;OL. Apr\u00e8s son stage avec l&rsquo;Argentine d\u00e9but juin, le milieu de terrain est d\u00e9sormais en vacances. Pas de Mondial cet \u00e9t\u00e9 pour le membre de l&rsquo;Albiceleste, qui a, il est vrai, peu coup\u00e9 ces derniers mois, entre les Jeux olympiques 2024, ses six mois \u00e0 Fogo&rsquo; et sa <a href=\"https:\/\/www.olympique-et-lyonnais.com\/ol-quel-impact-pour-almada-sur-cette-demi-saison,363244.html\" rel=\"nofollow noopener\" target=\"_blank\">demi-saison dans le Rh\u00f4ne<\/a>. Sans compter la s\u00e9lection, avec <a href=\"https:\/\/www.olympique-et-lyonnais.com\/ol-almada-argentine-buteur-victoire-historique-pour-niakhate-senegal,365198.html\" rel=\"nofollow noopener\" target=\"_blank\">laquelle il brille<\/a>.<\/p>\n<p>Pour lui, la question la plus importante \u00e0 pr\u00e9sent est de savoir o\u00f9 il \u00e9voluera lors de l&rsquo;exercice 2025-2026. Restera-t-il \u00e0 l&rsquo;Olympique lyonnais, o\u00f9 son int\u00e9gration fut globalement assez bonne (cinq passes d\u00e9cisive et un but en vingt apparitions) ? Retournera-t-il au sein de l&rsquo;\u00e9quipe carioca ? Rien est encore officiellement annonc\u00e9. <\/p>\n<p>Botafogo et Atlanta oppos\u00e9s sur le paiement du transfert<\/p>\n<p>Surtout que Botafogo, et par ricochet Eagle Football, doit faire fasse \u00e0 un sacr\u00e9 imbroglio au sujet de Thiago Almada. La <a href=\"https:\/\/ge.globo.com\/futebol\/times\/botafogo\/noticia\/2025\/06\/11\/botafogo-admite-divida-por-compra-de-almada-mas-recorre-de-decisao-da-fifa.ghtml\" rel=\"nofollow noopener\" target=\"_blank\">presse br\u00e9silienne<\/a> indique que le club n&rsquo;a pour l&rsquo;instant rien vers\u00e9 \u00e0 Atlanta United pour faire venir le champion du monde 2022. Lass\u00e9e d&rsquo;attendre, l&rsquo;institution am\u00e9ricaine a port\u00e9 l&rsquo;affaire devant la FIFA. <\/p>\n<p>Cette derni\u00e8re a inflig\u00e9 une amende de 130 000 euros au champion de Serie A en titre et exig\u00e9 le versement int\u00e9gral des 19,5 millions d&rsquo;euros, le montant de son transfert. Mais les dirigeants ont d\u00e9cid\u00e9 de faire appel de cette sanction car elle d\u00e9sapprouve la gestion de la situation par leurs confr\u00e8res am\u00e9ricains. <\/p>\n<p>Les explications sont complexes, mais Botafogo estime qu&rsquo;il devait payer en plusieurs fois, et sur quatre ans, cet achat, comme le pr\u00e9voyaient les n\u00e9gociations. De son c\u00f4t\u00e9, Atlanta United assure que la totalit\u00e9 de la somme doit \u00eatre r\u00e9gl\u00e9e au 30 juin 2026. <\/p>\n<p>Un pourcentage au centre du d\u00e9saccord <\/p>\n<p>Autre point de d\u00e9saccord, un pourcentage (10) auquel aurait le droit Thiago Almada d&rsquo;apr\u00e8s la r\u00e9glementation de la Major League Soccer (MLS). Or, Atlanta voulait qu&rsquo;il renonce \u00e0 cet argent. Sauf que les repr\u00e9sentants du joueur n&rsquo;\u00e9taient pas d&rsquo;accord. Souhaitant vite boucler l&rsquo;affaire, John Textor a d\u00e9cid\u00e9, via Eagle, de \u00ab\u00a0racheter\u00a0\u00bb ce cr\u00e9dit d&rsquo;une valeur d&rsquo;1,8 million d&rsquo;euros. <\/p>\n<p>Objectif, que la MLS rembourse ces 10%. Dans ce contexte, Fogo&rsquo; n&rsquo;a pas effectu\u00e9 le premier versement de 2,6 millions d&rsquo;euros quelques jours apr\u00e8s la validation du transfert du natif de la province de Buenos Aires. Le club br\u00e9silien assure qu&rsquo;il ne l&rsquo;a pas fait car pour lui, le montant devait correspondre \u00e0 ces 10%, et ainsi recouvrir la \u00ab\u00a0dette\u00a0\u00bb du championnat am\u00e9ricain. <\/p>\n<p>Deux visions qui s&rsquo;opposent donc. Et a priori, la justice devra trancher ce litige afin que les choses avancent, les deux \u00e9quipes n&rsquo;ayant pas trouv\u00e9 de terrain d&rsquo;entente jusqu&rsquo;\u00e0 pr\u00e9sent. <\/p>\n","protected":false},"excerpt":{"rendered":"Thiago Almada face \u00e0 Dante lors de Nice \u2013 OL (Photo by Valery HACHE \/ AFP) Pr\u00eat\u00e9 par&hellip;\n","protected":false},"author":2,"featured_media":176102,"comment_status":"","ping_status":"","sticky":false,"template":"","format":"standard","meta":{"footnotes":""},"categories":[2],"tags":[11,4770,31182,1011,27,12,241],"class_list":{"0":"post-176101","1":"post","2":"type-post","3":"status-publish","4":"format-standard","5":"has-post-thumbnail","7":"category-actualites","8":"tag-actualites","9":"tag-almada","10":"tag-botafogo","11":"tag-fr","12":"tag-france","13":"tag-news","14":"tag-ol"},"share_on_mastodon":{"url":"https:\/\/pubeurope.com\/@fr\/114682213541642008","error":""},"_links":{"self":[{"href":"https:\/\/www.europesays.com\/fr\/wp-json\/wp\/v2\/posts\/176101","targetHints":{"allow":["GET"]}}],"collection":[{"href":"https:\/\/www.europesays.com\/fr\/wp-json\/wp\/v2\/posts"}],"about":[{"href":"https:\/\/www.europesays.com\/fr\/wp-json\/wp\/v2\/types\/post"}],"author":[{"embeddable":true,"href":"https:\/\/www.europesays.com\/fr\/wp-json\/wp\/v2\/users\/2"}],"replies":[{"embeddable":true,"href":"https:\/\/www.europesays.com\/fr\/wp-json\/wp\/v2\/comments?post=176101"}],"version-history":[{"count":0,"href":"https:\/\/www.europesays.com\/fr\/wp-json\/wp\/v2\/posts\/176101\/revisions"}],"wp:featuredmedia":[{"embeddable":true,"href":"https:\/\/www.europesays.com\/fr\/wp-json\/wp\/v2\/media\/176102"}],"wp:attachment":[{"href":"https:\/\/www.europesays.com\/fr\/wp-json\/wp\/v2\/media?parent=176101"}],"wp:term":[{"taxonomy":"category","embeddable":true,"href":"https:\/\/www.europesays.com\/fr\/wp-json\/wp\/v2\/categories?post=176101"},{"taxonomy":"post_tag","embeddable":true,"href":"https:\/\/www.europesays.com\/fr\/wp-json\/wp\/v2\/tags?post=176101"}],"curies":[{"name":"wp","href":"https:\/\/api.w.org\/{rel}","templated":true}]}}