{"id":176105,"date":"2025-06-14T14:35:11","date_gmt":"2025-06-14T14:35:11","guid":{"rendered":"https:\/\/www.europesays.com\/fr\/176105\/"},"modified":"2025-06-14T14:35:11","modified_gmt":"2025-06-14T14:35:11","slug":"running-le-stephanois-corentin-play-vainqueur-de-lultra-du-trail-du-saint-jacques","status":"publish","type":"post","link":"https:\/\/www.europesays.com\/fr\/176105\/","title":{"rendered":"Running. Le St\u00e9phanois Corentin Play vainqueur de l\u2019Ultra du Trail du Saint-Jacques"},"content":{"rendered":"<p>L\u2019Ultra de la 13e \u00e9dition du Trail du Saint-Jacques a livr\u00e9 son verdict au c\u0153ur de la matin\u00e9e de ce samedi. Apr\u00e8s Sylvain Court l\u2019an dernier, c\u2019est le St\u00e9phanois Corentin Play (Wise Ultra Running) qui s\u2019est impos\u00e9 au terme des 133,1\u00a0km en 13h43\u201905\u2019\u2019.<\/p>\n<p>Il a devanc\u00e9 d\u2019un peu plus de douze minutes l\u2019Occitan Guillaume Tiph\u00e8ne, vainqueur l\u2019an dernier du Grand Trail (13h55\u201934\u2019\u2019) et de quarante-deux le Lorientais Emmanuel Cauty, troisi\u00e8me en 14h25&rsquo;22\u00a0\u00bb.<\/p>\n","protected":false},"excerpt":{"rendered":"L\u2019Ultra de la 13e \u00e9dition du Trail du Saint-Jacques a livr\u00e9 son verdict au c\u0153ur de la matin\u00e9e&hellip;\n","protected":false},"author":2,"featured_media":176106,"comment_status":"","ping_status":"","sticky":false,"template":"","format":"standard","meta":{"footnotes":""},"categories":[9653],"tags":[1111,11,4132,2430,7539,1777,674,107,1011,27,4002,10444,3367,12,25,7135,4001,7538,517],"class_list":{"0":"post-176105","1":"post","2":"type-post","3":"status-publish","4":"format-standard","5":"has-post-thumbnail","7":"category-saint-etienne","8":"tag-actu","9":"tag-actualites","10":"tag-athletisme","11":"tag-auvergne-rhone-alpes","12":"tag-edition-loire-sud","13":"tag-eu","14":"tag-europe","15":"tag-fil-info","16":"tag-fr","17":"tag-france","18":"tag-haute-loire","19":"tag-le-puy-en-velay","20":"tag-loire","21":"tag-news","22":"tag-republique-francaise","23":"tag-running","24":"tag-saint-etienne","25":"tag-saint-etienne-ville","26":"tag-sport"},"share_on_mastodon":{"url":"https:\/\/pubeurope.com\/@fr\/114682221329483582","error":""},"_links":{"self":[{"href":"https:\/\/www.europesays.com\/fr\/wp-json\/wp\/v2\/posts\/176105","targetHints":{"allow":["GET"]}}],"collection":[{"href":"https:\/\/www.europesays.com\/fr\/wp-json\/wp\/v2\/posts"}],"about":[{"href":"https:\/\/www.europesays.com\/fr\/wp-json\/wp\/v2\/types\/post"}],"author":[{"embeddable":true,"href":"https:\/\/www.europesays.com\/fr\/wp-json\/wp\/v2\/users\/2"}],"replies":[{"embeddable":true,"href":"https:\/\/www.europesays.com\/fr\/wp-json\/wp\/v2\/comments?post=176105"}],"version-history":[{"count":0,"href":"https:\/\/www.europesays.com\/fr\/wp-json\/wp\/v2\/posts\/176105\/revisions"}],"wp:featuredmedia":[{"embeddable":true,"href":"https:\/\/www.europesays.com\/fr\/wp-json\/wp\/v2\/media\/176106"}],"wp:attachment":[{"href":"https:\/\/www.europesays.com\/fr\/wp-json\/wp\/v2\/media?parent=176105"}],"wp:term":[{"taxonomy":"category","embeddable":true,"href":"https:\/\/www.europesays.com\/fr\/wp-json\/wp\/v2\/categories?post=176105"},{"taxonomy":"post_tag","embeddable":true,"href":"https:\/\/www.europesays.com\/fr\/wp-json\/wp\/v2\/tags?post=176105"}],"curies":[{"name":"wp","href":"https:\/\/api.w.org\/{rel}","templated":true}]}}