{"id":176107,"date":"2025-06-14T14:36:25","date_gmt":"2025-06-14T14:36:25","guid":{"rendered":"https:\/\/www.europesays.com\/fr\/176107\/"},"modified":"2025-06-14T14:36:25","modified_gmt":"2025-06-14T14:36:25","slug":"histoire-dici-les-bonnes-a-tout-faire-alsaciennes-de-nancy-au-debut-de-la-premiere-guerre-mondiale","status":"publish","type":"post","link":"https:\/\/www.europesays.com\/fr\/176107\/","title":{"rendered":"Histoire d&rsquo;ici. Les \u00ab\u00a0bonnes \u00e0 tout faire\u00a0\u00bb alsaciennes de Nancy au d\u00e9but de la Premi\u00e8re Guerre mondiale"},"content":{"rendered":"<p>En 1914, plusieurs milliers d\u2019Alsaciens-Lorrains ayant la nationalit\u00e9 allemande vivent en France. Nombreux sont ceux qui sont \u00e9tablis dans les d\u00e9partements limitrophes des territoires annex\u00e9s en 1871. \u00c0 Nancy, en 1914, pr\u00e8s d\u2019un quart de la population est originaire d\u2019Alsace-Moselle. La plupart de ces personnes ont opt\u00e9 pour la France au lendemain de l\u2019annexion ou ont \u00e9t\u00e9 naturalis\u00e9es entre\u00a01872 et\u00a01914, car le mouvement migratoire ne s\u2019est pas tari durant cette p\u00e9riode.<\/p>\n<p>Parmi les nombreux Alsaciens-Lorrains pr\u00e9sents en France en ao\u00fbt\u00a01914, les bonnes, servantes, gouvernantes et autres domestiques repr\u00e9sentent une part importante des ces immigr\u00e9s temporaires ou d\u00e9finitifs.<\/p>\n<p>Convoqu\u00e9s et contr\u00f4l\u00e9s<\/p>\n<p>\u00c0 Nancy, fin juillet, les \u00e9trangers sont tenus de se pr\u00e9senter \u00e0 l\u2019h\u00f4tel de ville. Ceux qui portent des patronymes \u00e0 consonance germanique sont convoqu\u00e9s afin qu\u2019ils pr\u00e9sentent leurs papiers ou qu\u2019ils prouvent leur loyaut\u00e9 vis-\u00e0-vis de la France. Le&#8230;<\/p>\n","protected":false},"excerpt":{"rendered":"En 1914, plusieurs milliers d\u2019Alsaciens-Lorrains ayant la nationalit\u00e9 allemande vivent en France. Nombreux sont ceux qui sont \u00e9tablis&hellip;\n","protected":false},"author":2,"featured_media":176108,"comment_status":"","ping_status":"","sticky":false,"template":"","format":"standard","meta":{"footnotes":""},"categories":[9635],"tags":[1111,11,5644,1777,674,107,1011,27,775,937,31183,1702,12,25,9554,104],"class_list":{"0":"post-176107","1":"post","2":"type-post","3":"status-publish","4":"format-standard","5":"has-post-thumbnail","7":"category-nancy","8":"tag-actu","9":"tag-actualites","10":"tag-edition-saverne-sarre-union","11":"tag-eu","12":"tag-europe","13":"tag-fil-info","14":"tag-fr","15":"tag-france","16":"tag-grand-est","17":"tag-histoire","18":"tag-keskastel","19":"tag-nancy","20":"tag-news","21":"tag-republique-francaise","22":"tag-secteur-de-sarre-union","23":"tag-societe"},"share_on_mastodon":{"url":"https:\/\/pubeurope.com\/@fr\/114682225232676587","error":""},"_links":{"self":[{"href":"https:\/\/www.europesays.com\/fr\/wp-json\/wp\/v2\/posts\/176107","targetHints":{"allow":["GET"]}}],"collection":[{"href":"https:\/\/www.europesays.com\/fr\/wp-json\/wp\/v2\/posts"}],"about":[{"href":"https:\/\/www.europesays.com\/fr\/wp-json\/wp\/v2\/types\/post"}],"author":[{"embeddable":true,"href":"https:\/\/www.europesays.com\/fr\/wp-json\/wp\/v2\/users\/2"}],"replies":[{"embeddable":true,"href":"https:\/\/www.europesays.com\/fr\/wp-json\/wp\/v2\/comments?post=176107"}],"version-history":[{"count":0,"href":"https:\/\/www.europesays.com\/fr\/wp-json\/wp\/v2\/posts\/176107\/revisions"}],"wp:featuredmedia":[{"embeddable":true,"href":"https:\/\/www.europesays.com\/fr\/wp-json\/wp\/v2\/media\/176108"}],"wp:attachment":[{"href":"https:\/\/www.europesays.com\/fr\/wp-json\/wp\/v2\/media?parent=176107"}],"wp:term":[{"taxonomy":"category","embeddable":true,"href":"https:\/\/www.europesays.com\/fr\/wp-json\/wp\/v2\/categories?post=176107"},{"taxonomy":"post_tag","embeddable":true,"href":"https:\/\/www.europesays.com\/fr\/wp-json\/wp\/v2\/tags?post=176107"}],"curies":[{"name":"wp","href":"https:\/\/api.w.org\/{rel}","templated":true}]}}