{"id":176121,"date":"2025-06-14T14:44:11","date_gmt":"2025-06-14T14:44:11","guid":{"rendered":"https:\/\/www.europesays.com\/fr\/176121\/"},"modified":"2025-06-14T14:44:11","modified_gmt":"2025-06-14T14:44:11","slug":"une-ouverture-partielle-des-ce-lundi","status":"publish","type":"post","link":"https:\/\/www.europesays.com\/fr\/176121\/","title":{"rendered":"une ouverture partielle d\u00e8s ce lundi"},"content":{"rendered":"<p>La piscine municipale ouvrira partiellement du lundi 16\u00a0juin jusqu\u2019au mardi 1er \u00a0juillet.<\/p>\n<p>Ce contenu est bloqu\u00e9 car vous n&rsquo;avez pas accept\u00e9 les cookies et autres traceurs.<\/p>\n<p>En cliquant sur \u00ab J\u2019accepte \u00bb, les cookies et autres traceurs seront d\u00e9pos\u00e9s et vous pourrez visualiser les contenus  (<a href=\"\" class=\"consentModule_policy\" target=\"_blank\" title=\"Consulter la politique de protection des donn\u00e9es du fournisseur\">plus d&rsquo;informations<\/a>).<\/p>\n<p>En cliquant sur \u00ab J\u2019accepte tous les cookies \u00bb, vous autorisez des d\u00e9p\u00f4ts de cookies et autres traceurs pour le stockage de vos donn\u00e9es sur nos sites et applications \u00e0 des fins de personnalisation et de ciblage publicitaire.<\/p>\n<p class=\"consentModule_secondaryText\">Vous gardez la possibilit\u00e9 de retirer votre consentement \u00e0 tout moment en consultant notre <a href=\"https:\/\/www.ledauphine.com\/protection-des-donnees\" target=\"_blank\" title=\"Consulter notre politique de protection des donn\u00e9es\" rel=\"noopener\">politique de protection des donn\u00e9es<\/a>. <br \/>&#13;<br \/>\n            <a href=\"https:\/\/www.ledauphine.com\/societe\/2025\/06\/14\/javascript:Didomi.notice.show()\" class=\"consentModule_cmp\" target=\"_blank\" rel=\"noopener\">G\u00e9rer mes choix<\/a>&#13;\n        <\/p>\n<p>&#13;<br \/>\n                        J&rsquo;accepte&#13;<br \/>\n            J&rsquo;accepte tous les cookies&#13;\n        <\/p>\n<p>Durant cette p\u00e9riode, seuls le grand bassin et le snack seront ouverts sur les cr\u00e9neaux suivants\u00a0:<\/p>\n<p>\u2022 lundi\u00a0: 11\u00a0h\u00a030 &#8211; 13\u00a0h\u00a030 et 16\u00a0h\u00a030 &#8211; 19\u00a0h<\/p>\n<p>\u2022 mardi\u00a0: 11\u00a0h\u00a030 &#8211; 13\u00a0h\u00a030 et 16\u00a0h\u00a030 &#8211; 19\u00a0h<\/p>\n<p>\u2022 mercredi\u00a0: 11\u00a0h\u00a030 &#8211; 19\u00a0h<\/p>\n<p>\u2022 jeudi\u00a0: 11\u00a0h\u00a030-13\u00a0h\u00a030 et 16\u00a0h\u00a030-19\u00a0h<\/p>\n<p>\u2022 vendredi\u00a0: 11\u00a0h\u00a030-13\u00a0h\u00a030 et 16\u00a0h\u00a030-19\u00a0h.<\/p>\n<p>Le reste des cr\u00e9neaux sera mis \u00e0 disposition de l\u2019enseignement scolaire \u00e0 destination des classes d\u2019Eybens. L\u2019\u00e9quipement sera ferm\u00e9 au public le week-end.<\/p>\n<p>La piscine ouvrira compl\u00e8tement du mercredi 2\u00a0juillet au dimanche 24\u00a0ao\u00fbt.<\/p>\n<p class=\"note\">Toutes les informations concernant la piscine sont \u00e0 retrouver sur le site <a href=\"http:\/\/www.eybens.fr\" target=\"_blank\" rel=\"noopener\">www.eybens.fr<\/a> <\/p>\n","protected":false},"excerpt":{"rendered":"La piscine municipale ouvrira partiellement du lundi 16\u00a0juin jusqu\u2019au mardi 1er \u00a0juillet. Ce contenu est bloqu\u00e9 car vous&hellip;\n","protected":false},"author":2,"featured_media":176122,"comment_status":"","ping_status":"","sticky":false,"template":"","format":"standard","meta":{"footnotes":""},"categories":[9566],"tags":[1111,11,2430,112,1777,674,12390,1011,27,2731,7000,12,25,104],"class_list":{"0":"post-176121","1":"post","2":"type-post","3":"status-publish","4":"format-standard","5":"has-post-thumbnail","7":"category-grenoble","8":"tag-actu","9":"tag-actualites","10":"tag-auvergne-rhone-alpes","11":"tag-edition-grenoble-agglomeration","12":"tag-eu","13":"tag-europe","14":"tag-eybens","15":"tag-fr","16":"tag-france","17":"tag-grenoble","18":"tag-lagglomeration","19":"tag-news","20":"tag-republique-francaise","21":"tag-societe"},"share_on_mastodon":{"url":"https:\/\/pubeurope.com\/@fr\/114682256860581732","error":""},"_links":{"self":[{"href":"https:\/\/www.europesays.com\/fr\/wp-json\/wp\/v2\/posts\/176121","targetHints":{"allow":["GET"]}}],"collection":[{"href":"https:\/\/www.europesays.com\/fr\/wp-json\/wp\/v2\/posts"}],"about":[{"href":"https:\/\/www.europesays.com\/fr\/wp-json\/wp\/v2\/types\/post"}],"author":[{"embeddable":true,"href":"https:\/\/www.europesays.com\/fr\/wp-json\/wp\/v2\/users\/2"}],"replies":[{"embeddable":true,"href":"https:\/\/www.europesays.com\/fr\/wp-json\/wp\/v2\/comments?post=176121"}],"version-history":[{"count":0,"href":"https:\/\/www.europesays.com\/fr\/wp-json\/wp\/v2\/posts\/176121\/revisions"}],"wp:featuredmedia":[{"embeddable":true,"href":"https:\/\/www.europesays.com\/fr\/wp-json\/wp\/v2\/media\/176122"}],"wp:attachment":[{"href":"https:\/\/www.europesays.com\/fr\/wp-json\/wp\/v2\/media?parent=176121"}],"wp:term":[{"taxonomy":"category","embeddable":true,"href":"https:\/\/www.europesays.com\/fr\/wp-json\/wp\/v2\/categories?post=176121"},{"taxonomy":"post_tag","embeddable":true,"href":"https:\/\/www.europesays.com\/fr\/wp-json\/wp\/v2\/tags?post=176121"}],"curies":[{"name":"wp","href":"https:\/\/api.w.org\/{rel}","templated":true}]}}