{"id":176125,"date":"2025-06-14T14:46:18","date_gmt":"2025-06-14T14:46:18","guid":{"rendered":"https:\/\/www.europesays.com\/fr\/176125\/"},"modified":"2025-06-14T14:46:18","modified_gmt":"2025-06-14T14:46:18","slug":"thibault-a-secouru-lhomme-qui-sest-immole-par-le-feu-il-raconte","status":"publish","type":"post","link":"https:\/\/www.europesays.com\/fr\/176125\/","title":{"rendered":"Thibault a secouru l&rsquo;homme qui s&rsquo;est immol\u00e9 par le feu, il raconte"},"content":{"rendered":"<p>            Par<br \/>\n        <strong><br \/>\n            <a href=\"https:\/\/actu.fr\/auteur\/laurene-fertin\" title=\"Consulter tous les articles de Laur\u00e8ne Fertin\" target=\"_blank\" rel=\"noopener\">Laur\u00e8ne Fertin<\/a><br \/>\n        <\/strong><\/p>\n<p>        Publi\u00e9 le<\/p>\n<p>            14 juin 2025 \u00e0 13h23        <\/p>\n<p>Accident ou geste d\u00e9sesp\u00e9r\u00e9\u2009? Il est encore trop t\u00f4t pour tirer des conclusions. <strong>Thibault,<\/strong> quant \u00e0 lui, est encore profond\u00e9ment boulevers\u00e9 par ce qu\u2019il a vu, ce samedi 14\u00a0juin 2025. <a href=\"https:\/\/actu.fr\/bretagne\/rennes_35238\/rennes-un-homme-s-immole-par-le-feu-a-la-station-service-leclerc-cleunay-les-policiers-sur-place_62773699.html\" target=\"_blank\" rel=\"noopener\">Aux alentours de 11h, un homme de 37\u00a0ans s\u2019est en effet immol\u00e9 par le feu \u00e0 la station-service de Leclerc au centre commercial Cleunay<\/a>. Le jeune homme travaillait au <strong>McDonald\u2019s<\/strong> situ\u00e9 juste en face des pompes \u00e0 essence.<\/p>\n<p>\u00ab\u2009Il \u00e9tait en flammes\u2009\u00bb<\/p>\n<p class=\" wall-content\">\u00ab\u2009J\u2019ai vu un homme en train de<strong> s\u2019asperger d\u2019essence\u2009\u00bb,<\/strong> raconte de but en blanc le jeune homme, qui n\u2019a pas encore eu le temps de se remettre de ses \u00e9motions.<\/p>\n<blockquote class=\"ac-article-quote wall-content\">\n<p>Il a pris la pompe \u00e0 essence (la pompe n\u00b06, N.D.L.R) et il s&rsquo;est asperg\u00e9 d&rsquo;essence. Puis il a pris feu, peut-\u00eatre avec un briquet. D&rsquo;un coup, les flammes sont parties. Il \u00e9tait en flammes, compl\u00e8tement.<\/p>\n<p>    <strong>Thibault<\/strong>\n            <\/p><\/blockquote>\n<p class=\" wall-content\">\u00ab\u2009Ses v\u00eatements \u00e9taient enti\u00e8rement br\u00fbl\u00e9s\u2009\u00bb, abonde l\u2019employ\u00e9, \u00ab\u2009il ne restait plus rien, il n\u2019avait plus rien sur lui.\u2009\u00bb<\/p>\n<p>\u00ab\u2009Un mouvement de panique\u2009\u00bb<\/p>\n<p class=\" wall-content\">Ce samedi \u00e0 11h, <strong>les automobilistes<\/strong> \u00e9taient <strong>nombreux<\/strong> \u00e0 la station-service pour prendre de l\u2019essence. \u00ab\u2009Il y avait \u00e9norm\u00e9ment de monde\u2009\u00bb, se souvient le jeune homme.<\/p>\n<blockquote class=\"ac-article-quote wall-content\">\n<p>Quand les gens ont commenc\u00e9 \u00e0 voir cet homme prendre feu, il y a eu un mouvement de panique. C&rsquo;\u00e9tait le chaos, c&rsquo;\u00e9tait l&rsquo;horreur, \u00e7a klaxonnait de partout ! Tout le monde a paniqu\u00e9.<\/p>\n<p>    <strong>Thibault<\/strong>\n            <\/p><\/blockquote>\n<p class=\" wall-content\">Thibault est alors sorti en trombe du McDonald\u2019s pour secourir l\u2019homme de 37\u00a0ans. <strong>\u00ab\u2009J\u2019ai tout de suite appel\u00e9 les pompiers\u2009\u00bb<\/strong>, raconte-t-il, \u00ab\u2009l\u2019ambulance est arriv\u00e9e, ensuite, et il a \u00e9t\u00e9 pris en charge.\u2009\u00bb<\/p>\n<p class=\" wall-content\"><strong>Br\u00fbl\u00e9 \u00e0 90\u2009%<\/strong>, le <strong>pronostic vital<\/strong> de l\u2019homme est engag\u00e9.<\/p>\n<p class=\" wall-content\">Suivez toute l\u2019actualit\u00e9 de vos villes et m\u00e9dias favoris en vous inscrivant \u00e0 <a href=\"https:\/\/moncompte.actu.fr\" title=\"D\u00e9couvez Mon Actu\" rel=\"nofollow noopener\" data-trk=\"{&quot;cta&quot;:{&quot;action&quot;:&quot;https:\\\/\\\/moncompte.actu.fr&quot;,&quot;category&quot;:&quot;mon compte&quot;,&quot;from&quot;:&quot;article footer&quot;,&quot;name&quot;:&quot;Mon actu&quot;,&quot;type&quot;:&quot;cta&quot;}}\" target=\"_blank\">Mon Actu<\/a>.<\/p>\n","protected":false},"excerpt":{"rendered":"Par Laur\u00e8ne Fertin Publi\u00e9 le 14 juin 2025 \u00e0 13h23 Accident ou geste d\u00e9sesp\u00e9r\u00e9\u2009? Il est encore trop&hellip;\n","protected":false},"author":2,"featured_media":176126,"comment_status":"","ping_status":"","sticky":false,"template":"","format":"standard","meta":{"footnotes":""},"categories":[2821],"tags":[1111,11,829,1777,674,118,1011,27,12,1072,1311,584,25,240],"class_list":{"0":"post-176125","1":"post","2":"type-post","3":"status-publish","4":"format-standard","5":"has-post-thumbnail","7":"category-rennes","8":"tag-actu","9":"tag-actualites","10":"tag-bretagne","11":"tag-eu","12":"tag-europe","13":"tag-faits-divers","14":"tag-fr","15":"tag-france","16":"tag-news","17":"tag-police","18":"tag-pompiers","19":"tag-rennes","20":"tag-republique-francaise","21":"tag-temoignage"},"share_on_mastodon":{"url":"https:\/\/pubeurope.com\/@fr\/114682264514509786","error":""},"_links":{"self":[{"href":"https:\/\/www.europesays.com\/fr\/wp-json\/wp\/v2\/posts\/176125","targetHints":{"allow":["GET"]}}],"collection":[{"href":"https:\/\/www.europesays.com\/fr\/wp-json\/wp\/v2\/posts"}],"about":[{"href":"https:\/\/www.europesays.com\/fr\/wp-json\/wp\/v2\/types\/post"}],"author":[{"embeddable":true,"href":"https:\/\/www.europesays.com\/fr\/wp-json\/wp\/v2\/users\/2"}],"replies":[{"embeddable":true,"href":"https:\/\/www.europesays.com\/fr\/wp-json\/wp\/v2\/comments?post=176125"}],"version-history":[{"count":0,"href":"https:\/\/www.europesays.com\/fr\/wp-json\/wp\/v2\/posts\/176125\/revisions"}],"wp:featuredmedia":[{"embeddable":true,"href":"https:\/\/www.europesays.com\/fr\/wp-json\/wp\/v2\/media\/176126"}],"wp:attachment":[{"href":"https:\/\/www.europesays.com\/fr\/wp-json\/wp\/v2\/media?parent=176125"}],"wp:term":[{"taxonomy":"category","embeddable":true,"href":"https:\/\/www.europesays.com\/fr\/wp-json\/wp\/v2\/categories?post=176125"},{"taxonomy":"post_tag","embeddable":true,"href":"https:\/\/www.europesays.com\/fr\/wp-json\/wp\/v2\/tags?post=176125"}],"curies":[{"name":"wp","href":"https:\/\/api.w.org\/{rel}","templated":true}]}}