{"id":176140,"date":"2025-06-14T14:54:08","date_gmt":"2025-06-14T14:54:08","guid":{"rendered":"https:\/\/www.europesays.com\/fr\/176140\/"},"modified":"2025-06-14T14:54:08","modified_gmt":"2025-06-14T14:54:08","slug":"cest-quoi-ces-etats-generaux-organises-a-bordeaux-pour-lutter-contre-le-trafic-de-drogue","status":"publish","type":"post","link":"https:\/\/www.europesays.com\/fr\/176140\/","title":{"rendered":"C&rsquo;est quoi ces \u00c9tats g\u00e9n\u00e9raux, organis\u00e9s \u00e0 Bordeaux pour lutter contre le trafic de drogue\u00a0?"},"content":{"rendered":"<p>            Par<br \/>\n        <strong><br \/>\n            <a href=\"https:\/\/actu.fr\/auteur\/redaction-bordeaux\" title=\"Consulter tous les articles de R\u00e9daction Bordeaux\" target=\"_blank\" rel=\"noopener\">R\u00e9daction Bordeaux<\/a><br \/>\n        <\/strong><\/p>\n<p>        Publi\u00e9 le<\/p>\n<p>            14 juin 2025 \u00e0 16h32        <\/p>\n<p>C\u2019est un rendez-vous in\u00e9dit <a href=\"https:\/\/actu.fr\/bordeaux\/\" target=\"_blank\" rel=\"noopener\">\u00e0 Bordeaux.<\/a> Vendredi 20 juin 2025, l\u2019h\u00f4tel de Ville accueillera ses <strong>premiers \u00c9tats g\u00e9n\u00e9raux<\/strong> de pr\u00e9vention des usages et des trafics de drogue chez les jeunes.\u00a0<\/p>\n<p class=\" wall-content\">\u00ab\u00a0Des \u00e9lus locaux, des parlementaires, des universitaires, des acteurs de la justice, de la pr\u00e9vention et de la sant\u00e9\u00a0\u00bb sont attendus, liste l\u2019\u00e9quipe municipale <a href=\"https:\/\/www.bordeaux.fr\/sites\/bor-bdxfr-drupal\/files\/2025-06\/20250612_prevention-drogues.pdf\" target=\"_blank\" rel=\"noopener\">dans un communiqu\u00e9.<\/a> \u00ab\u00a0Ils aborderont notamment <strong>le ph\u00e9nom\u00e8ne du deal,<\/strong> la pr\u00e9vention des addictions et les pi\u00e8ges du narcotrafic.\u00a0\u00bb<\/p>\n<p class=\" wall-content\">Au programme, entre autres, une pr\u00e9sentation de l\u2019activit\u00e9 li\u00e9e au trafic et aux consommations par Renaud Gaudeul, <strong>procureur de la R\u00e9publique,<\/strong> le travail de pr\u00e9vention des addictions aupr\u00e8s des jeunes par le psychiatre Jean-Michel Delile, pr\u00e9sident du CEID Addictions, un dialogue autour des politiques publiques locales face au narcotrafic, avec des \u00e9lus, collectifs et associations locaux.\u00a0<\/p>\n<p class=\" wall-content\">Ces \u00c9tats g\u00e9n\u00e9raux font partie du \u00ab\u00a0plan de <a href=\"https:\/\/www.bordeaux.fr\/le-mag\/usages-et-trafics-de-drogues-la-ville-deploie-un-plan-de-prevention\" target=\"_blank\" rel=\"noopener\">pr\u00e9vention des usages et des trafics de drogue chez les jeunes\u00a0\u00bb,<\/a> un<strong>\u00a0dispositif municipal de lutte contre le trafic<\/strong> qui s\u2019inscrit dans la dur\u00e9e, pour cr\u00e9er de nouvelles actions concr\u00e8tes.<\/p>\n<p>Deux rendez-vous avec le prisme culturel<\/p>\n<p class=\" wall-content\">En marge de cet \u00e9v\u00e8nement, l\u2019association culturelle Isulia propose deux temps forts. Le premier aura lieu mercredi 18 juin de 18h30 \u00e0 20h place Pey Berland : \u00ab\u00a0Drogues et pop culture : entre <strong>fascination et banalisation\u00a0\u00bb.<\/strong>\u00a0La mise en sc\u00e8ne des drogues au cin\u00e9ma, en musique ou dans la litt\u00e9rature seront explor\u00e9es \u00e0 partir d\u2019extraits d\u2019\u0153uvres embl\u00e9matiques.<\/p>\n<p>Vid\u00e9os : en ce moment sur Actu<\/p>\n<p class=\" wall-content\">Puis, lors de la F\u00eate de la musique, Isulia mettra en place des boites \u00e0 sondages. Pour voter, les participants glissent un jeton pour donner leur avis sur des questions li\u00e9es \u00e0 <strong>la consommation, la l\u00e9gislation ou la repr\u00e9sentation des drogues.<\/strong> \u00ab\u00a0Chaque bo\u00eete fournit des infos cl\u00e9s, des donn\u00e9es scientifiques, et un espace pour recueillir des t\u00e9moignages anonymes\u00a0\u00bb, pr\u00e9cise la mairie.<\/p>\n<p class=\" wall-content\">Suivez toute l\u2019actualit\u00e9 de vos villes et m\u00e9dias favoris en vous inscrivant \u00e0 <a href=\"https:\/\/moncompte.actu.fr\" title=\"D\u00e9couvez Mon Actu\" rel=\"nofollow noopener\" data-trk=\"{&quot;cta&quot;:{&quot;action&quot;:&quot;https:\\\/\\\/moncompte.actu.fr&quot;,&quot;category&quot;:&quot;mon compte&quot;,&quot;from&quot;:&quot;article footer&quot;,&quot;name&quot;:&quot;Mon actu&quot;,&quot;type&quot;:&quot;cta&quot;}}\" target=\"_blank\">Mon Actu<\/a>.<\/p>\n","protected":false},"excerpt":{"rendered":"Par R\u00e9daction Bordeaux Publi\u00e9 le 14 juin 2025 \u00e0 16h32 C\u2019est un rendez-vous in\u00e9dit \u00e0 Bordeaux. Vendredi 20&hellip;\n","protected":false},"author":2,"featured_media":176141,"comment_status":"","ping_status":"","sticky":false,"template":"","format":"standard","meta":{"footnotes":""},"categories":[2817],"tags":[1111,11,1997,1052,1777,674,1011,27,12,2219,4860,25,104],"class_list":{"0":"post-176140","1":"post","2":"type-post","3":"status-publish","4":"format-standard","5":"has-post-thumbnail","7":"category-bordeaux","8":"tag-actu","9":"tag-actualites","10":"tag-bordeaux","11":"tag-drogue","12":"tag-eu","13":"tag-europe","14":"tag-fr","15":"tag-france","16":"tag-news","17":"tag-nouvelle-aquitaine","18":"tag-pierre-hurmic","19":"tag-republique-francaise","20":"tag-societe"},"share_on_mastodon":{"url":"https:\/\/pubeurope.com\/@fr\/114682295963954456","error":""},"_links":{"self":[{"href":"https:\/\/www.europesays.com\/fr\/wp-json\/wp\/v2\/posts\/176140","targetHints":{"allow":["GET"]}}],"collection":[{"href":"https:\/\/www.europesays.com\/fr\/wp-json\/wp\/v2\/posts"}],"about":[{"href":"https:\/\/www.europesays.com\/fr\/wp-json\/wp\/v2\/types\/post"}],"author":[{"embeddable":true,"href":"https:\/\/www.europesays.com\/fr\/wp-json\/wp\/v2\/users\/2"}],"replies":[{"embeddable":true,"href":"https:\/\/www.europesays.com\/fr\/wp-json\/wp\/v2\/comments?post=176140"}],"version-history":[{"count":0,"href":"https:\/\/www.europesays.com\/fr\/wp-json\/wp\/v2\/posts\/176140\/revisions"}],"wp:featuredmedia":[{"embeddable":true,"href":"https:\/\/www.europesays.com\/fr\/wp-json\/wp\/v2\/media\/176141"}],"wp:attachment":[{"href":"https:\/\/www.europesays.com\/fr\/wp-json\/wp\/v2\/media?parent=176140"}],"wp:term":[{"taxonomy":"category","embeddable":true,"href":"https:\/\/www.europesays.com\/fr\/wp-json\/wp\/v2\/categories?post=176140"},{"taxonomy":"post_tag","embeddable":true,"href":"https:\/\/www.europesays.com\/fr\/wp-json\/wp\/v2\/tags?post=176140"}],"curies":[{"name":"wp","href":"https:\/\/api.w.org\/{rel}","templated":true}]}}