{"id":176148,"date":"2025-06-14T14:59:10","date_gmt":"2025-06-14T14:59:10","guid":{"rendered":"https:\/\/www.europesays.com\/fr\/176148\/"},"modified":"2025-06-14T14:59:10","modified_gmt":"2025-06-14T14:59:10","slug":"bordeaux-lille-amiens-et-guingamp-retirent-leur-appel-contre-le-plan-de-continuation-des-girondins","status":"publish","type":"post","link":"https:\/\/www.europesays.com\/fr\/176148\/","title":{"rendered":"Bordeaux &#8211; Lille, Amiens et Guingamp retirent leur appel contre le plan de continuation des Girondins"},"content":{"rendered":"<p style=\"text-align: justify;\">Bonne nouvelle pour les Girondins de <strong>Bordeaux<\/strong> et G\u00e9rard Lopez :\u00a0 trois cr\u00e9anciers du clubs de National 2, le LOSC Lille, l\u2019Amiens SC et l\u2019En Avant Guingamp ont renonc\u00e9 \u00e0 contester le plan de continuation du club, pr\u00e9sent\u00e9 cette semaine devant le tribunal de commerce. Les trois clubs r\u00e9clamaient d\u2019\u00eatre mieux class\u00e9s afin d\u2019avoir droit \u00e0 un meilleur remboursement de la part du FCGB apr\u00e8s des transferts encore non r\u00e9gl\u00e9s en int\u00e9gralit\u00e9. Le FCGB doit 201000\u20ac \u00e0 Nice pour le transfert de Junior Onana en 2021, 3 millions \u00e0 Amiens pour Aliou Badji et 500 000 euros \u00e0 Guingamp pour J\u00e9r\u00e9my Livolant.<\/p>\n<p style=\"text-align: justify;\">Le plan de continuation ne pr\u00e9voit un remboursement que de 10% de la somme, \u00e9tal\u00e9s sur 10 ans.<\/p>\n<p style=\"text-align: justify;\">\u00c0 lire aussi &gt;&gt;\u00a0<a href=\"https:\/\/maligue2.fr\/2025\/06\/13\/l1-l2-trois-clubs-contestent-le-plan-de-continuation-des-girondins-de-bordeaux\/\" rel=\"nofollow noopener\" target=\"_blank\">L1 \/ L2 : Trois clubs contestent le plan de continuation des Girondins de Bordeaux<\/a><\/p>\n<p style=\"text-align: justify;\">D\u2019apr\u00e8s <a href=\"https:\/\/www.lequipe.fr\/Football\/Actualites\/Lille-amiens-et-guingamp-retirent-leur-appel-du-plan-de-continuation-de-bordeaux\/1570101\" rel=\"nofollow noopener\" target=\"_blank\">L\u2019\u00c9quipe<\/a>, les trois clubs ont renonc\u00e9 \u00e0 ce recours qui aurait pu repousser la d\u00e9cision du tribunal de commerce. Pr\u00e9vu le 24 juin, deux heures avant un passage devant la DNCG, le verdict est vital pour le FCGB qui doit \u00e9chapper \u00e0 une liquidation judiciaire. Un report aurait grandement fragilis\u00e9 le dossier bordelais\u2026 et compromis les chances pour les trois clubs de revoir leur argent.<\/p>\n<p style=\"text-align: justify;\">N\u00e9anmoins, \u00ab le sujet du paiement int\u00e9gral des cr\u00e9ances sportives reste entier et une requ\u00eate aupr\u00e8s de la FIFA est fortement probable \u00bb indique une source du quotidien. Dans ce cas, les ennuis ne seraient que report\u00e9s. En cas de non-respect ses obligations financi\u00e8res, un club peut \u00eatre interdit d\u2019enregistrer de nouveaux joueurs par l\u2019instance dirigeante du football.<\/p>\n<p style=\"text-align: justify;\">Photo \u00a9Anthony Dibon\/Icon Sport<\/p>\n","protected":false},"excerpt":{"rendered":"Bonne nouvelle pour les Girondins de Bordeaux et G\u00e9rard Lopez :\u00a0 trois cr\u00e9anciers du clubs de National 2,&hellip;\n","protected":false},"author":2,"featured_media":176149,"comment_status":"","ping_status":"","sticky":false,"template":"","format":"standard","meta":{"footnotes":""},"categories":[2815],"tags":[12128,1111,11,24738,1997,1777,674,1011,27,4044,811,1307,12,25],"class_list":{"0":"post-176148","1":"post","2":"type-post","3":"status-publish","4":"format-standard","5":"has-post-thumbnail","7":"category-lille","8":"tag-alaune7","9":"tag-actu","10":"tag-actualites","11":"tag-amiens","12":"tag-bordeaux","13":"tag-eu","14":"tag-europe","15":"tag-fr","16":"tag-france","17":"tag-guingamp","18":"tag-hauts-de-france","19":"tag-lille","20":"tag-news","21":"tag-republique-francaise"},"share_on_mastodon":{"url":"https:\/\/pubeurope.com\/@fr\/114682315697803821","error":""},"_links":{"self":[{"href":"https:\/\/www.europesays.com\/fr\/wp-json\/wp\/v2\/posts\/176148","targetHints":{"allow":["GET"]}}],"collection":[{"href":"https:\/\/www.europesays.com\/fr\/wp-json\/wp\/v2\/posts"}],"about":[{"href":"https:\/\/www.europesays.com\/fr\/wp-json\/wp\/v2\/types\/post"}],"author":[{"embeddable":true,"href":"https:\/\/www.europesays.com\/fr\/wp-json\/wp\/v2\/users\/2"}],"replies":[{"embeddable":true,"href":"https:\/\/www.europesays.com\/fr\/wp-json\/wp\/v2\/comments?post=176148"}],"version-history":[{"count":0,"href":"https:\/\/www.europesays.com\/fr\/wp-json\/wp\/v2\/posts\/176148\/revisions"}],"wp:featuredmedia":[{"embeddable":true,"href":"https:\/\/www.europesays.com\/fr\/wp-json\/wp\/v2\/media\/176149"}],"wp:attachment":[{"href":"https:\/\/www.europesays.com\/fr\/wp-json\/wp\/v2\/media?parent=176148"}],"wp:term":[{"taxonomy":"category","embeddable":true,"href":"https:\/\/www.europesays.com\/fr\/wp-json\/wp\/v2\/categories?post=176148"},{"taxonomy":"post_tag","embeddable":true,"href":"https:\/\/www.europesays.com\/fr\/wp-json\/wp\/v2\/tags?post=176148"}],"curies":[{"name":"wp","href":"https:\/\/api.w.org\/{rel}","templated":true}]}}