{"id":176156,"date":"2025-06-14T15:03:11","date_gmt":"2025-06-14T15:03:11","guid":{"rendered":"https:\/\/www.europesays.com\/fr\/176156\/"},"modified":"2025-06-14T15:03:11","modified_gmt":"2025-06-14T15:03:11","slug":"lyon-ce-samedi-14-000-personnes-pour-une-marche-des-fiertes-2025-contre-les-derives-fascisantes","status":"publish","type":"post","link":"https:\/\/www.europesays.com\/fr\/176156\/","title":{"rendered":"Lyon. Ce samedi, 14 000 personnes pour une Marche des fiert\u00e9s 2025 \u00ab contre les d\u00e9rives fascisantes \u00bb"},"content":{"rendered":"<p>Portant haut les couleurs du drapeau arc-en-ciel, devenu symbole de la cause LGBTI + (lesbiennes, gay, bisexuel, transgenre et autres),\u00a014 000 personnes se sont joints \u00e0 la Marche des fiert\u00e9s 2025 ce samedi apr\u00e8s-midi.<\/p>\n<p>Organis\u00e9e par le Collectif fiert\u00e9 en lutte, qui regroupe plusieurs associations, le cort\u00e8ge est parti de Jean-Mac\u00e9 pour rejoindre le parc de la T\u00eate d&rsquo;Or. Un parcours de 4 km qui longera les quais du Rh\u00f4ne. Le message cette ann\u00e9e : la lutte contre \u00ab\u00a0les d\u00e9rives fascisantes partout et dans le monde \u00bb.<\/p>\n<p>\u00c0 noter que le trafic sur les lignes de tramway T1 et T2 sont fortement perturb\u00e9es par les diff\u00e9rents cort\u00e8ges. Le T1 circule de Debourg \u00e0 Place des Archives puis de Gare Part-Dieu \u00e0 INSA-Einstein. Quant au T2, il circule de Saint-Priest Bel Air \u00e0 Villon.<\/p>\n<p>Pour ces deux lignes, la reprise d&rsquo;un trafic complet et fluide est estim\u00e9e aux alentours de 18 heures.<\/p>\n","protected":false},"excerpt":{"rendered":"Portant haut les couleurs du drapeau arc-en-ciel, devenu symbole de la cause LGBTI + (lesbiennes, gay, bisexuel, transgenre&hellip;\n","protected":false},"author":2,"featured_media":176157,"comment_status":"","ping_status":"","sticky":false,"template":"","format":"standard","meta":{"footnotes":""},"categories":[1889],"tags":[1111,11,2430,2757,1777,674,107,1011,27,2428,12,25,2429,104],"class_list":{"0":"post-176156","1":"post","2":"type-post","3":"status-publish","4":"format-standard","5":"has-post-thumbnail","7":"category-lyon","8":"tag-actu","9":"tag-actualites","10":"tag-auvergne-rhone-alpes","11":"tag-edition-lyon-villeurbanne","12":"tag-eu","13":"tag-europe","14":"tag-fil-info","15":"tag-fr","16":"tag-france","17":"tag-lyon","18":"tag-news","19":"tag-republique-francaise","20":"tag-rhone","21":"tag-societe"},"share_on_mastodon":{"url":"https:\/\/pubeurope.com\/@fr\/114682331330730148","error":""},"_links":{"self":[{"href":"https:\/\/www.europesays.com\/fr\/wp-json\/wp\/v2\/posts\/176156","targetHints":{"allow":["GET"]}}],"collection":[{"href":"https:\/\/www.europesays.com\/fr\/wp-json\/wp\/v2\/posts"}],"about":[{"href":"https:\/\/www.europesays.com\/fr\/wp-json\/wp\/v2\/types\/post"}],"author":[{"embeddable":true,"href":"https:\/\/www.europesays.com\/fr\/wp-json\/wp\/v2\/users\/2"}],"replies":[{"embeddable":true,"href":"https:\/\/www.europesays.com\/fr\/wp-json\/wp\/v2\/comments?post=176156"}],"version-history":[{"count":0,"href":"https:\/\/www.europesays.com\/fr\/wp-json\/wp\/v2\/posts\/176156\/revisions"}],"wp:featuredmedia":[{"embeddable":true,"href":"https:\/\/www.europesays.com\/fr\/wp-json\/wp\/v2\/media\/176157"}],"wp:attachment":[{"href":"https:\/\/www.europesays.com\/fr\/wp-json\/wp\/v2\/media?parent=176156"}],"wp:term":[{"taxonomy":"category","embeddable":true,"href":"https:\/\/www.europesays.com\/fr\/wp-json\/wp\/v2\/categories?post=176156"},{"taxonomy":"post_tag","embeddable":true,"href":"https:\/\/www.europesays.com\/fr\/wp-json\/wp\/v2\/tags?post=176156"}],"curies":[{"name":"wp","href":"https:\/\/api.w.org\/{rel}","templated":true}]}}