{"id":176176,"date":"2025-06-14T15:14:09","date_gmt":"2025-06-14T15:14:09","guid":{"rendered":"https:\/\/www.europesays.com\/fr\/176176\/"},"modified":"2025-06-14T15:14:09","modified_gmt":"2025-06-14T15:14:09","slug":"en-allemagne-une-grosse-operation-de-com-pour-redorer-le-blason-de-larmee-liberation","status":"publish","type":"post","link":"https:\/\/www.europesays.com\/fr\/176176\/","title":{"rendered":"en Allemagne, une grosse op\u00e9ration de com pour redorer le blason de l\u2019arm\u00e9e \u2013 Lib\u00e9ration"},"content":{"rendered":"<p class=\"sc-ksZaOG ehjQrN text-element\">Installer un \u00abd\u00f4me de fer\u00bb \u00e0 Berlin, comme en Isra\u00ebl, pour intercepter les obus de Vladimir Poutine ? La proposition du pr\u00e9sident du groupe parlementaire conservateur (CDU) au parlement r\u00e9gional de la capitale allemande, Dirk Stettner, a fait sourire dans les milieux de la d\u00e9fense et de la s\u00e9curit\u00e9. Mais elle a bel et bien fait, ce vendredi 13 juin, la une du tr\u00e8s s\u00e9rieux quotidien local Der Tagesspiegel, r\u00e9v\u00e9lant le niveau d\u2019inqui\u00e9tude des Allemands face \u00e0 la menace russe. \u00abL\u2019Allemagne est la premi\u00e8re cible d\u2019attaques hybrides en Europe\u00bb, rappelle le d\u00e9put\u00e9 \u00e9cologiste Konstantin von Notz, pr\u00e9sident de l\u2019organe de contr\u00f4le parlementaire des services du renseignement allemand.<\/p>\n<p class=\"sc-ksZaOG ehjQrN text-element\">Dans ce contexte d\u2019inqui\u00e9tude sur un possible retour de la guerre, l\u2019Allemagne inaugure dimanche 15 juin sa \u00abJourn\u00e9e des v\u00e9t\u00e9rans\u00bb qui rend hommage aux anciens combattants pour la premi\u00e8re fois dans l\u2019histoire de la R\u00e9publique f\u00e9d\u00e9rale. \u00abBeaucoup de soldats en Afghanistan se sont sentis seuls face, notamment, aux cons\u00e9quences psychologiques de leur mission\u00bb, rappelle S\u00f6nke Neitzel, historien militaire \u00e0 l\u2019universit\u00e9 de Potsdam. Mais c\u2019est avant tout aux 10 millions de soldats de la Bundeswehr, actifs ou \u00e0 la retraite, que cette journ\u00e9e rend hommage.<\/p>\n<p class=\"sc-ksZaOG ehjQrN text-element\">A Berlin, autour du b\u00e2timent du Reichstag, l\u2019arm\u00e9e a dress\u00e9 un vaste \u00abvillage des v\u00e9t\u00e9rans\u00bb avec des estrades pour des d\u00e9bats, des stands d\u2019information qui c\u00f4toieront les food-trucks, le tout rythm\u00e9 par des concerts. Une vaste op\u00e9ration de communication pour redorer le blason de la Bundeswehr, longtemps mal aim\u00e9e de la population.<\/p>\n<p class=\"sc-ksZaOG ehjQrN text-element\"><a href=\"https:\/\/www.liberation.fr\/international\/europe\/guerre-en-ukraine-en-quete-dune-paix-durable-volodymyr-zelensky-reunit-les-dirigeants-europeens-samedi-20250509_S4XOEHC2QND7RICW3L2WIWYQTA\/?redirected=1\" target=\"_blank\" rel=\"nofollow noopener\" title=\"https:\/\/www.liberation.fr\/international\/europe\/guerre-en-ukraine-en-quete-dune-paix-durable-volodymyr-zelensky-reunit-les-dirigeants-europeens-samedi-20250509_S4XOEHC2QND7RICW3L2WIWYQTA\/?redirected=1\">Depuis la guerre en Ukraine<\/a>, il y a trois ans, ces soldats sont des h\u00e9ros. L\u2019Allemagne a non seulement d\u00e9cid\u00e9 de remettre son arm\u00e9e debout mais elle veut aussi se doter de l\u2019arm\u00e9e conventionnelle \u00abla plus puissante d\u2019Europe\u00bb, selon les termes du <a href=\"https:\/\/www.liberation.fr\/international\/europe\/friedrich-merz-elu-chancelier-allemand-leurope-au-coeur-20250506_5PTLUB7CHVA6VMZYVAUSABNB4Y\/\" target=\"_blank\" rel=\"nofollow noopener\" title=\"https:\/\/www.liberation.fr\/international\/europe\/friedrich-merz-elu-chancelier-allemand-leurope-au-coeur-20250506_5PTLUB7CHVA6VMZYVAUSABNB4Y\/\">nouveau chancelier, Friedrich Merz.<\/a><\/p>\n<p class=\"sc-ksZaOG ehjQrN text-element\">Le lieutenant-g\u00e9n\u00e9ral Alfons Mais, actuel inspecteur g\u00e9n\u00e9ral de l\u2019arm\u00e9e de Terre (\u00e9quivalent de chef d\u2019\u00e9tat-major en Allemagne) a qualifi\u00e9 la Bundeswehr, d\u2019\u00abexsangue\u00bb. Son redressement va engloutir des sommes colossales. Ignorant superbement la rigueur budg\u00e9taire \u00e0 laquelle les Allemands sont traditionnellement attach\u00e9s, Merz a arrach\u00e9 au Bundestag une r\u00e9forme constitutionnelle historique pour <a href=\"https:\/\/www.liberation.fr\/international\/europe\/en-allemagne-friedrich-merz-obtient-le-feu-vert-pour-son-maxi-plan-dinvestissement-et-devient-le-chancelier-le-plus-cher-de-lhistoire-20250314_ZPXHKJYPL5CGBOUKKG5JJII3LA\/\" target=\"_blank\" rel=\"nofollow noopener\" title=\"https:\/\/www.liberation.fr\/international\/europe\/en-allemagne-friedrich-merz-obtient-le-feu-vert-pour-son-maxi-plan-dinvestissement-et-devient-le-chancelier-le-plus-cher-de-lhistoire-20250314_ZPXHKJYPL5CGBOUKKG5JJII3LA\/\">faire sauter le verrou de la dette sur toutes les d\u00e9penses<\/a> concernant la d\u00e9fense. \u00abQuoi qu\u2019il en co\u00fbte\u00bb, mart\u00e8le le chancelier. Au moins 500 milliards d\u2019euros, avancent les experts.<\/p>\n<p class=\"sc-ksZaOG ehjQrN text-element\">Berlin a promis de suivre les exigences de Donald Trump sur ses d\u00e9penses militaires en consacrant 3,5 % du PIB \u00e0 son arm\u00e9e et 1,5 % aux infrastructures logistiques (routes, casernes, chemins de fer). Le programme de r\u00e9armement est tellement gigantesque qu\u2019il pourrait devenir le moteur de la croissance de l\u2019\u00e9conomie stagnante.<\/p>\n<p class=\"sc-ksZaOG ehjQrN text-element\">Pour r\u00e9pondre aux exigences de l\u2019Otan, l\u2019Allemagne pr\u00e9pare une mont\u00e9e en puissance de ses effectifs militaires. D\u2019ici 2031, la Bundeswehr devra passer de 180 000 soldats actuellement \u00e0 plus de 250 000. Un objectif ambitieux, qui soul\u00e8ve une question sensible : faudra-t-il r\u00e9tablir la conscription, suspendue en 2011 ? C\u2019est in\u00e9vitable, estime le porte-parole de la politique ext\u00e9rieure de la CDU, Norbert R\u00f6ttgen : \u00abLe service sur la simple base volontaire ne suffira pas \u00e0 r\u00e9pondre \u00e0 la p\u00e9nurie.\u00bb<\/p>\n<p class=\"sc-ksZaOG ehjQrN text-element\">L\u2019\u00e9cologiste Joschka Fischer qui a lutt\u00e9 toute sa jeunesse contre la conscription va m\u00eame plus loin en r\u00e9clamant la mobilisation des femmes. L\u2019ancien ministre des Affaires \u00e9trang\u00e8res veut un service obligatoire et mixte : \u00abL\u2019Allemagne doit \u00eatre pr\u00eate \u00e0 se battre pour la libert\u00e9.\u00bb Sa position est celle de tout le parti Die Gr\u00fcnen, le seul \u00e0 \u00eatre favorable \u00e0 la livraison de missiles de croisi\u00e8re \u00e0 Kyiv.<\/p>\n<p class=\"sc-ksZaOG ehjQrN text-element\">Le ministre de la D\u00e9fense, qui confirme que les nouveaux objectifs de l\u2019Otan n\u00e9cessiteront 60 000 soldats allemands suppl\u00e9mentaires (contre une estimation de seulement 20 000 il y a un an), pr\u00e9pare pour cet \u00e9t\u00e9 le vote d\u2019un texte comprenant un \u00abplan B\u00bb important : si le recrutement sur la base volontaire ne suffit pas, la conscription sera r\u00e9tablie.<\/p>\n<p class=\"sc-ksZaOG ehjQrN text-element\">Ce positionnement va-t-en-guerre provoque \u00e9videmment des r\u00e9actions \u00e9pidermiques du c\u00f4t\u00e9 des anciens pacifistes. L\u2019aile gauche du SPD, men\u00e9e par une vieille garde sociale-d\u00e9mocrate qui fait r\u00e9f\u00e9rence \u00e0 la strat\u00e9gie de d\u00e9tente d\u2019un Willy Brandt ou \u00e0 Gorbatchev, a publi\u00e9 mercredi un \u00abmanifeste\u00bb \u2013 un grand mot pour un document de quatre pages, appelant \u00e0 une reprise du dialogue avec Moscou. Les 100 signataires du SPD, dont cinq d\u00e9put\u00e9s, d\u00e9noncent la \u00abcourse aux armements\u00bb du gouvernement Merz et la rh\u00e9torique guerri\u00e8re de leur camarade SPD charg\u00e9 de la D\u00e9fense dans la coalition au pouvoir, Boris Pistorius qui a d\u00e9clar\u00e9 que l\u2019Allemagne devait de nouveau \u00eatre \u00abcapable de faire une guerre\u00bb. Kriegst\u00fcchtig, en allemand dans le texte.<\/p>\n<p class=\"sc-ksZaOG ehjQrN text-element\">\u00abN\u2019importe quel idiot est capable de parler d\u2019armes. En revanche, la diplomatie, c\u2019est plus difficile. C\u2019est de l\u2019art\u00bb, a grinc\u00e9 Ralf Stegner, l\u2019un des initiateurs du manifeste. Le jour de sa parution, Boris Pistorius \u00e9tait \u00e0 Kyiv pour annoncer une nouvelle aide militaire de pr\u00e8s de 2 milliards, taclant le \u00abd\u00e9ni de r\u00e9alit\u00e9\u00bb d\u2019une partie de son parti.<\/p>\n","protected":false},"excerpt":{"rendered":"Installer un \u00abd\u00f4me de fer\u00bb \u00e0 Berlin, comme en Isra\u00ebl, pour intercepter les obus de Vladimir Poutine ?&hellip;\n","protected":false},"author":2,"featured_media":176177,"comment_status":"","ping_status":"","sticky":false,"template":"","format":"standard","meta":{"footnotes":""},"categories":[1587],"tags":[11,672,1804,1805,1803,1777,674,4710,1801,12,136,1802,15770],"class_list":{"0":"post-176176","1":"post","2":"type-post","3":"status-publish","4":"format-standard","5":"has-post-thumbnail","7":"category-allemagne","8":"tag-actualites","9":"tag-allemagne","10":"tag-bundesrepublik-deutschland","11":"tag-de","12":"tag-deutschland","13":"tag-eu","14":"tag-europe","15":"tag-friedrich-merz","16":"tag-germany","17":"tag-news","18":"tag-otan","19":"tag-republique-federale-dallemagne","20":"tag-spd"},"share_on_mastodon":{"url":"https:\/\/pubeurope.com\/@fr\/114682374584465022","error":""},"_links":{"self":[{"href":"https:\/\/www.europesays.com\/fr\/wp-json\/wp\/v2\/posts\/176176","targetHints":{"allow":["GET"]}}],"collection":[{"href":"https:\/\/www.europesays.com\/fr\/wp-json\/wp\/v2\/posts"}],"about":[{"href":"https:\/\/www.europesays.com\/fr\/wp-json\/wp\/v2\/types\/post"}],"author":[{"embeddable":true,"href":"https:\/\/www.europesays.com\/fr\/wp-json\/wp\/v2\/users\/2"}],"replies":[{"embeddable":true,"href":"https:\/\/www.europesays.com\/fr\/wp-json\/wp\/v2\/comments?post=176176"}],"version-history":[{"count":0,"href":"https:\/\/www.europesays.com\/fr\/wp-json\/wp\/v2\/posts\/176176\/revisions"}],"wp:featuredmedia":[{"embeddable":true,"href":"https:\/\/www.europesays.com\/fr\/wp-json\/wp\/v2\/media\/176177"}],"wp:attachment":[{"href":"https:\/\/www.europesays.com\/fr\/wp-json\/wp\/v2\/media?parent=176176"}],"wp:term":[{"taxonomy":"category","embeddable":true,"href":"https:\/\/www.europesays.com\/fr\/wp-json\/wp\/v2\/categories?post=176176"},{"taxonomy":"post_tag","embeddable":true,"href":"https:\/\/www.europesays.com\/fr\/wp-json\/wp\/v2\/tags?post=176176"}],"curies":[{"name":"wp","href":"https:\/\/api.w.org\/{rel}","templated":true}]}}