{"id":176178,"date":"2025-06-14T15:15:09","date_gmt":"2025-06-14T15:15:09","guid":{"rendered":"https:\/\/www.europesays.com\/fr\/176178\/"},"modified":"2025-06-14T15:15:09","modified_gmt":"2025-06-14T15:15:09","slug":"cyclisme-la-reunionnaise-lea-grondin-selectionnee-pour-les-championnats-deurope-sur-piste","status":"publish","type":"post","link":"https:\/\/www.europesays.com\/fr\/176178\/","title":{"rendered":"Cyclisme\u00a0: la R\u00e9unionnaise L\u00e9a Grondin s\u00e9lectionn\u00e9e pour les championnats d\u2019Europe sur piste"},"content":{"rendered":"<p>La cycliste r\u00e9unionnaise L\u00e9a Grondin a \u00e9t\u00e9 s\u00e9lectionn\u00e9e en \u00e9quipe de France pour les championnats d\u2019Europe au Portugal.<\/p>\n<p style=\"text-align: justify;\">Une tr\u00e8s belle r\u00e9compense pour L\u00e9a Grondin. La cycliste p\u00e9i disputera les championnats d\u2019Europe sur piste avec l\u2019\u00e9quipe de France. La comp\u00e9tition se d\u00e9roulera du 15 au 20 juillet\u00a0prochain \u00e0 Anadia au Portugal.<\/p>\n<p style=\"text-align: justify;\">Un beau cadeau de f\u00eate des P\u00e8res pour son papa\u00a0: \u00ab\u00a0C\u2019est une fiert\u00e9 pour moi pour la famille et pour le cyclisme \u00e0 La R\u00e9union\u00a0\u00bb se r\u00e9jouit-il.<\/p>\n<p style=\"text-align: justify;\">Cette s\u00e9lection vient r\u00e9compenser son parcours exemplaire.<\/p>\n<p style=\"text-align: justify;\">F\u00e9licitations L\u00e9a\u00a0!<\/p>\n","protected":false},"excerpt":{"rendered":"La cycliste r\u00e9unionnaise L\u00e9a Grondin a \u00e9t\u00e9 s\u00e9lectionn\u00e9e en \u00e9quipe de France pour les championnats d\u2019Europe au Portugal.&hellip;\n","protected":false},"author":2,"featured_media":176179,"comment_status":"","ping_status":"","sticky":false,"template":"","format":"standard","meta":{"footnotes":""},"categories":[1586],"tags":[47,11,1777,674,1011,27,6335,1922,6336,12,7224,25,104],"class_list":{"0":"post-176178","1":"post","2":"type-post","3":"status-publish","4":"format-standard","5":"has-post-thumbnail","7":"category-europe","8":"tag-actualite","9":"tag-actualites","10":"tag-eu","11":"tag-europe","12":"tag-fr","13":"tag-france","14":"tag-home-page","15":"tag-info","16":"tag-la-reunion","17":"tag-news","18":"tag-newsletter-soir","19":"tag-republique-francaise","20":"tag-societe"},"share_on_mastodon":{"url":"","error":""},"_links":{"self":[{"href":"https:\/\/www.europesays.com\/fr\/wp-json\/wp\/v2\/posts\/176178","targetHints":{"allow":["GET"]}}],"collection":[{"href":"https:\/\/www.europesays.com\/fr\/wp-json\/wp\/v2\/posts"}],"about":[{"href":"https:\/\/www.europesays.com\/fr\/wp-json\/wp\/v2\/types\/post"}],"author":[{"embeddable":true,"href":"https:\/\/www.europesays.com\/fr\/wp-json\/wp\/v2\/users\/2"}],"replies":[{"embeddable":true,"href":"https:\/\/www.europesays.com\/fr\/wp-json\/wp\/v2\/comments?post=176178"}],"version-history":[{"count":0,"href":"https:\/\/www.europesays.com\/fr\/wp-json\/wp\/v2\/posts\/176178\/revisions"}],"wp:featuredmedia":[{"embeddable":true,"href":"https:\/\/www.europesays.com\/fr\/wp-json\/wp\/v2\/media\/176179"}],"wp:attachment":[{"href":"https:\/\/www.europesays.com\/fr\/wp-json\/wp\/v2\/media?parent=176178"}],"wp:term":[{"taxonomy":"category","embeddable":true,"href":"https:\/\/www.europesays.com\/fr\/wp-json\/wp\/v2\/categories?post=176178"},{"taxonomy":"post_tag","embeddable":true,"href":"https:\/\/www.europesays.com\/fr\/wp-json\/wp\/v2\/tags?post=176178"}],"curies":[{"name":"wp","href":"https:\/\/api.w.org\/{rel}","templated":true}]}}