{"id":176195,"date":"2025-06-14T15:26:11","date_gmt":"2025-06-14T15:26:11","guid":{"rendered":"https:\/\/www.europesays.com\/fr\/176195\/"},"modified":"2025-06-14T15:26:11","modified_gmt":"2025-06-14T15:26:11","slug":"horner-espere-que-barcelone-restera-une-lecon-pour-verstappen","status":"publish","type":"post","link":"https:\/\/www.europesays.com\/fr\/176195\/","title":{"rendered":"Horner esp\u00e8re que Barcelone restera une \u00ab\u00a0le\u00e7on\u00a0\u00bb pour Verstappen"},"content":{"rendered":"<p>\u00ab\u00a0Non, rien n&rsquo;a chang\u00e9. Pourquoi devrais-je changer\u00a0?\u00a0\u00bb Malgr\u00e9 le spectre d&rsquo;une exclusion pour un course, son contact avec <a href=\"https:\/\/fr.motorsport.com\/driver\/george-russell\/96626\/\" target=\"_blank\" rel=\"noopener\">George Russell<\/a> au GP d&rsquo;Espagne l&rsquo;ayant mis \u00e0 un point de p\u00e9nalit\u00e9 de cette lourde sanction, <a href=\"https:\/\/fr.motorsport.com\/driver\/max-verstappen\/93029\/\" target=\"_blank\" rel=\"noopener\">Max Verstappen<\/a> a assur\u00e9 qu&rsquo;il <a href=\"https:\/\/fr.motorsport.com\/f1\/news\/verstappen-risque-suspension-pas-changer-pilotage\/10732006\/\" target=\"_blank\" rel=\"noopener\">ne changerait pas de comportement en piste<\/a> en arrivant \u00e0 Montr\u00e9al. Christian Horner ne para\u00eet pas aussi convaincu.<\/p>\n<p>Interrog\u00e9 sur de potentielles remontrances en interne, le patron de <a href=\"https:\/\/fr.motorsport.com\/team\/red-bull\/553\/\" target=\"_blank\" rel=\"noopener\">Red Bull<\/a> n&rsquo;a pas voulu entrer dans le d\u00e9tail, en faisant n\u00e9anmoins part de son espoir que cet \u00e9pisode serve de le\u00e7on \u00e0 Verstappen.<\/p>\n<p>\u00ab\u00a0On parle toujours de ces choses en priv\u00e9 et vous savez, Max a pr\u00e9sent\u00e9 ses excuses \u00e0 l&rsquo;\u00e9quipe\u00a0\u00bb, a soulign\u00e9 Horner au micro de Sky Sports F1. \u00ab\u00a0Il sait que la p\u00e9nalit\u00e9 qui est naturellement venue avec \u00e7a \u00e9tait s\u00e9v\u00e8re. Et on apprend toujours dans la vie, c&rsquo;est s\u00fbr qu&rsquo;il y a des le\u00e7ons \u00e0 tirer de cette course.\u00a0\u00bb<\/p>\n<p>Le fait que Verstappen ait <a href=\"https:\/\/fr.motorsport.com\/f1\/news\/verstappen-presente-excuses-red-bull\/10729105\/\" target=\"_blank\" rel=\"noopener\">reconnu sa responsabilit\u00e9<\/a> \u00e9tait d\u00e9j\u00e0 une \u00e9tape importante, qui montre qu&rsquo;il a pris conscience de son erreur\u00a0: \u00ab\u00a0[Les excuses] sont venues dans le d\u00e9briefing. C&rsquo;\u00e9tait \u00e9videmment une course tr\u00e8s frustrante pour lui, ainsi que pour l&rsquo;\u00e9quipe. C&rsquo;est le genre de situation o\u00f9 il a accept\u00e9 qu&rsquo;avec le recul, il n&rsquo;aurait pas fait \u00e7a, j&rsquo;en suis certain. Mais il y a tout un tas de circonstances qui ont men\u00e9 \u00e0 \u00e7a.\u00a0\u00bb<\/p>\n<p>Lire aussi :<\/p>\n<p>Horner voit en quelque sorte l&rsquo;incident de Barcelone comme le revers de la m\u00e9daille chez un Verstappen fougueux, capable de donner le meilleur de lui-m\u00eame mais aussi de commettre des actes qu&rsquo;il regrette par la suite.<\/p>\n<p>\u00ab\u00a0C&rsquo;est un pilote qui a de fortes \u00e9motions et \u00e7a fait partie de ce qui le d\u00e9finit, c&rsquo;est l&rsquo;\u00e9motion avec laquelle il roule qui le rend brillant. Vous savez, il ne cache pas ses \u00e9motions et parfois, on fait des erreurs de jugement, ce que l&rsquo;on a vu chez tous les grands, que ce soit [Ayrton] Senna ou [Michael] Schumacher, tous les grands champions au fil des ann\u00e9es.\u00a0\u00bb<\/p>\n<p>   <img decoding=\"async\" draggable=\"false\" src=\"https:\/\/www.europesays.com\/fr\/wp-content\/uploads\/2025\/06\/1749914771_791_max-verstappen-red-bull-racing.jpg\" alt=\"Max Verstappen, Red Bull Racing\" width=\"1200\" height=\"800\" loading=\"lazy\"\/> <\/p>\n<p class=\"title\">Max Verstappen, Red Bull Racing<\/p>\n<p class=\"photographer\">Photo de: Sam Bloxham \/ Motorsport Images<\/p>\n<p>\u00ab\u00a0Et je pense que le plus important est que quand il est revenu, il a imm\u00e9diatement pr\u00e9sent\u00e9 ses excuses \u00e0 l&rsquo;\u00e9quipe, il \u00e9tait frustr\u00e9 parce qu&rsquo;il a clairement perdu beaucoup de points ce jour-l\u00e0.\u00a0\u00bb<\/p>\n<p>Verstappen s&rsquo;est \u00e9galement rapproch\u00e9 du risque d&rsquo;\u00eatre priv\u00e9 d&rsquo;une course s&rsquo;il re\u00e7oit de nouveaux points de p\u00e9nalit\u00e9 lors des deux prochaines \u00e9preuves, mais Horner refuse de se placer dans cette \u00e9ventualit\u00e9. Il a ainsi \u00e9lud\u00e9 l&rsquo;id\u00e9e d&rsquo;un plan de secours s&rsquo;il devait aligner un autre pilote.<\/p>\n<p>\u00ab\u00a0On g\u00e8rerait \u00e7a si cela se produisait\u00a0\u00bb, a-t-il simplement r\u00e9pondu, \u00e9voquant une situation que Red Bull \u00ab\u00a0essaie d\u00e9sesp\u00e9r\u00e9ment d&rsquo;\u00e9viter\u00a0\u00bb. \u00ab\u00a0Si cela devait se produire, nous avons assez de pilotes \u00e0 promouvoir, au sein des pilotes Red Bull\u00a0\u00bb, a-t-il pr\u00e9cis\u00e9.\u00a0\u00c0 savoir les titulaires de\u00a0<a href=\"https:\/\/fr.motorsport.com\/team\/racing-bulls-610\/610\/\" target=\"_blank\" rel=\"noopener\">Racing Bulls<\/a>, <a href=\"https:\/\/fr.motorsport.com\/driver\/isack-hadjar\/876622\/\" target=\"_blank\" rel=\"noopener\">Isack Hadjar<\/a> et <a href=\"https:\/\/fr.motorsport.com\/driver\/liam-lawson\/826061\/\" target=\"_blank\" rel=\"noopener\">Liam Lawson<\/a>, mais aussi <a href=\"https:\/\/fr.motorsport.com\/driver\/arvid-lindblad\/953966\/\" target=\"_blank\" rel=\"noopener\">Arvid Lindblad<\/a>, qui vient <a href=\"https:\/\/fr.motorsport.com\/f1\/news\/arvid-lindblad-derogation-piloter-red-bull\/10731335\/\" target=\"_blank\" rel=\"noopener\">d&rsquo;obtenir sa Super Licence<\/a>, ou encore <a href=\"https:\/\/fr.motorsport.com\/driver\/ayumu-iwasa\/876046\/\" target=\"_blank\" rel=\"noopener\">Ayumu Iwasa<\/a>.<\/p>\n<p style=\"text-align: right;\">Avec Ed Hardy<\/p>\n<p>Lire aussi :<\/p>\n<p>Dans cet article<\/p>\n<p>    Vincent Lalanne-Sicaud\n<\/p>\n<p>    Formule 1\n<\/p>\n<p>    Max Verstappen\n<\/p>\n<p>    Red Bull\n<\/p>\n<p>Soyez le premier inform\u00e9 et souscrivez aux alertes mails pour recevoir les infos en temps r\u00e9el<\/p>\n<p>    S&rsquo;abonner aux alertes de news<\/p>\n","protected":false},"excerpt":{"rendered":"\u00ab\u00a0Non, rien n&rsquo;a chang\u00e9. Pourquoi devrais-je changer\u00a0?\u00a0\u00bb Malgr\u00e9 le spectre d&rsquo;une exclusion pour un course, son contact avec&hellip;\n","protected":false},"author":2,"featured_media":176196,"comment_status":"","ping_status":"","sticky":false,"template":"","format":"standard","meta":{"footnotes":""},"categories":[1412],"tags":[1451,1452,1453,1454,1455,1011,27,2236,2255,60],"class_list":{"0":"post-176195","1":"post","2":"type-post","3":"status-publish","4":"format-standard","5":"has-post-thumbnail","7":"category-f1","8":"tag-f1","9":"tag-formula-1","10":"tag-formula1","11":"tag-formule-1","12":"tag-formule1","13":"tag-fr","14":"tag-france","15":"tag-max-verstappen","16":"tag-red-bull","17":"tag-sports"},"share_on_mastodon":{"url":"https:\/\/pubeurope.com\/@fr\/114682421766344600","error":""},"_links":{"self":[{"href":"https:\/\/www.europesays.com\/fr\/wp-json\/wp\/v2\/posts\/176195","targetHints":{"allow":["GET"]}}],"collection":[{"href":"https:\/\/www.europesays.com\/fr\/wp-json\/wp\/v2\/posts"}],"about":[{"href":"https:\/\/www.europesays.com\/fr\/wp-json\/wp\/v2\/types\/post"}],"author":[{"embeddable":true,"href":"https:\/\/www.europesays.com\/fr\/wp-json\/wp\/v2\/users\/2"}],"replies":[{"embeddable":true,"href":"https:\/\/www.europesays.com\/fr\/wp-json\/wp\/v2\/comments?post=176195"}],"version-history":[{"count":0,"href":"https:\/\/www.europesays.com\/fr\/wp-json\/wp\/v2\/posts\/176195\/revisions"}],"wp:featuredmedia":[{"embeddable":true,"href":"https:\/\/www.europesays.com\/fr\/wp-json\/wp\/v2\/media\/176196"}],"wp:attachment":[{"href":"https:\/\/www.europesays.com\/fr\/wp-json\/wp\/v2\/media?parent=176195"}],"wp:term":[{"taxonomy":"category","embeddable":true,"href":"https:\/\/www.europesays.com\/fr\/wp-json\/wp\/v2\/categories?post=176195"},{"taxonomy":"post_tag","embeddable":true,"href":"https:\/\/www.europesays.com\/fr\/wp-json\/wp\/v2\/tags?post=176195"}],"curies":[{"name":"wp","href":"https:\/\/api.w.org\/{rel}","templated":true}]}}