{"id":176203,"date":"2025-06-14T15:30:13","date_gmt":"2025-06-14T15:30:13","guid":{"rendered":"https:\/\/www.europesays.com\/fr\/176203\/"},"modified":"2025-06-14T15:30:13","modified_gmt":"2025-06-14T15:30:13","slug":"moselle-le-pompidou-metz-copieur-audacieux-du-louvre-de-paris-pour-sa-nouvelle-exposition","status":"publish","type":"post","link":"https:\/\/www.europesays.com\/fr\/176203\/","title":{"rendered":"Moselle. Le Pompidou-Metz, \u00ab copieur \u00bb audacieux du Louvre de Paris pour sa nouvelle exposition"},"content":{"rendered":"<p>Ce n\u2019est pas beau de copier ? Si, c\u2019est beau ! Samedi 14 juin, le centre Pompidou-Metz, \u00ab en collaboration exceptionnelle avec le mus\u00e9e du Louvre \u00bb, lancera l\u2019exposition Copistes. L\u2019id\u00e9e est g\u00e9niale : proposer \u00e0 cent artistes de copier une \u0153uvre du Louvre. 100 \u00ab cartes blanches \u00bb de premier plan, dont une \u0153uvre de Jeff Koons, pour ne citer que le plus m\u00e9diatique. \u00ab Aucune barri\u00e8re sur le support \u00bb, ajoute Donatien Grau, conseiller pour les programmes contemporains du Louvre. Peinture, sculpture, po\u00e9sie, installation\u2026 L\u2019exposition est foisonnante.<\/p>\n<p>Le visiteur ne tombera pas sur une Joconde plus vraie que nature. \u00ab Ce n\u2019est pas une exposition de copies, mais de copistes, souligne Donatien Grau. Ce sont les artistes, dans leur individualit\u00e9, qui sont au c\u0153ur de l\u2019exposition. \u00bb De mani\u00e8re plus pr\u00e9cise, une question vertigineuse se pose au visiteur, comme seul l\u2019art peut en soulever : \ufeff\u00ab Comment r\u00e9activer des \u0153uvres du patrimoine ? \u00bb, glisse Donatien Grau. Ce dialogue entre le Louvre et le Pompidou-Metz est en toile de fond. L\u2019\u0153uvre initialement rabaiss\u00e9e, la copie, devient une \u0153uvre d\u2019art \u00e0 part enti\u00e8re. Elle prolonge ou questionne l\u2019\u0153uvre initiale, prisonni\u00e8re de son \u00e9crin d\u2019\u0153uvre appartenant au patrimoine.<\/p>\n<p>  \u00ab R\u00e9activer le patrimoine \u00bb<\/p>\n<p>Jeff Koons nous propose ainsi une Aphrodite antique sublim\u00e9e par ses ballons p\u00e9tillants. Jill Mulleady (Uruguay\/Suisse) revisite La Petite mendiante rousse d\u2019\u00c9mile Deroy (XIXe) avec la m\u00e9thode de l\u2019huile sur verre. L\u2019\u0153uvre s\u2019observe sur les deux faces. La petite fille, si p\u00e2le dans l\u2019original, conserve sa fragilit\u00e9. Mais elle a du feu dans les cheveux, son regard bleu glacial ne semble rien mendier. Guilia Andreani (form\u00e9e aux Beaux-Arts de Venise) casse les codes de la Dentelli\u00e8re  de Vermeer. \u00ab L\u2019\u0153uvre originale est une peinture \u00e0 l\u2019huile de petite dimension, explique l\u2019artiste, pr\u00e9sente \u00e0 Metz pour le vernissage. \u00c0 l\u2019inverse, j\u2019ai r\u00e9alis\u00e9 une grande peinture en utilisant la technique de l\u2019aquarelle. \u00bb Contre-pied magnifique. Alors copie ou pas copie ? Ne manquez pas l\u2019une des expositions les plus exaltantes du Pompidou-Metz de ces derni\u00e8res ann\u00e9es.<\/p>\n<p class=\"note\">\u00ab Copistes \u00bb, Pompidou-Metz, du 14 juin au 2 avril, cent artistes contemporains sur 1 200 m2.<\/p>\n","protected":false},"excerpt":{"rendered":"Ce n\u2019est pas beau de copier ? Si, c\u2019est beau ! Samedi 14 juin, le centre Pompidou-Metz, \u00ab&hellip;\n","protected":false},"author":2,"featured_media":176204,"comment_status":"","ping_status":"","sticky":false,"template":"","format":"standard","meta":{"footnotes":""},"categories":[1358],"tags":[1348,1384,1385,1687,1386,58,5598,59,2271,1011,27,6212,6213,3456],"class_list":{"0":"post-176203","1":"post","2":"type-post","3":"status-publish","4":"format-standard","5":"has-post-thumbnail","7":"category-arts-et-design","8":"tag-arts","9":"tag-arts-and-design","10":"tag-arts-et-design","11":"tag-culture-loisirs","12":"tag-design","13":"tag-divertissement","14":"tag-edition-metz-et-agglomeration","15":"tag-entertainment","16":"tag-exposition-arts-plastiques","17":"tag-fr","18":"tag-france","19":"tag-metz","20":"tag-metz-ville-57b","21":"tag-region-lorraine"},"share_on_mastodon":{"url":"https:\/\/pubeurope.com\/@fr\/114682437587394317","error":""},"_links":{"self":[{"href":"https:\/\/www.europesays.com\/fr\/wp-json\/wp\/v2\/posts\/176203","targetHints":{"allow":["GET"]}}],"collection":[{"href":"https:\/\/www.europesays.com\/fr\/wp-json\/wp\/v2\/posts"}],"about":[{"href":"https:\/\/www.europesays.com\/fr\/wp-json\/wp\/v2\/types\/post"}],"author":[{"embeddable":true,"href":"https:\/\/www.europesays.com\/fr\/wp-json\/wp\/v2\/users\/2"}],"replies":[{"embeddable":true,"href":"https:\/\/www.europesays.com\/fr\/wp-json\/wp\/v2\/comments?post=176203"}],"version-history":[{"count":0,"href":"https:\/\/www.europesays.com\/fr\/wp-json\/wp\/v2\/posts\/176203\/revisions"}],"wp:featuredmedia":[{"embeddable":true,"href":"https:\/\/www.europesays.com\/fr\/wp-json\/wp\/v2\/media\/176204"}],"wp:attachment":[{"href":"https:\/\/www.europesays.com\/fr\/wp-json\/wp\/v2\/media?parent=176203"}],"wp:term":[{"taxonomy":"category","embeddable":true,"href":"https:\/\/www.europesays.com\/fr\/wp-json\/wp\/v2\/categories?post=176203"},{"taxonomy":"post_tag","embeddable":true,"href":"https:\/\/www.europesays.com\/fr\/wp-json\/wp\/v2\/tags?post=176203"}],"curies":[{"name":"wp","href":"https:\/\/api.w.org\/{rel}","templated":true}]}}