{"id":176207,"date":"2025-06-14T15:32:10","date_gmt":"2025-06-14T15:32:10","guid":{"rendered":"https:\/\/www.europesays.com\/fr\/176207\/"},"modified":"2025-06-14T15:32:10","modified_gmt":"2025-06-14T15:32:10","slug":"quels-sont-les-invites-de-laurent-ruquier-ce-samedi-14-juin-pour-la-premiere-de-son-talk-show-sur-t18","status":"publish","type":"post","link":"https:\/\/www.europesays.com\/fr\/176207\/","title":{"rendered":"Quels sont les invit\u00e9s de Laurent Ruquier ce samedi 14 juin pour la premi\u00e8re de son talk-show sur T18 ?"},"content":{"rendered":"<p>Le pr\u00e9sentateur lance ce soir \u00abChez Ruquier\u00bb, une \u00e9mission in\u00e9dite dans laquelle il re\u00e7oit six personnalit\u00e9s du monde culturel sur la nouvelle cha\u00eene de la TNT.<\/p>\n<p class=\"fig-paragraph\">C\u2019est encore une premi\u00e8re que s\u2019appr\u00eate \u00e0 vivre ce soir\u00a0<a href=\"https:\/\/www.lefigaro.fr\/tag\/laurent-ruquier\" target=\"_blank\" rel=\"noopener nofollow\" data-gtm-custom-categorie=\"navigation\" data-gtm-custom-action=\"crossclick\" data-gtm-custom-label=\"Contextuel\" data-gtm-event=\"customEventSPE\"><strong>Laurent Ruquier<\/strong><\/a> .\u00a0<a href=\"http:\/\/tvmag.lefigaro.fr\/programme-tv\/actu-tele\/on-se-lance-laurent-ruquier-donne-le-coup-d-envoi-de-la-nouvelle-chaine-t18-20250606\" target=\"_blank\" data-fig-type=\"Article\" rel=\"noopener nofollow\" data-gtm-custom-categorie=\"navigation\" data-gtm-custom-action=\"crossclick\" data-gtm-custom-label=\"Contextuel\" data-gtm-event=\"customEventSPE\" data-fig-domain=\"TVMAG\">Une semaine apr\u00e8s avoir lanc\u00e9 la cha\u00eene T18<\/a>, nouvelle venue sur la TNT, l\u2019animateur encha\u00eene ce samedi 14 juin en pr\u00e9sentant la premi\u00e8re de son talk-show culturel baptis\u00e9 \u00abChez Ruquier\u00bb.<\/p>\n<p class=\"fig-paragraph\">Dans cette \u00e9mission, diffus\u00e9e chaque samedi soir de 20 \u00e0 21 heures, l\u2019ancien animateur d\u2019\u00abOn n\u2019est pas couch\u00e9\u00bb sur France 2 promet une pluralit\u00e9 culturelle.<\/p>\n<p class=\"fig-body-link\">\n            \u00c0 lire aussi<br \/>\n        <a class=\"fig-body-link__link\" href=\"http:\/\/tvmag.lefigaro.fr\/programme-tv\/actu-tele\/laurent-ruquier-bientot-a-la-tete-d-une-emission-culturelle-sur-t18-je-ne-regarde-jamais-quelle-epoque-20250524\" target=\"_blank\" data-fig-type=\"Article\" rel=\"noopener nofollow\" data-gtm-custom-categorie=\"navigation\" data-gtm-custom-action=\"crossclick\" data-gtm-custom-label=\"Contextuel\" data-gtm-event=\"customEventSPE\" data-fig-domain=\"TVMAG\">Laurent Ruquier, bient\u00f4t \u00e0 la t\u00eate d\u2019une \u00e9mission culturelle sur T18\u00a0: \u00abJe ne regarde jamais \u201cQuelle \u00e9poque\u00a0!\u201d\u00bb<br \/>\n    <\/a>\n<\/p>\n<p class=\"fig-paragraph\">\u00ab Vous serez chez moi mais en pr\u00e9sence d\u2019invit\u00e9s du domaine de la culture, th\u00e9\u00e2tre, cin\u00e9ma, bande dessin\u00e9e, litt\u00e9rature, exposition, musique. Et \u00e9videmment, j\u2019essayerai de cr\u00e9er une bonne ambiance avec les six invit\u00e9s qui seront sur le plateau\u00a0\u00bb, a-t-il expliqu\u00e9 dans une bande-annonce relay\u00e9e sur son compte X.<\/p>\n<p class=\"fig-paragraph\">Dans une autre vid\u00e9o, le pr\u00e9sentateur promet \u00ab un concentr\u00e9 de curiosit\u00e9 culturelle, de coups de c\u0153ur, d\u2019invit\u00e9s sans clash mais avec panache\u00a0\u00bb.\u00a0<\/p>\n<p class=\"fig-paragraph\">Pour le lancement de cette nouvelle \u00e9mission, qui sera rediffus\u00e9e dans la soir\u00e9e, Laurent Ruquier a invit\u00e9<a href=\"https:\/\/www.lefigaro.fr\/tag\/isabelle-carre\" target=\"_blank\" rel=\"noopener nofollow\" data-gtm-custom-categorie=\"navigation\" data-gtm-custom-action=\"crossclick\" data-gtm-custom-label=\"Contextuel\" data-gtm-event=\"customEventSPE\"><strong>\u00a0Isabelle Carr\u00e9<\/strong><\/a> . En septembre prochain, la com\u00e9dienne jouera dans la pi\u00e8ce de th\u00e9\u00e2tre Un pas de c\u00f4t\u00e9 d\u2019Anne Giafferi (Fais pas ci, fais pas \u00e7a) aux c\u00f4t\u00e9s de\u00a0<a href=\"https:\/\/www.lefigaro.fr\/tag\/bernard-campan\" target=\"_blank\" rel=\"noopener nofollow\" data-gtm-custom-categorie=\"navigation\" data-gtm-custom-action=\"crossclick\" data-gtm-custom-label=\"Contextuel\" data-gtm-event=\"customEventSPE\">Bernard Campan<\/a>, avec qui elle avait d\u00e9j\u00e0 tourn\u00e9 le film Se souvenir des belles choses de Zabou Breitman.<\/p>\n<p class=\"fig-body-link\">\n            \u00c0 lire aussi<br \/>\n        <a class=\"fig-body-link__link\" href=\"http:\/\/tvmag.lefigaro.fr\/programme-tv\/actu-tele\/je-suis-tombe-amoureux-ce-jour-la-la-jolie-declaration-de-laurent-ruquier-a-isabelle-carre-dans-c-a-vous-20250107\" target=\"_blank\" data-fig-type=\"Article\" rel=\"noopener nofollow\" data-gtm-custom-categorie=\"navigation\" data-gtm-custom-action=\"crossclick\" data-gtm-custom-label=\"Contextuel\" data-gtm-event=\"customEventSPE\" data-fig-domain=\"TVMAG\">\u00abJe suis tomb\u00e9 amoureux ce jour-l\u00e0\u00bb\u00a0: la jolie d\u00e9claration de Laurent Ruquier \u00e0 Isabelle Carr\u00e9 dans \u00abC \u00e0 vous\u00bb<br \/>\n    <\/a>\n<\/p>\n<p class=\"fig-paragraph\">L\u2019animateur accueillera aussi sur son plateau\u00a0<a href=\"https:\/\/www.lefigaro.fr\/tag\/clovis-cornillac\" target=\"_blank\" rel=\"noopener nofollow\" data-gtm-custom-categorie=\"navigation\" data-gtm-custom-action=\"crossclick\" data-gtm-custom-label=\"Contextuel\" data-gtm-event=\"customEventSPE\"><strong>Clovis Cornillac<\/strong><\/a> . L\u2019acteur, vu r\u00e9cemment dans Un petit truc en plus d\u2019Artus, est actuellement \u00e0 l\u2019affiche du long-m\u00e9trage Vacances forc\u00e9es avec, notamment, Aure Atika. Dans cette com\u00e9die, r\u00e9alis\u00e9e par Fran\u00e7ois Pr\u00e9v\u00f4t-Leygonie et Stephan Archinard, les protagonistes doivent cohabiter malgr\u00e9 leurs diff\u00e9rences.<\/p>\n<p class=\"fig-paragraph\"><strong>Lou Chauvain<\/strong> fera \u00e9galement partie des invit\u00e9s de la soir\u00e9e. La jeune femme joue actuellement son premier seul en sc\u00e8ne baptis\u00e9 Sous les paupi\u00e8res. Elle y livre son histoire personnelle dans un spectacle o\u00f9 se m\u00ealent chanson et th\u00e9\u00e2tre. Elle sera aux c\u00f4t\u00e9s de l\u2019humoriste <strong>Florence Mendez<\/strong> qui officie chaque dimanche dans l\u2019\u00e9mission \u00abLa derni\u00e8re\u00bb sur Radio Nova avec\u00a0<a href=\"https:\/\/www.lefigaro.fr\/tag\/guillaume-meurice\" target=\"_blank\" rel=\"noopener nofollow\" data-gtm-custom-categorie=\"navigation\" data-gtm-custom-action=\"crossclick\" data-gtm-custom-label=\"Contextuel\" data-gtm-event=\"customEventSPE\">Guillaume Meurice<\/a>.<\/p>\n<p class=\"fig-paragraph\">Laurent Ruquier interrogera aussi l\u2019auteur\u00a0<a href=\"https:\/\/www.lefigaro.fr\/tag\/francois-henri-deserable\" target=\"_blank\" rel=\"noopener nofollow\" data-gtm-custom-categorie=\"navigation\" data-gtm-custom-action=\"crossclick\" data-gtm-custom-label=\"Contextuel\" data-gtm-event=\"customEventSPE\"><strong>Fran\u00e7ois-Henri D\u00e9s\u00e9rable<\/strong><\/a> \u00a0qui vient de sortir le livre Chagrin d\u2019un chant inachev\u00e9\u00a0: sur la route de Che Guevara sorti aux \u00e9ditions Gallimard dans lequel il embarque les lecteurs dans une travers\u00e9e de l\u2019Am\u00e9rique du Sud.<br \/>\u00c0 ses c\u00f4t\u00e9s, le chanteur <strong>Mathieu Des Longchamps<\/strong> viendra parler de son deuxi\u00e8me album appel\u00e9 Le vert et le bleu mais aussi de sa tourn\u00e9e dans toute la France.<\/p>\n<p class=\"fig-body-link\">\n            \u00c0 lire aussi<br \/>\n        <a class=\"fig-body-link__link\" href=\"http:\/\/tvmag.lefigaro.fr\/programme-tv\/actu-tele\/on-se-lance-laurent-ruquier-donne-le-coup-d-envoi-de-la-nouvelle-chaine-t18-20250606\" target=\"_blank\" data-fig-type=\"Article\" rel=\"noopener nofollow\" data-gtm-custom-categorie=\"navigation\" data-gtm-custom-action=\"crossclick\" data-gtm-custom-label=\"Contextuel\" data-gtm-event=\"customEventSPE\" data-fig-domain=\"TVMAG\">\u00abOn se lance\u00a0!\u00bb\u00a0: Laurent Ruquier donne le coup d\u2019envoi de la nouvelle cha\u00eene T18<br \/>\n    <\/a>\n<\/p>\n<p class=\"fig-paragraph\">Avant la premi\u00e8re de \u00abChez Ruquier\u00bb, Laurent Ruquier nous avait expliqu\u00e9 la philosophie qu\u2019il allait suivre en mati\u00e8re d\u2019invit\u00e9s\u00a0: \u00ab Je vais revenir \u00e0 mes amours, c\u2019est-\u00e0-dire recevoir des invit\u00e9s r\u00e9put\u00e9s mais aussi donner leur chance \u00e0 des premiers livres, des premiers albums ou des pi\u00e8ces de th\u00e9\u00e2tre dont on ne parle pas forc\u00e9ment. C\u2019est ma marque de fabrique et c\u2019est ce que je reproche au service public\u00a0: aller toujours vers les choses qui sont d\u00e9j\u00e0 des succ\u00e8s. Alors qu\u2019il y a de la place aussi pour parler des pi\u00e8ces qui se jouent au th\u00e9\u00e2tre du Lucernaire ou ailleurs\u00a0\u00bb.<\/p>\n","protected":false},"excerpt":{"rendered":"Le pr\u00e9sentateur lance ce soir \u00abChez Ruquier\u00bb, une \u00e9mission in\u00e9dite dans laquelle il re\u00e7oit six personnalit\u00e9s du monde&hellip;\n","protected":false},"author":2,"featured_media":176208,"comment_status":"","ping_status":"","sticky":false,"template":"","format":"standard","meta":{"footnotes":""},"categories":[1356],"tags":[497,496,499,58,59,1011,27,31190,1759,500,504,505,495,503,502,501,29964,252,1364,498],"class_list":{"0":"post-176207","1":"post","2":"type-post","3":"status-publish","4":"format-standard","5":"has-post-thumbnail","7":"category-television","8":"tag-actu-tv","9":"tag-actualite-tv","10":"tag-buzz-tv","11":"tag-divertissement","12":"tag-entertainment","13":"tag-fr","14":"tag-france","15":"tag-isabelle-carre","16":"tag-laurent-ruquier","17":"tag-medias","18":"tag-news-tele","19":"tag-news-television","20":"tag-news-tv","21":"tag-programme-tele","22":"tag-programme-tv","23":"tag-quiz-tv","24":"tag-t18","25":"tag-television","26":"tag-tv","27":"tag-tv-actu"},"share_on_mastodon":{"url":"https:\/\/pubeurope.com\/@fr\/114682445672545930","error":""},"_links":{"self":[{"href":"https:\/\/www.europesays.com\/fr\/wp-json\/wp\/v2\/posts\/176207","targetHints":{"allow":["GET"]}}],"collection":[{"href":"https:\/\/www.europesays.com\/fr\/wp-json\/wp\/v2\/posts"}],"about":[{"href":"https:\/\/www.europesays.com\/fr\/wp-json\/wp\/v2\/types\/post"}],"author":[{"embeddable":true,"href":"https:\/\/www.europesays.com\/fr\/wp-json\/wp\/v2\/users\/2"}],"replies":[{"embeddable":true,"href":"https:\/\/www.europesays.com\/fr\/wp-json\/wp\/v2\/comments?post=176207"}],"version-history":[{"count":0,"href":"https:\/\/www.europesays.com\/fr\/wp-json\/wp\/v2\/posts\/176207\/revisions"}],"wp:featuredmedia":[{"embeddable":true,"href":"https:\/\/www.europesays.com\/fr\/wp-json\/wp\/v2\/media\/176208"}],"wp:attachment":[{"href":"https:\/\/www.europesays.com\/fr\/wp-json\/wp\/v2\/media?parent=176207"}],"wp:term":[{"taxonomy":"category","embeddable":true,"href":"https:\/\/www.europesays.com\/fr\/wp-json\/wp\/v2\/categories?post=176207"},{"taxonomy":"post_tag","embeddable":true,"href":"https:\/\/www.europesays.com\/fr\/wp-json\/wp\/v2\/tags?post=176207"}],"curies":[{"name":"wp","href":"https:\/\/api.w.org\/{rel}","templated":true}]}}