{"id":17621,"date":"2025-04-11T15:31:08","date_gmt":"2025-04-11T15:31:08","guid":{"rendered":"https:\/\/www.europesays.com\/fr\/17621\/"},"modified":"2025-04-11T15:31:08","modified_gmt":"2025-04-11T15:31:08","slug":"quand-leurope-inonde-le-monde-de-drogue-de-lamour","status":"publish","type":"post","link":"https:\/\/www.europesays.com\/fr\/17621\/","title":{"rendered":"quand l\u2019Europe inonde le monde de \u00abdrogue de l\u2019amour\u00bb"},"content":{"rendered":"<p><strong>D\u00c9CRYPTAGE <\/strong>&#8211; La MDMA est devenue une sp\u00e9cialit\u00e9 europ\u00e9enne: de plus en plus de labos clandestins produisent cette drogue euphorisante, avant de l\u2019exporter en empruntant les routes de la coca\u00efne.<\/p>\n<p class=\"fig-paragraph\">Les Europ\u00e9ens d\u00e9pensent 594 millions d\u2019euros par an pour obtenir de la\u00a0<a href=\"http:\/\/www.lefigaro.fr\/actualite-france\/experimentation-du-cannabis-qui-explose-et-consommation-de-cocaine-en-forte-hausse-radiographie-de-cette-france-qui-se-drogue-20240626\" data-fig-type=\"Article\" data-gtm-custom-categorie=\"navigation\" data-gtm-custom-action=\"crossclick\" data-gtm-custom-label=\"Contextuel\" data-gtm-event=\"customEventSPE\" data-fig-domain=\"LEFIGARO\" target=\"_blank\" rel=\"noopener\">MDMA<\/a>. Et au moins 12 millions d\u2019habitants du Vieux Continent y ont d\u00e9j\u00e0 go\u00fbt\u00e9 au moins une fois dans leur vie, malgr\u00e9 ses effets sont aussi d\u00e9plorables que dangereux. Ces chiffres chocs proviennent d\u2019un tout r\u00e9cent rapport de l\u2019Agence de l\u2019Union europ\u00e9enne sur les\u00a0<a href=\"http:\/\/www.lefigaro.fr\/actualite-france\/c-est-quoi-cette-republique-qui-laisse-les-enfants-face-aux-dealers-a-saint-ouen-une-ecole-maternelle-contrainte-de-demenager-a-cause-du-trafic-de-drogue-20250401\" data-fig-type=\"Article\" data-gtm-custom-categorie=\"navigation\" data-gtm-custom-action=\"crossclick\" data-gtm-custom-label=\"Contextuel\" data-gtm-event=\"customEventSPE\" data-fig-domain=\"LEFIGARO\" target=\"_blank\" rel=\"noopener\">drogues\u00a0<\/a>(EUDA) qui explique comment la \u00abcoca\u00efne rose\u00bb, le \u00abtucibi\u00bb et autres d\u00e9riv\u00e9s de l\u2019<a href=\"http:\/\/www.lefigaro.fr\/lyon\/a-lyon-un-reseau-de-livraison-d-ecstasy-alimentant-le-milieu-de-la-nuit-demantele-20230616\" data-fig-type=\"NewsFlash\" data-gtm-custom-categorie=\"navigation\" data-gtm-custom-action=\"crossclick\" data-gtm-custom-label=\"Contextuel\" data-gtm-event=\"customEventSPE\" data-fig-domain=\"LEFIGARO\" target=\"_blank\" rel=\"noopener\">ecstasy<\/a>\u00a0ont peu \u00e0 peu inond\u00e9 l\u2019Europe.<\/p>\n<p class=\"fig-paragraph\">D\u2019abord con\u00e7ue au tout d\u00e9but du 20e si\u00e8cle par la soci\u00e9t\u00e9 pharmaceutique\u00a0<a href=\"http:\/\/www.lefigaro.fr\/sciences\/covid-la-pilule-de-merck-accusee-d-accelerer-les-mutations-du-virus-20230925\" data-fig-type=\"NewsFlash\" data-gtm-custom-categorie=\"navigation\" data-gtm-custom-action=\"crossclick\" data-gtm-custom-label=\"Contextuel\" data-gtm-event=\"customEventSPE\" data-fig-domain=\"LEFIGARO\" target=\"_blank\" rel=\"noopener\">Merck<\/a>, la MDMA s\u2019est lentement propag\u00e9e aux milieux festifs, et a ainsi gagn\u00e9 le surnom de \u00abdrogue de l\u2019amour\u00bb pour ses effets provoquant l\u2019euphorie, l\u2019empathie et l\u2019exacerbation des sens. Aujourd\u2019hui, vendue sous le manteau sous forme de petits comprim\u00e9s color\u00e9s et habilement market\u00e9s, elle fait le bonheur des \u00ab<a href=\"http:\/\/www.lefigaro.fr\/bordeaux\/une-rave-party-illegale-a-reuni-des-centaines-de-fetards-au-coeur-de-bordeaux-20250203\" data-fig-type=\"NewsFlash\" data-gtm-custom-categorie=\"navigation\" data-gtm-custom-action=\"crossclick\" data-gtm-custom-label=\"Contextuel\" data-gtm-event=\"customEventSPE\" data-fig-domain=\"LEFIGARO\" target=\"_blank\" rel=\"noopener\">raveurs<\/a> \u00bb&#8230; jusqu\u2019au d\u00e9clenchement des effets secondaires, qui surviennent quelques heures apr\u00e8s la consommation, et qui causent vertiges, crampes, agitation,\u00a0<a href=\"http:\/\/madame.lefigaro.fr\/bien-etre\/forme-detente\/mes-nuits-avec-mon-insomnie-je-me-sens-different-parfois-inapte-20250218\" data-fig-type=\"Article\" data-gtm-custom-categorie=\"navigation\" data-gtm-custom-action=\"crossclick\" data-gtm-custom-label=\"Contextuel\" data-gtm-event=\"customEventSPE\" data-fig-domain=\"MADAME\" target=\"_blank\" rel=\"noopener\">insomnie<\/a>, anxi\u00e9t\u00e9, apathie,\u00a0<a href=\"http:\/\/sante.lefigaro.fr\/psychologie\/depression-du-post-partum-faut-il-blamer-la-pilule-20250409\" data-fig-type=\"Article\" data-gtm-custom-categorie=\"navigation\" data-gtm-custom-action=\"crossclick\" data-gtm-custom-label=\"Contextuel\" data-gtm-event=\"customEventSPE\" data-fig-domain=\"SANTE\" target=\"_blank\" rel=\"noopener\">d\u00e9pression<\/a>, voire troubles moteurs, \u00e9pilepsie,\u00a0<a href=\"http:\/\/sante.lefigaro.fr\/social\/sante-publique\/une-etude-suggere-que-le-diabete-de-type-2-serait-lie-a-certains-additifs-alimentaires-20250408\" data-fig-type=\"Article\" data-gtm-custom-categorie=\"navigation\" data-gtm-custom-action=\"crossclick\" data-gtm-custom-label=\"Contextuel\" data-gtm-event=\"customEventSPE\" data-fig-domain=\"SANTE\" target=\"_blank\" rel=\"noopener\">diab\u00e8te<\/a>\u00a0et maladies cardiovasculaires.<\/p>\n<p class=\"fig-premium-paywall__infos\">\n        Cet article est r\u00e9serv\u00e9 aux abonn\u00e9s.        Il vous reste 88% \u00e0 d\u00e9couvrir.\n    <\/p>\n<p>                <img  data- alt=\"Le Figaro\" class=\"fig-img--complete fig-img\"\/><\/p>\n<p class=\"fig-premium-paywall__title\">Vous avez envie de lire la suite ?<\/p>\n<p class=\"fig-premium-paywall__subtitle\">D\u00e9bloquez tous les articles imm\u00e9diatement.<\/p>\n<p class=\"fig-premium-paywall__connect\">\n                D\u00e9j\u00e0 abonn\u00e9\u00a0?                <a class=\"fig-premium-paywall__connect-link\" href=\"https:\/\/connect.lefigaro.fr\/login?client=horizon_web&amp;type=main&amp;redirect_uri=https%3A%2F%2Fwww.lefigaro.fr%2Factualite-france%2Fcomprimes-uber-et-ikea-sucettes-colorees-labos-clandestins-quand-l-europe-inonde-le-monde-de-drogue-de-l-amour-20250411\" data-js-gtm=\"{&quot;customCategorie&quot;: &quot;conversion&quot;, &quot;customAction&quot;: &quot;before_Landing_Connexion_paywall_manuel&quot;, &quot;customLabel&quot;: &quot;bGVmaWdhcm8uZnJfXzFmMDE1NWM5LTQyMmItNmZkYS1hMWI5LWM5ZWE3YzUxMmUwYV9fQXJ0aWNsZQ==_Comprim\u00e9s \u00abUber\u00bb et \u00abIkea\u00bb, sucettes color\u00e9es, labos clandestins\u00a0: quand l\u2019Europe inonde le monde de \u00abdrogue de l\u2019amour\u00bb_2329&quot;, &quot;customIDSPE&quot;: &quot;bGVmaWdhcm8uZnJfXzFmMDE1NWM5LTQyMmItNmZkYS1hMWI5LWM5ZWE3YzUxMmUwYV9fQXJ0aWNsZQ==&quot;, &quot;event&quot;: &quot;customEventSPE&quot;}\" target=\"_blank\" rel=\"noopener\"><br \/>\n                    Connectez-vous<br \/>\n                <\/a>\n            <\/p>\n","protected":false},"excerpt":{"rendered":"D\u00c9CRYPTAGE &#8211; La MDMA est devenue une sp\u00e9cialit\u00e9 europ\u00e9enne: de plus en plus de labos clandestins produisent cette&hellip;\n","protected":false},"author":2,"featured_media":17622,"comment_status":"","ping_status":"","sticky":false,"template":"","format":"standard","meta":{"footnotes":""},"categories":[1586],"tags":[47,1058,1054,1059,1060,1055,11,1052,7104,1057,1777,674,118,1011,27,1061,303,12,1062,25,656,104,1056,809],"class_list":{"0":"post-17621","1":"post","2":"type-post","3":"status-publish","4":"format-standard","5":"has-post-thumbnail","7":"category-europe","8":"tag-actualite","9":"tag-actualite-education","10":"tag-actualite-france","11":"tag-actualite-justice","12":"tag-actualite-securite","13":"tag-actualite-societe","14":"tag-actualites","15":"tag-drogue","16":"tag-ecstasy","17":"tag-education","18":"tag-eu","19":"tag-europe","20":"tag-faits-divers","21":"tag-fr","22":"tag-france","23":"tag-immigration","24":"tag-justice","25":"tag-news","26":"tag-polemique","27":"tag-republique-francaise","28":"tag-securite","29":"tag-societe","30":"tag-societe-francaise","31":"tag-violence"},"share_on_mastodon":{"url":"https:\/\/pubeurope.com\/@fr\/114320053630476573","error":""},"_links":{"self":[{"href":"https:\/\/www.europesays.com\/fr\/wp-json\/wp\/v2\/posts\/17621","targetHints":{"allow":["GET"]}}],"collection":[{"href":"https:\/\/www.europesays.com\/fr\/wp-json\/wp\/v2\/posts"}],"about":[{"href":"https:\/\/www.europesays.com\/fr\/wp-json\/wp\/v2\/types\/post"}],"author":[{"embeddable":true,"href":"https:\/\/www.europesays.com\/fr\/wp-json\/wp\/v2\/users\/2"}],"replies":[{"embeddable":true,"href":"https:\/\/www.europesays.com\/fr\/wp-json\/wp\/v2\/comments?post=17621"}],"version-history":[{"count":0,"href":"https:\/\/www.europesays.com\/fr\/wp-json\/wp\/v2\/posts\/17621\/revisions"}],"wp:featuredmedia":[{"embeddable":true,"href":"https:\/\/www.europesays.com\/fr\/wp-json\/wp\/v2\/media\/17622"}],"wp:attachment":[{"href":"https:\/\/www.europesays.com\/fr\/wp-json\/wp\/v2\/media?parent=17621"}],"wp:term":[{"taxonomy":"category","embeddable":true,"href":"https:\/\/www.europesays.com\/fr\/wp-json\/wp\/v2\/categories?post=17621"},{"taxonomy":"post_tag","embeddable":true,"href":"https:\/\/www.europesays.com\/fr\/wp-json\/wp\/v2\/tags?post=17621"}],"curies":[{"name":"wp","href":"https:\/\/api.w.org\/{rel}","templated":true}]}}