{"id":176218,"date":"2025-06-14T15:38:09","date_gmt":"2025-06-14T15:38:09","guid":{"rendered":"https:\/\/www.europesays.com\/fr\/176218\/"},"modified":"2025-06-14T15:38:09","modified_gmt":"2025-06-14T15:38:09","slug":"la-vie-intelligente-a-culmine-il-y-a-6-milliards-dannees-lincroyable-revelation-dun-astrophysicien","status":"publish","type":"post","link":"https:\/\/www.europesays.com\/fr\/176218\/","title":{"rendered":"\u00ab\u00a0La vie intelligente a culmin\u00e9 il y a 6 milliards d\u2019ann\u00e9es\u00a0\u00bb : l\u2019incroyable r\u00e9v\u00e9lation d\u2019un astrophysicien"},"content":{"rendered":"<p><img fetchpriority=\"high\" decoding=\"async\" width=\"1024\" height=\"578\" src=\"https:\/\/www.europesays.com\/fr\/wp-content\/uploads\/2025\/06\/univers-en-photo-1024x578.webp.webp\" alt=\"Photographie de l\u2019Univers profond montrant des galaxies lointaines datant de l\u2019\u00e9poque suppos\u00e9e du pic de vie intelligente, selon la th\u00e9orie de David Garofalo.\" class=\"wp-image-978823\"  \/><\/p>\n<p>Une nouvelle <a href=\"https:\/\/arxiv.org\/ftp\/arxiv\/papers\/2305\/2305.04033.pdf\" target=\"_blank\" rel=\"noopener\">\u00e9tude<\/a> propose un renversement vertigineux de notre place dans le cosmos. Et si <strong>l\u2019humanit\u00e9<\/strong> n\u2019\u00e9tait pas \u00e0 l\u2019avant-garde de l\u2019\u00e9volution, mais au contraire <strong>l\u2019une des derni\u00e8res civilisations intelligentes<\/strong> \u00e0 avoir vu le jour ? Loin d\u2019\u00eatre un hasard, cette chronologie serait li\u00e9e \u00e0 un acteur cosmique inattendu : <strong>les trous noirs supermassifs<\/strong>. Oui, ceux-l\u00e0 m\u00eames qu\u2019on accuse souvent de tout engloutir.<\/p>\n<p>Ces trous noirs qui favorisent la vie<\/p>\n<p><strong>David Garofalo<\/strong>, astrophysicien \u00e0 l\u2019<a href=\"https:\/\/fr.wikipedia.org\/wiki\/Universit%C3%A9_d%27%C3%89tat_de_Kennesaw\" target=\"_blank\" rel=\"noopener\">universit\u00e9 d\u2019\u00c9tat de Kennesaw<\/a>, en G\u00e9orgie, explore depuis des ann\u00e9es le comportement des trous noirs supermassifs. Contrairement \u00e0 leur image d\u2019ogres cosmiques, certains d\u2019entre eux seraient en r\u00e9alit\u00e9 <strong>des architectes de la vie<\/strong>. Leur pouvoir ? Manipuler <strong>le gaz au c\u0153ur des <a href=\"https:\/\/dailygeekshow.com\/collision-voie-lactee-andromede\/\" target=\"_blank\" rel=\"noopener\">galaxies<\/a><\/strong>, soit en l\u2019\u00e9jectant violemment, soit en le ramenant vers le centre. Ce gaz, c\u2019est <strong>la mati\u00e8re premi\u00e8re des \u00e9toiles et des plan\u00e8tes<\/strong>.<\/p>\n<p>Lire aussi <a href=\"https:\/\/dailygeekshow.com\/asteroides-venus\/\" target=\"_blank\" rel=\"noopener\">Un essaim d\u2019ast\u00e9ro\u00efdes autour de V\u00e9nus pourrait \u00eatre une menace invisible pour la Terre<\/a><\/p>\n<p>Quand un trou noir poss\u00e8de <strong>un disque d\u2019accr\u00e9tion en contre-rotation<\/strong>, un ph\u00e9nom\u00e8ne rare mais connu, ses jets deviennent si puissants qu\u2019ils peuvent <strong>comprimer le gaz ambiant<\/strong>, favorisant la formation d\u2019\u00e9toiles. Autrement dit, certains trous noirs seraient capables de transformer <strong>des galaxies enti\u00e8res en berceaux de mondes habitables<\/strong>.<\/p>\n<p>Un pic de vie dans l\u2019Univers il y a six milliards d\u2019ann\u00e9es<\/p>\n<p>Pour comprendre <strong>quand la vie complexe avait le plus de chances d\u2019appara\u00eetre<\/strong>, Garofalo s\u2019est appuy\u00e9 sur <strong>l\u2019\u00e9quation de Drake<\/strong>. Cette formule, bien connue des passionn\u00e9s d\u2019astronomie, permet d\u2019estimer le nombre de civilisations intelligentes dans une galaxie donn\u00e9e. Mais il l\u2019a \u00e9tendue \u00e0 <strong>l\u2019\u00e9chelle de <a href=\"https:\/\/dailygeekshow.com\/fin-evaporation-univers\/\" target=\"_blank\" rel=\"noopener\">l\u2019univers <\/a>observable<\/strong>, afin d\u2019identifier <strong>les p\u00e9riodes les plus fertiles pour la vie<\/strong>.<\/p>\n<p>Et ce qu\u2019il a d\u00e9couvert est saisissant : selon ses calculs, <strong>le pic de vie complexe aurait eu lieu il y a environ six milliards d\u2019ann\u00e9es<\/strong>. \u00c0 cette \u00e9poque, <strong>les galaxies elliptiques isol\u00e9es<\/strong> \u00e9taient plus nombreuses. Ces galaxies rouges, apparemment calmes et vieillissantes, avaient en r\u00e9alit\u00e9 connu <strong>un apport massif de gaz frais<\/strong> gr\u00e2ce \u00e0 des fusions galactiques. Un environnement parfait pour former <strong>de nouvelles \u00e9toiles et des plan\u00e8tes potentiellement habitables<\/strong>.<\/p>\n<p>Lire aussi <a href=\"https:\/\/dailygeekshow.com\/super-terre-2\/\" target=\"_blank\" rel=\"noopener\">Cette nouvelle super-Terre situ\u00e9e dans la zone habitable de son \u00e9toile pourrait abriter la vie<\/a><\/p>\n<p>L\u2019humanit\u00e9, un vestige tardif d\u2019un \u00e2ge d\u2019or galactique<\/p>\n<p>Si la th\u00e9orie de Garofalo est correcte, alors <strong>les <a href=\"https:\/\/dailygeekshow.com\/civilisation-tournant-decisif\/\" target=\"_blank\" rel=\"noopener\">civilisations<\/a> intelligentes ont fleuri bien avant nous<\/strong>\u2026 et se sont probablement <strong>\u00e9teintes depuis longtemps<\/strong>. L\u2019humanit\u00e9, elle, serait <strong>arriv\u00e9e apr\u00e8s la f\u00eate<\/strong>, dans <strong>une galaxie spirale comme la n\u00f4tre<\/strong>, moins favorable \u00e0 la vie avanc\u00e9e.<\/p>\n<p>Cela ne signifie pas que nous sommes seuls aujourd\u2019hui. Mais cela relativise notre place dans l\u2019histoire cosmique : <strong>nous ne sommes pas les premiers<\/strong>, ni les plus pr\u00e9coces. Juste <strong>les survivants tardifs<\/strong> d\u2019un monde plus accueillant pour la vie, d\u00e9sormais disparu. Comme si <strong>l\u2019univers avait \u00e9t\u00e9 plus g\u00e9n\u00e9reux autrefois<\/strong>, et que nous en \u00e9tions <strong>les derniers t\u00e9moins conscients<\/strong>.<\/p>\n<p>James-Webb \u00e0 la recherche de nos pr\u00e9d\u00e9cesseurs<\/p>\n<p>La beaut\u00e9, et la limite, de cette th\u00e9orie, c\u2019est qu\u2019elle repose encore sur <strong>des mod\u00e8les<\/strong>. Pour la confirmer, il faudra <strong>des observations<\/strong>. Et c\u2019est l\u00e0 qu\u2019intervient <strong>le t\u00e9lescope spatial <a href=\"https:\/\/dailygeekshow.com\/cette-decouverte-du-telescope-james-webb-sur-une-planete-infernale-intrigue-les-astronomes-du-monde-entier\/\" target=\"_blank\" rel=\"noopener\">James-Webb<\/a><\/strong>. En scrutant <strong>les galaxies les plus anciennes<\/strong>, il pourrait nous aider \u00e0 comprendre <strong>comment les trous noirs supermassifs ont fa\u00e7onn\u00e9 les conditions de la vie<\/strong> dans l\u2019univers jeune.<\/p>\n<p>Lire aussi <a href=\"https:\/\/dailygeekshow.com\/collision-voie-lactee-andromede\/\" target=\"_blank\" rel=\"noopener\">La Voie lact\u00e9e et la galaxie d\u2019Androm\u00e8de pourraient \u00e9chapper \u00e0 une collision cataclysmique<\/a><\/p>\n<p>Peut-\u00eatre d\u00e9couvrira-t-on <strong>des indices d\u2019autres civilisations<\/strong>, disparues depuis longtemps. Ou peut-\u00eatre comprendrons-nous que <strong>nous sommes une exception tardive<\/strong>, une anomalie n\u00e9e d\u2019un sursaut improbable. Quoi qu\u2019il en soit, la question reste vertigineuse : <strong>et si le vrai \u00e2ge d\u2019or de la vie dans l\u2019univers\u2026 \u00e9tait d\u00e9j\u00e0 pass\u00e9<\/strong> ?<\/p>\n","protected":false},"excerpt":{"rendered":"Une nouvelle \u00e9tude propose un renversement vertigineux de notre place dans le cosmos. Et si l\u2019humanit\u00e9 n\u2019\u00e9tait pas&hellip;\n","protected":false},"author":2,"featured_media":176219,"comment_status":"","ping_status":"","sticky":false,"template":"","format":"standard","meta":{"footnotes":""},"categories":[7],"tags":[1011,27,23827,43,40,41,39,42,44],"class_list":{"0":"post-176218","1":"post","2":"type-post","3":"status-publish","4":"format-standard","5":"has-post-thumbnail","7":"category-sciences-et-technologies","8":"tag-fr","9":"tag-france","10":"tag-james-webb","11":"tag-science","12":"tag-science-and-technology","13":"tag-sciences","14":"tag-sciences-et-technologies","15":"tag-technologies","16":"tag-technology"},"share_on_mastodon":{"url":"https:\/\/pubeurope.com\/@fr\/114682469052488698","error":""},"_links":{"self":[{"href":"https:\/\/www.europesays.com\/fr\/wp-json\/wp\/v2\/posts\/176218","targetHints":{"allow":["GET"]}}],"collection":[{"href":"https:\/\/www.europesays.com\/fr\/wp-json\/wp\/v2\/posts"}],"about":[{"href":"https:\/\/www.europesays.com\/fr\/wp-json\/wp\/v2\/types\/post"}],"author":[{"embeddable":true,"href":"https:\/\/www.europesays.com\/fr\/wp-json\/wp\/v2\/users\/2"}],"replies":[{"embeddable":true,"href":"https:\/\/www.europesays.com\/fr\/wp-json\/wp\/v2\/comments?post=176218"}],"version-history":[{"count":0,"href":"https:\/\/www.europesays.com\/fr\/wp-json\/wp\/v2\/posts\/176218\/revisions"}],"wp:featuredmedia":[{"embeddable":true,"href":"https:\/\/www.europesays.com\/fr\/wp-json\/wp\/v2\/media\/176219"}],"wp:attachment":[{"href":"https:\/\/www.europesays.com\/fr\/wp-json\/wp\/v2\/media?parent=176218"}],"wp:term":[{"taxonomy":"category","embeddable":true,"href":"https:\/\/www.europesays.com\/fr\/wp-json\/wp\/v2\/categories?post=176218"},{"taxonomy":"post_tag","embeddable":true,"href":"https:\/\/www.europesays.com\/fr\/wp-json\/wp\/v2\/tags?post=176218"}],"curies":[{"name":"wp","href":"https:\/\/api.w.org\/{rel}","templated":true}]}}