{"id":176224,"date":"2025-06-14T15:41:10","date_gmt":"2025-06-14T15:41:10","guid":{"rendered":"https:\/\/www.europesays.com\/fr\/176224\/"},"modified":"2025-06-14T15:41:10","modified_gmt":"2025-06-14T15:41:10","slug":"des-mobilisations-en-france-pour-la-palestine-a-lappel-de-syndicats-et-partis-de-gauche-actualites","status":"publish","type":"post","link":"https:\/\/www.europesays.com\/fr\/176224\/","title":{"rendered":"Des mobilisations en France pour la Palestine \u00e0 l&rsquo;appel de syndicats et partis de gauche : Actualit\u00e9s"},"content":{"rendered":"<p class=\"lead \">L&rsquo;appel de syndicats, partis de gauche et collectifs en faveur de la Palestine et la paix \u00e0 Gaza a rassembl\u00e9 samedi plusieurs milliers de manifestants \u00e0 travers la France, notamment \u00e0 Paris o\u00f9 une manifestation s&rsquo;est \u00e9lanc\u00e9e en d\u00e9but d&rsquo;apr\u00e8s-midi.  <\/p>\n<p class=\"lead \">Cinq syndicats, CFDT, CGT, Unsa, Solidaires et FSU rejoints par les partis de gauche comme LFI, PS, PCF et EELV, avaient appel\u00e9 \u00e0 mobiliser \u00ab\u00a0massivement\u00a0\u00bb dans le cadre d&rsquo;un weekend mondial de mobilisations.<\/p>\n<p class=\"lead \">Le collectif national pour une Paix Juste et Durable entre Palestiniens et Isra\u00e9liens (CNPJDPI) ou encore Attac se sont associ\u00e9s \u00e0 cet appel.<\/p>\n<p class=\"lead \"> A Paris, la manifestation r\u00e9unissant quelques milliers de personnes s&rsquo;est \u00e9lanc\u00e9e de la place de la R\u00e9publique en direction de la Nation, a constat\u00e9 une journaliste AFP.<\/p>\n<p class=\"lead \">Plusieurs d\u00e9put\u00e9s LFI, le chef de file du mouvement Jean-Luc M\u00e9lenchon et l&rsquo;eurod\u00e9put\u00e9e Rima Hassan \u00e9taient pr\u00e9sents dans le cort\u00e8ge.<\/p>\n<p class=\"lead \">\u00ab\u00a0Notre responsabilit\u00e9 politique, citoyenne, morale, \u00e9thique, elle consiste \u00e0 d\u00e9vier, \u00e0 d\u00e9sob\u00e9ir, et \u00e0 mener toutes les actions n\u00e9cessaires que nous permettent de faire respecter le droit international, de mettre un terme au g\u00e9nocide\u00a0\u00bb, a lanc\u00e9 Rima Hassan d\u00e9tenue pendant trois jours en Isra\u00ebl suite \u00e0 l&rsquo;arraisonnement d&rsquo;un voilier humanitaire sur lequel elle naviguait avec d&rsquo;autres militants en direction de Gaza.<\/p>\n<p class=\"lead \">Dans la manifestation o\u00f9 ont \u00e9t\u00e9 scand\u00e9s les habituels slogans (\u00ab\u00a0Free Palestine\u00a0\u00bb, \u00ab\u00a0nous sommes tous des enfants de Gaza\u00a0\u00bb), les participants d\u00e9non\u00e7aient l&rsquo;indiff\u00e9rence de l&rsquo;opinion publique ou la position de la France jug\u00e9e conciliante voire \u00ab\u00a0complice\u00a0\u00bb du gouvernement Netanyahu. <\/p>\n<p class=\"lead \">\u00ab\u00a0On ne veut pas que ce qui se passe \u00e0 Gaza soit pass\u00e9 sous silence. Tous les jours, on entend qu&rsquo;il y a eu 30, 60 morts. C&rsquo;est devenu le quotidien, on ne le voit plus et j&rsquo;ai peur qu&rsquo;avec ce qui se passe avec l&rsquo;Iran ce soit encore plus invisibilis\u00e9\u00a0\u00bb, a d\u00e9clar\u00e9 Eve, 63 ans, qui n&rsquo;a pas souhait\u00e9 d\u00e9voiler son nom. <\/p>\n<p class=\"lead \">&#8211; \u00ab\u00a0On se sent impuissant \u00a0\u00bb &#8211;<\/p>\n<p class=\"lead \">L&rsquo;appel \u00e0 mobilisation a \u00e9t\u00e9 lanc\u00e9 avant l&rsquo;escalade militaire entre Isra\u00ebl et l&rsquo;Iran, distants de plus de 1.500 km, qui fait craindre un conflit prolong\u00e9 susceptible d&rsquo;engloutir la r\u00e9gion, selon des experts.<\/p>\n<p>                                                                                                 D&rsquo;autres manifestations \u00e9taient organis\u00e9es en France comme \u00e0 Marseille, Rennes ou Toulouse.<\/p>\n<p class=\"lead \">\u00ab\u00a0On se sent impuissant. Tout ce qu&rsquo;on peut faire, c&rsquo;est venir et manifester contre le g\u00e9nocide \u00e0 Gaza, dire aux Palestiniens qu&rsquo;on ne les oublie pas\u00a0\u00bb, a dit \u00e0 l&rsquo;AFP Adeline Hacquin dans le cort\u00e8ge rennais rassemblant visiblement plusieurs centaines de personnes dans une ambiance familiale.<\/p>\n<p class=\"lead \">A Toulouse, la mobilisation a rassembl\u00e9 3.000 participants d&rsquo;apr\u00e8s les organisateurs, 1.300 selon la police. \u00ab\u00a0La France est compl\u00e8tement complice de ce qu&rsquo;il se passe \u00e0 Gaza\u00a0\u00bb, y a fustig\u00e9 Vanessa Pedinotti ing\u00e9nieure de 39 ans.<\/p>\n<p class=\"lead \">Si le chef de l&rsquo;Etat Emmanuel Macron a rappel\u00e9 vendredi soir la \u00ab\u00a0d\u00e9termination\u00a0\u00bb de la France \u00e0 reconna\u00eetre l&rsquo;Etat de Palestine \u00ab\u00a0quelles que soient les circonstances\u00a0\u00bb, Myra Gharbi, professeure d&rsquo;anglais pr\u00e9sente \u00e0 la manifestation marseillaise, se dit \u00ab\u00a0tr\u00e8s pessimiste, il y a une grande hypocrisie. Macron a fait quelques d\u00e9clarations pour nous calmer mais l\u00e0 c&rsquo;est reparti de plus belle\u00a0\u00bb.<\/p>\n<p class=\"lead \">Rompant une tr\u00eave de deux mois, Isra\u00ebl a repris son offensive \u00e0 la mi-mars sur la bande de Gaza, et a intensifi\u00e9 ses op\u00e9rations militaires le 17 mai, dans le but affich\u00e9 d&rsquo;an\u00e9antir le mouvement islamiste palestinien Hamas, lib\u00e9rer les derniers otages restants et prendre le contr\u00f4le du territoire.<\/p>\n<p class=\"lead \">Plus de 54.880 Palestiniens, majoritairement des civils, ont \u00e9t\u00e9 tu\u00e9s dans l&rsquo;offensive isra\u00e9lienne de repr\u00e9sailles \u00e0 Gaza, selon des donn\u00e9es du minist\u00e8re de la Sant\u00e9 du Hamas, jug\u00e9es fiables par l&rsquo;ONU.<\/p>\n<p class=\"lead \">L&rsquo;attaque du Hamas le 7 octobre 2023 a entra\u00een\u00e9 la mort de 1.219 personnes du c\u00f4t\u00e9 isra\u00e9lien, en majorit\u00e9 des civils, selon un d\u00e9compte de l&rsquo;AFP \u00e9tabli \u00e0 partir de donn\u00e9es officielles. <\/p>\n<p class=\"lead \">Sur les 251 personnes alors enlev\u00e9es, 54 restent retenues \u00e0 Gaza, dont au moins 32 sont mortes, selon les autorit\u00e9s isra\u00e9liennes.<\/p>\n<p class=\"small font-weight-bold text-gray3 \"> publi\u00e9 le 14 juin \u00e0 16h46, AFP<\/p>\n<p>                             Partager<\/p>\n","protected":false},"excerpt":{"rendered":"L&rsquo;appel de syndicats, partis de gauche et collectifs en faveur de la Palestine et la paix \u00e0 Gaza&hellip;\n","protected":false},"author":2,"featured_media":176225,"comment_status":"","ping_status":"","sticky":false,"template":"","format":"standard","meta":{"footnotes":""},"categories":[4],"tags":[11,2120,1011,27,3819,2088,12,7621,25,3427],"class_list":{"0":"post-176224","1":"post","2":"type-post","3":"status-publish","4":"format-standard","5":"has-post-thumbnail","7":"category-france","8":"tag-actualites","9":"tag-conflit","10":"tag-fr","11":"tag-france","12":"tag-isral","13":"tag-manifestation","14":"tag-news","15":"tag-palestiniens","16":"tag-republique-francaise","17":"tag-syndicats"},"share_on_mastodon":{"url":"https:\/\/pubeurope.com\/@fr\/114682480792376644","error":""},"_links":{"self":[{"href":"https:\/\/www.europesays.com\/fr\/wp-json\/wp\/v2\/posts\/176224","targetHints":{"allow":["GET"]}}],"collection":[{"href":"https:\/\/www.europesays.com\/fr\/wp-json\/wp\/v2\/posts"}],"about":[{"href":"https:\/\/www.europesays.com\/fr\/wp-json\/wp\/v2\/types\/post"}],"author":[{"embeddable":true,"href":"https:\/\/www.europesays.com\/fr\/wp-json\/wp\/v2\/users\/2"}],"replies":[{"embeddable":true,"href":"https:\/\/www.europesays.com\/fr\/wp-json\/wp\/v2\/comments?post=176224"}],"version-history":[{"count":0,"href":"https:\/\/www.europesays.com\/fr\/wp-json\/wp\/v2\/posts\/176224\/revisions"}],"wp:featuredmedia":[{"embeddable":true,"href":"https:\/\/www.europesays.com\/fr\/wp-json\/wp\/v2\/media\/176225"}],"wp:attachment":[{"href":"https:\/\/www.europesays.com\/fr\/wp-json\/wp\/v2\/media?parent=176224"}],"wp:term":[{"taxonomy":"category","embeddable":true,"href":"https:\/\/www.europesays.com\/fr\/wp-json\/wp\/v2\/categories?post=176224"},{"taxonomy":"post_tag","embeddable":true,"href":"https:\/\/www.europesays.com\/fr\/wp-json\/wp\/v2\/tags?post=176224"}],"curies":[{"name":"wp","href":"https:\/\/api.w.org\/{rel}","templated":true}]}}