{"id":17623,"date":"2025-04-11T15:32:10","date_gmt":"2025-04-11T15:32:10","guid":{"rendered":"https:\/\/www.europesays.com\/fr\/17623\/"},"modified":"2025-04-11T15:32:10","modified_gmt":"2025-04-11T15:32:10","slug":"il-y-a-des-pfas-dans-les-jouets-de-nos-enfants-et-leurope-a-decide-de-faire-en-sorte-que-ca-sarrete","status":"publish","type":"post","link":"https:\/\/www.europesays.com\/fr\/17623\/","title":{"rendered":"Il y a des PFAS dans les jouets de nos enfants et l\u2019Europe a d\u00e9cid\u00e9 de faire en sorte que \u00e7a s\u2019arr\u00eate"},"content":{"rendered":"<p>        <img decoding=\"async\" loading=\"lazy\" src=\"https:\/\/www.europesays.com\/fr\/wp-content\/uploads\/2025\/04\/b8e0ee8_sirius-fs-upload-1-t7htibsfugkx-1744380558434-gettyimages-79120580.jpg\"  width=\"728\" height=\"409\" alt=\"Bient\u00f4t plus de PFAS et perturbateurs endocriniens dans les jouets\u00a0?\"\/>  <\/p>\n<p>Image Source \/ Getty Images<\/p>\n<p>Bient\u00f4t plus de PFAS et perturbateurs endocriniens dans les jouets\u00a0?<\/p>\n<p class=\"asset asset-text\">SANT\u00c9 &#8211; Dans leur chambre, les enfants aussi sont expos\u00e9s aux \u00ab\u00a0polluants \u00e9ternels\u00a0\u00bb. Le Parlement europ\u00e9en, la Commission et les \u00c9tats membres ont trouv\u00e9 un accord jeudi 10\u00a0avril pour interdire \u00e0 l\u2019horizon 2030 <a href=\"https:\/\/www.huffingtonpost.fr\/politique\/article\/les-pfas-vont-disparaitre-de-ces-objets-du-quotidien-apres-leur-interdiction-par-le-parlement_246460.html\" target=\"_blank\" rel=\"noopener\">les PFAS<\/a> et les perturbateurs endocriniens dans les <a href=\"https:\/\/www.huffingtonpost.fr\/people\/video\/lebron-james-devient-une-barbie-il-est-le-premier-athlete-a-avoir-une-poupee-a-son-effigie_248663.html\" target=\"_blank\" rel=\"noopener\">jouets<\/a>. Apr\u00e8s ce compromis, ce nouveau r\u00e8glement doit faire l\u2019objet d\u2019une adoption formelle dans les semaines qui viennent. Le texte interdit d\u2019ici quatre ans et demi la commercialisation au sein de l\u2019<a href=\"https:\/\/www.huffingtonpost.fr\/international\/article\/droits-de-douane-apres-le-recul-de-trump-l-union-europeenne-fait-aussi-une-pause_248657.html\" target=\"_blank\" rel=\"noopener\">Union europ\u00e9enne<\/a> de jouets contenant des produits chimiques dangereux, des perturbateurs endocriniens comme le bisph\u00e9nol A et des\u00a0PFAS.<\/p>\n<p class=\"asset asset-text\">Aujourd\u2019hui, \u00ab\u00a0ces substances peuvent se trouver par exemple dans des jouets pour le bain, des jeux de plage ou des anneaux de dentition, et p\u00e9n\u00e9trer dans l\u2019organisme des enfants par contact avec la bouche, avec la peau ou par les voies respiratoires\u00a0\u00bb, souligne l\u2019eurod\u00e9put\u00e9 centriste Pascal Canfin (Renew).<\/p>\n<p class=\"asset asset-text\">Les parfums allerg\u00e8nes dans les jouets qui peuvent aller \u00e0 la bouche des enfants de moins de 36 mois seront \u00e9galement interdits.<\/p>\n<p class=\"asset asset-text\">Le d\u00e9lai de quatre ans et demi laiss\u00e9 aux industriels doit leur permettre de s\u2019adapter. Et l\u2019interdiction ne s\u2019appliquera pas \u00e0 certains composants inaccessibles aux enfants.<\/p>\n<p class=\"asset asset-text\">\u00ab\u00a0Le nouveau r\u00e8glement sur la s\u00e9curit\u00e9 des jouets envoie un signal fort\u00a0: pour la protection de nos enfants\u00a0\u00bb et \u00ab\u00a0pour une concurrence loyale\u00a0\u00bb avec des pays comme la Chine, estime l\u2019eurod\u00e9put\u00e9e allemande Marion Walsmann (PPE, droite), qui a port\u00e9 le texte au Parlement. \u00ab\u00a0Bien que l\u2019Union europ\u00e9enne dispose d\u00e9j\u00e0 des jouets les plus s\u00fbrs au monde, un produit sur cinq class\u00e9 comme dangereux et retir\u00e9 du march\u00e9 dans l\u2019UE \u00e9tait\u00a0un jouet\u00a0\u00bb, rel\u00e8ve-t-elle.<\/p>\n<p>    Pour Pascal Canfin, la \u00ab\u00a0Commission tra\u00eene les pieds\u00a0\u00bb sur ces sujets    <\/p>\n<p class=\"asset asset-text\">La Commission europ\u00e9enne a promis d\u2019ici la fin de l\u2019ann\u00e9e une proposition pour r\u00e9viser plus g\u00e9n\u00e9ralement sa l\u00e9gislation sur les substances chimiques (Reach). La commissaire europ\u00e9enne en charge de l\u2019environnement, Jessika Roswall, entend en outre mettre sur la table en 2026 une proposition pour interdire les\u00a0PFAS\u00a0dans les objets de consommation courante.<\/p>\n<p class=\"asset asset-text\">Selon <a href=\"https:\/\/www.huffingtonpost.fr\/politique\/article\/pascal-canfin-quitte-renaissance-sur-fond-de-desaccord-avec-le-parti-depuis-les-legislatives_240153.html\" target=\"_blank\" rel=\"noopener\">Pascal Canfin<\/a>, la \u00ab\u00a0Commission tra\u00eene les pieds\u00a0\u00bb sur ces sujets. \u00ab\u00a0Il vaudrait mieux un texte transversal\u00a0\u00bb de la Commission pour interdire plus largement les\u00a0PFAS, mais \u00ab\u00a0faute de mieux, on le fait de mani\u00e8re sectorielle (sur les jouets), car on ne va pas attendre un texte qui n\u2019arrive pas\u00a0\u00bb, insiste l\u2019\u00e9lu fran\u00e7ais.<\/p>\n<p class=\"asset asset-text\">Substances chimiques particuli\u00e8rement stables, les\u00a0PFAS, surnomm\u00e9s \u00ab\u00a0polluants \u00e9ternels\u00a0\u00bb, sont l\u2019objet de restrictions croissantes dans le monde pour les menaces qu\u2019ils repr\u00e9sentent pour l\u2019environnement et la sant\u00e9 humaine.<\/p>\n<p class=\"asset asset-text\">Au nombre de plusieurs milliers, ces produits chimiques per- et polyfluoroalkyl\u00e9es (PFAS), sont abondamment utilis\u00e9s dans l\u2019industrie depuis le milieu du XXe\u00a0si\u00e8cle notamment pour leurs propri\u00e9t\u00e9s imperm\u00e9abilisantes et antiadh\u00e9sives. Ils contaminent \u00ab\u00a0fr\u00e9quemment\u00a0\u00bb eaux et sols, selon l\u2019Agence europ\u00e9enne des produits chimiques (ECHA).<\/p>\n<p class=\"asset asset-text\">Des travaux scientifiques montrent que certains peuvent avoir des\u00a0effets d\u00e9l\u00e9t\u00e8res\u00a0: augmentation du taux de cholest\u00e9rol, cancers, effets sur la fertilit\u00e9 et le d\u00e9veloppement du f\u0153tus, etc. Ils sont aussi suspect\u00e9s d\u2019interf\u00e9rer avec le syst\u00e8me endocrinien (thyro\u00efde) et immunitaire.<\/p>\n<p class=\"asset asset-text\"><strong>\u00c0 voir \u00e9galement sur Le HuffPost\u00a0:<\/strong><\/p>\n<p> La lecture de ce contenu est susceptible d\u2019entra\u00eener un d\u00e9p\u00f4t de cookies de la part de l\u2019op\u00e9rateur tiers qui l\u2019h\u00e9berge. Compte-tenu des choix que vous avez exprim\u00e9s en mati\u00e8re de d\u00e9p\u00f4t de cookies, nous avons bloqu\u00e9 l\u2019affichage de ce contenu. Si vous souhaitez y acc\u00e9der, vous devez accepter la cat\u00e9gorie de cookies \u201cContenus tiers\u201d en cliquant sur le bouton ci-dessous. <\/p>\n<p> Lire la Vid\u00e9o                <\/p>\n","protected":false},"excerpt":{"rendered":"Image Source \/ Getty Images Bient\u00f4t plus de PFAS et perturbateurs endocriniens dans les jouets\u00a0? SANT\u00c9 &#8211; Dans&hellip;\n","protected":false},"author":2,"featured_media":17624,"comment_status":"","ping_status":"","sticky":false,"template":"","format":"standard","meta":{"footnotes":""},"categories":[1586],"tags":[11,2196,1719,1777,674,1779,1011,27,7105,5656,12,1800,25,71,1778,364],"class_list":{"0":"post-17623","1":"post","2":"type-post","3":"status-publish","4":"format-standard","5":"has-post-thumbnail","7":"category-europe","8":"tag-actualites","9":"tag-commission-europeenne","10":"tag-enfants","11":"tag-eu","12":"tag-europe","13":"tag-european-union","14":"tag-fr","15":"tag-france","16":"tag-jouet","17":"tag-life","18":"tag-news","19":"tag-pollution","20":"tag-republique-francaise","21":"tag-sante","22":"tag-ue","23":"tag-union-europeenne"},"share_on_mastodon":{"url":"https:\/\/pubeurope.com\/@fr\/114320057541131733","error":""},"_links":{"self":[{"href":"https:\/\/www.europesays.com\/fr\/wp-json\/wp\/v2\/posts\/17623","targetHints":{"allow":["GET"]}}],"collection":[{"href":"https:\/\/www.europesays.com\/fr\/wp-json\/wp\/v2\/posts"}],"about":[{"href":"https:\/\/www.europesays.com\/fr\/wp-json\/wp\/v2\/types\/post"}],"author":[{"embeddable":true,"href":"https:\/\/www.europesays.com\/fr\/wp-json\/wp\/v2\/users\/2"}],"replies":[{"embeddable":true,"href":"https:\/\/www.europesays.com\/fr\/wp-json\/wp\/v2\/comments?post=17623"}],"version-history":[{"count":0,"href":"https:\/\/www.europesays.com\/fr\/wp-json\/wp\/v2\/posts\/17623\/revisions"}],"wp:featuredmedia":[{"embeddable":true,"href":"https:\/\/www.europesays.com\/fr\/wp-json\/wp\/v2\/media\/17624"}],"wp:attachment":[{"href":"https:\/\/www.europesays.com\/fr\/wp-json\/wp\/v2\/media?parent=17623"}],"wp:term":[{"taxonomy":"category","embeddable":true,"href":"https:\/\/www.europesays.com\/fr\/wp-json\/wp\/v2\/categories?post=17623"},{"taxonomy":"post_tag","embeddable":true,"href":"https:\/\/www.europesays.com\/fr\/wp-json\/wp\/v2\/tags?post=17623"}],"curies":[{"name":"wp","href":"https:\/\/api.w.org\/{rel}","templated":true}]}}