{"id":176241,"date":"2025-06-14T15:51:08","date_gmt":"2025-06-14T15:51:08","guid":{"rendered":"https:\/\/www.europesays.com\/fr\/176241\/"},"modified":"2025-06-14T15:51:08","modified_gmt":"2025-06-14T15:51:08","slug":"olivier-vaille-30-ans-de-memoire-militante-lgbtqia","status":"publish","type":"post","link":"https:\/\/www.europesays.com\/fr\/176241\/","title":{"rendered":"Olivier Vaill\u00e9, 30 ans de m\u00e9moire militante LGBTQIA+"},"content":{"rendered":"<p>            Par<br \/>\n        <strong><br \/>\n            <a href=\"https:\/\/actu.fr\/auteur\/lea-pippinato\" title=\"Consulter tous les articles de L\u00e9a Pippinato\" target=\"_blank\" rel=\"noopener\">L\u00e9a Pippinato<\/a><br \/>\n        <\/strong><\/p>\n<p>        Publi\u00e9 le<\/p>\n<p>            14 juin 2025 \u00e0 17h38        <\/p>\n<p><strong> En 1995<\/strong>, \u00e0 Montpellier, le mot d\u2019ordre \u00e9tait \u00ab\u00a0Sortons de nos placards.\u00a0\u00bb Trente ans plus tard, la Pride bat encore le pav\u00e9, port\u00e9e par une m\u00e9moire militante et une vigilance constante.<\/p>\n<p>    <a href=\"https:\/\/www.google.com\/maps\/embed?pb=!1m18!1m12!1m3!1d23106.53565652367!2d3.8731775999999996!3d43.620761599999994!2m3!1f0!2f0!3f0!3m2!1i1024!2i768!4f13.1!3m3!1m2!1s0x12b6af658641e3a9%3A0x32d7183481d7d770!2sFiert%C3%A9%20Montpellier%20Pride!5e0!3m2!1sen!2sfr!4v1749405991212!5m2!1sen!2sfr\" title=\"Ouvrie le lien\" target=\"_blank\" rel=\"noopener\">Cliquez ici pour visualiser le contenu<\/a><\/p>\n<p class=\" wall-content\">Rencontre avec <strong>Olivier Vaill\u00e9<\/strong>, pr\u00e9sident de Fiert\u00e9 Montpellier Pride, \u00e0 l\u2019occasion des 30 ans de l\u2019association.<\/p>\n<p class=\" wall-content\"><strong> Retrouvez l\u2019interview compl\u00e8te <a href=\"https:\/\/www.instagram.com\/metropolitainfr\/?hl=en\" target=\"_blank\" rel=\"noopener\">sur notre compte Instagram<\/a><\/strong><\/p>\n<p class=\" wall-content\"><a href=\"https:\/\/www.instagram.com\/p\/DK4cUQ2sn46\/embed\" title=\"Ouvrir le lien sur Instagram\" target=\"_blank\" rel=\"noopener\">Visualiser le contenu sur Instagram<\/a><\/p>\n<p>Qu\u2019est-ce que Fiert\u00e9 Montpellier Pride, et quelles sont ses missions principales ?<\/p>\n<p class=\" wall-content\">Fiert\u00e9 Montpellier Pride a \u00e9t\u00e9 fond\u00e9e en 1995. Au d\u00e9part, elle avait un objectif tr\u00e8s cibl\u00e9 : organiser la marche des Fiert\u00e9s \u00e0 Montpellier, qui \u00e9tait une nouveaut\u00e9 \u00e0 l\u2019\u00e9chelle locale. C\u2019\u00e9tait notre seule mission \u00e0 l\u2019\u00e9poque. Mais avec le temps, l\u2019association s\u2019est transform\u00e9e, enrichie. Elle a gagn\u00e9 en importance, en complexit\u00e9, en impact aussi. Cela s\u2019est fait en r\u00e9ponse aux luttes politiques du moment mais aussi \u00e0 des besoins concrets des personnes de notre communaut\u00e9. En 2002, le centre gay et lesbien de Montpellier a ferm\u00e9. Cela a \u00e9t\u00e9 un tournant. Fiert\u00e9 Montpellier Pride a alors endoss\u00e9 le r\u00f4le de centre LGBTQIA+. Cela veut dire que nous avons multipli\u00e9 les activit\u00e9s : accompagnement, pr\u00e9vention, soutien psychologique ou juridique, projets culturels, actions militantes. Nous r\u00e9pondons autant que possible aux demandes et aux besoins exprim\u00e9s.<\/p>\n<p>Comment d\u00e9cririez-vous le contexte LGBTQIA+ \u00e0 Montpellier et en France en 1995 ?<\/p>\n<p class=\" wall-content\">C\u2019\u00e9tait une p\u00e9riode tr\u00e8s diff\u00e9rente de celle que nous connaissons aujourd\u2019hui. Personnellement, j\u2019\u00e9tais jeune adulte et je n\u2019avais pas encore fait mon coming out. Donc j\u2019avais une vision partielle. Mais ce que je peux dire, c\u2019est qu\u2019il existait d\u00e9j\u00e0 une communaut\u00e9 active, avec des bars, des clubs. Mais tout restait tr\u00e8s discret. Les premi\u00e8res Pride en France ont \u00e9t\u00e9 organis\u00e9es \u00e0 Paris dans les ann\u00e9es 80. En 1994, Marseille et Lyon ont suivi. Mais la visibilit\u00e9 \u00e9tait encore tr\u00e8s faible. Peu de gens osaient marcher dans la rue en se tenant la main. Sur le plan des droits, on \u00e9tait au d\u00e9but d\u2019une deuxi\u00e8me phase. La premi\u00e8re, c\u2019\u00e9tait la fin de la p\u00e9nalisation de l\u2019homosexualit\u00e9, la sortie du statut de maladie mentale. La deuxi\u00e8me phase, c\u2019\u00e9tait la revendication de droits concrets : le PACS, puis le mariage, la reconnaissance des familles. Il s\u2019agissait d\u2019obtenir une \u00e9galit\u00e9 r\u00e9elle avec les personnes h\u00e9t\u00e9rosexuelles, sans pour autant leur retirer quoi que ce soit.<\/p>\n<p>Quels ont \u00e9t\u00e9 les premiers soutiens de votre association ?<\/p>\n<p class=\" wall-content\">Au d\u00e9part, nous avions surtout des soutiens individuels, souvent discrets. Beaucoup de gens n\u2019\u00e9taient pas out, mais ils nous soutenaient comme ils pouvaient. Progressivement, les choses ont chang\u00e9. La Ville de Montpellier, avec Georges Fr\u00eache et son \u00e9quipe, nous a tr\u00e8s vite soutenus publiquement. Cela a \u00e9t\u00e9 d\u00e9terminant. La mairie a accord\u00e9 des subventions, autoris\u00e9 la marche, collabor\u00e9 avec nous. Les lieux communautaires, bars, bo\u00eetes, restaurants, ont jou\u00e9 un r\u00f4le essentiel. Beaucoup \u00e9taient tenus par des personnes LGBTQIA+ ou sensibilis\u00e9es. Ils ont apport\u00e9 un soutien financier, logistique, humain.<\/p>\n<p>Vid\u00e9os : en ce moment sur ActuLa premi\u00e8re marche des fiert\u00e9s a-t-elle \u00e9t\u00e9 un tournant ?<\/p>\n<p class=\" wall-content\">Oui, clairement. Il y avait un besoin de visibilit\u00e9. Le mot d\u2019ordre \u00e0 Montpellier \u00e9tait : \u00ab\u00a0Sortons de nos placards.\u00a0\u00bb Il fallait s\u2019afficher, exister publiquement. Il y avait des lieux de sociabilit\u00e9 comme le Caf\u00e9 de la Mer, mais la pr\u00e9sence dans l\u2019espace public \u00e9tait quasiment inexistante. La marche, c\u2019\u00e9tait une r\u00e9volution. Montrer qu\u2019on existe, qu\u2019on est fiers. Cela donnait une forme de l\u00e9gitimit\u00e9 \u00e0 nos vies, \u00e0 nos identit\u00e9s. 1995, ce n\u2019est pas si vieux. Et pourtant, \u00e0 l\u2019\u00e9poque, beaucoup vivaient encore cach\u00e9s.<\/p>\n<p>Quels \u00e9v\u00e9nements ont marqu\u00e9 l\u2019histoire de Fiert\u00e9 Montpellier Pride en trente ans ?<\/p>\n<p class=\" wall-content\">L\u2019association a connu plusieurs grandes phases. Il y a eu des changements de direction : longtemps pr\u00e9sid\u00e9e par Fabienne Larrivi\u00e8re, puis par Vincent Autain, qui a marqu\u00e9 un tournant. Il est devenu une figure politique nationale et internationale, et a \u00e9t\u00e9 le premier mari\u00e9 de France. Au fil du temps, nous avons d\u00e9velopp\u00e9 nos actions au-del\u00e0 de la marche : accompagnement juridique, aide aux victimes de violences, projets culturels, engagement dans des r\u00e9seaux internationaux comme <a href=\"https:\/\/www.interpride.org\" target=\"_blank\" rel=\"noopener\">InterPride<\/a>. \u00a0Mais l\u2019association reste tributaire de ses b\u00e9n\u00e9voles. \u00c0 chaque d\u00e9part, de nouvelles personnes arrivent, avec leur \u00e9nergie, leur regard. Cela renouvelle notre identit\u00e9 collective.<\/p>\n<p>Est-ce que le profil des b\u00e9n\u00e9voles a \u00e9volu\u00e9 ?<\/p>\n<p class=\" wall-content\">Oui. Beaucoup de jeunes nous rejoignent plus t\u00f4t, parce qu\u2019ils font leur coming out plus jeunes. Fiert\u00e9 Montpellier Pride est une association politique, au sens o\u00f9 nous revendiquons des droits. Mais nous sommes apartisans. Cela veut dire que nous ne nous rattachons \u00e0 aucun parti. En interne, nous avons souvent des d\u00e9bats, notamment sur l\u2019intersectionnalit\u00e9. Comme nous luttons contre les discriminations, nous sommes concern\u00e9s aussi par les luttes contre le racisme, le sexisme, l\u2019islamophobie, l\u2019antism\u00e9tisme, etc. Notre repr\u00e9sentation doit \u00eatre inclusive et \u00e0 l\u2019image de toute la communaut\u00e9.<\/p>\n<p class=\" wall-content\">Nous avons mis en place plusieurs p\u00f4les pour r\u00e9pondre \u00e0 des demandes particuli\u00e8res. Par exemple, le p\u00f4le trans existe <strong>depuis 2014<\/strong>. Il a toujours \u00e9t\u00e9 port\u00e9 par des personnes concern\u00e9es et permet un accompagnement dans le respect des parcours individuels. Chaque transition est unique, et l\u2019id\u00e9e est de cr\u00e9er un espace s\u00fbr o\u00f9 poser ses questions, trouver du soutien, partager des exp\u00e9riences. Nous avons aussi un p\u00f4le pour les personnes migrantes. Il ne concerne pas uniquement les demandeurs et demandeuses d\u2019asile, mais aussi celles et ceux qui vivent depuis plusieurs ann\u00e9es en France et souhaitent, par exemple, se marier. Leurs pays d\u2019origine peuvent ne pas reconna\u00eetre leur orientation ou leur identit\u00e9, ce qui rend certaines d\u00e9marches administratives tr\u00e8s complexes.<\/p>\n<p>Observez-vous un recul des droits pour les personnes LGBTQIA+ en France ?<\/p>\n<p class=\" wall-content\">Pas au niveau l\u00e9gislatif, pas encore. En France, pour le moment, les lois prot\u00e8gent nos droits. Mais ce n\u2019est pas le cas partout en Europe ou dans le monde. Et m\u00eame en France, dans les faits, il existe des in\u00e9galit\u00e9s. Par exemple, changer de pr\u00e9nom \u00e0 l\u2019\u00e9tat civil \u00e0 Montpellier, c\u2019est plus simple que dans certaines communes rurales. L\u2019acc\u00e8s aux soins aussi est in\u00e9gal. Certaines CPAM tra\u00eenent, certains m\u00e9decins ne sont pas form\u00e9s. Quand on est LGBTQIA+ en milieu rural, il peut \u00eatre difficile d\u2019\u00eatre pris en charge sans jugement ou incompr\u00e9hension. La loi peut \u00eatre la m\u00eame, mais son application ne l\u2019est pas.<\/p>\n<p>Est-ce que la haine en ligne est un sujet de pr\u00e9occupation pour vous ?<\/p>\n<p class=\" wall-content\">Oui, tr\u00e8s clairement. Le harc\u00e8lement en ligne est massif et difficile \u00e0 contrer. On re\u00e7oit des vagues de commentaires haineux sur les r\u00e9seaux sociaux, souvent quand on publie des contenus visibles ou relay\u00e9s par des m\u00e9dias. Parfois, les mod\u00e9rateurs ne font rien, donc on est oblig\u00e9s de signaler \u00e0 Pharos ou de porter plainte. Mais c\u2019est un travail titanesque. Il y a une v\u00e9ritable lib\u00e9ration de la parole haineuse. Et nous ne pouvons pas faire le travail des autres, m\u00eame si la loi leur impose des obligations claires.<\/p>\n<p>Quel est le sens du slogan de la marche de cette ann\u00e9e : \u00ab\u00a0Nos fiert\u00e9s dans ta haine\u00a0\u00bb ?<\/p>\n<p class=\" wall-content\">Ce slogan, c\u2019est notre r\u00e9ponse \u00e0 toutes celles et ceux qui disent que les Pride ne servent plus \u00e0 rien. Nous voulons dire que nos fiert\u00e9s, nos existences, notre visibilit\u00e9 sont la meilleure r\u00e9ponse \u00e0 la haine. Depuis trois ans, nos mots d\u2019ordre sont de plus en plus combatifs. Il y a eu : \u00ab\u00a0Unis pour ne pas crever\u00a0\u00bb, \u00ab\u00a0R\u00e9volt\u00e9.e.s.\u00a0\u00bb Cette ann\u00e9e, <a href=\"https:\/\/actu.fr\/occitanie\/montpellier_34172\/montpellier-une-affiche-coup-de-poing-pour-la-pride-2025_62486647.html\" target=\"_blank\" rel=\"noopener\">\u00ab\u00a0Nos fiert\u00e9s dans ta haine\u00a0\u00bb<\/a>, c\u2019est un cri de r\u00e9sistance. Aucun droit n\u2019est jamais d\u00e9finitivement acquis. Il suffit d\u2019un changement politique pour que des libert\u00e9s soient remises en cause. On l\u2019a vu aux \u00c9tats-Unis, o\u00f9 les droits des personnes trans r\u00e9gressent. Une loi peut \u00eatre inscrite dans la Constitution, mais son application peut \u00eatre bloqu\u00e9e ou vid\u00e9e de son sens. La vigilance est permanente.<\/p>\n<p>Montpellier est souvent cit\u00e9e comme un mod\u00e8le de ville LGBTQIA+ friendly. Est-ce justifi\u00e9 selon vous ?<\/p>\n<p class=\" wall-content\">C\u2019est une ville jeune, dynamique, avec un bon tissu associatif et des institutions \u00e0 l\u2019\u00e9coute. Oui, on peut y organiser des choses plus facilement qu\u2019ailleurs. Mais ce n\u2019est pas un paradis. Il y a des agressions, des discriminations ici aussi. Montpellier n\u2019est pas une bulle isol\u00e9e. Elle est travers\u00e9e par les m\u00eames tensions que le reste de la soci\u00e9t\u00e9 : sexisme, racisme, haine des minorit\u00e9s. Rien n\u2019est jamais totalement s\u00fbr.<\/p>\n<p class=\" wall-content\">Suivez toute l\u2019actualit\u00e9 de vos villes et m\u00e9dias favoris en vous inscrivant \u00e0 <a href=\"https:\/\/moncompte.actu.fr\" title=\"D\u00e9couvez Mon Actu\" rel=\"nofollow noopener\" data-trk=\"{&quot;cta&quot;:{&quot;action&quot;:&quot;https:\\\/\\\/moncompte.actu.fr&quot;,&quot;category&quot;:&quot;mon compte&quot;,&quot;from&quot;:&quot;article footer&quot;,&quot;name&quot;:&quot;Mon actu&quot;,&quot;type&quot;:&quot;cta&quot;}}\" target=\"_blank\">Mon Actu<\/a>.<\/p>\n<p>                    <script async src=\"\/\/www.instagram.com\/embed.js\"><\/script><\/p>\n","protected":false},"excerpt":{"rendered":"Par L\u00e9a Pippinato Publi\u00e9 le 14 juin 2025 \u00e0 17h38 En 1995, \u00e0 Montpellier, le mot d\u2019ordre \u00e9tait&hellip;\n","protected":false},"author":2,"featured_media":153464,"comment_status":"","ping_status":"","sticky":false,"template":"","format":"standard","meta":{"footnotes":""},"categories":[9599],"tags":[1111,11,1777,674,1011,27,9087,1272,2208,12,2680,25,104],"class_list":{"0":"post-176241","1":"post","2":"type-post","3":"status-publish","4":"format-standard","5":"has-post-thumbnail","7":"category-montpellier","8":"tag-actu","9":"tag-actualites","10":"tag-eu","11":"tag-europe","12":"tag-fr","13":"tag-france","14":"tag-lgbt","15":"tag-manifestations","16":"tag-montpellier","17":"tag-news","18":"tag-occitanie","19":"tag-republique-francaise","20":"tag-societe"},"share_on_mastodon":{"url":"https:\/\/pubeurope.com\/@fr\/114682520121649460","error":""},"_links":{"self":[{"href":"https:\/\/www.europesays.com\/fr\/wp-json\/wp\/v2\/posts\/176241","targetHints":{"allow":["GET"]}}],"collection":[{"href":"https:\/\/www.europesays.com\/fr\/wp-json\/wp\/v2\/posts"}],"about":[{"href":"https:\/\/www.europesays.com\/fr\/wp-json\/wp\/v2\/types\/post"}],"author":[{"embeddable":true,"href":"https:\/\/www.europesays.com\/fr\/wp-json\/wp\/v2\/users\/2"}],"replies":[{"embeddable":true,"href":"https:\/\/www.europesays.com\/fr\/wp-json\/wp\/v2\/comments?post=176241"}],"version-history":[{"count":0,"href":"https:\/\/www.europesays.com\/fr\/wp-json\/wp\/v2\/posts\/176241\/revisions"}],"wp:featuredmedia":[{"embeddable":true,"href":"https:\/\/www.europesays.com\/fr\/wp-json\/wp\/v2\/media\/153464"}],"wp:attachment":[{"href":"https:\/\/www.europesays.com\/fr\/wp-json\/wp\/v2\/media?parent=176241"}],"wp:term":[{"taxonomy":"category","embeddable":true,"href":"https:\/\/www.europesays.com\/fr\/wp-json\/wp\/v2\/categories?post=176241"},{"taxonomy":"post_tag","embeddable":true,"href":"https:\/\/www.europesays.com\/fr\/wp-json\/wp\/v2\/tags?post=176241"}],"curies":[{"name":"wp","href":"https:\/\/api.w.org\/{rel}","templated":true}]}}