{"id":176242,"date":"2025-06-14T15:52:08","date_gmt":"2025-06-14T15:52:08","guid":{"rendered":"https:\/\/www.europesays.com\/fr\/176242\/"},"modified":"2025-06-14T15:52:08","modified_gmt":"2025-06-14T15:52:08","slug":"a-rouen-francoise-huguier-presente-matiere-terrestre","status":"publish","type":"post","link":"https:\/\/www.europesays.com\/fr\/176242\/","title":{"rendered":"\u00e0 Rouen, Fran\u00e7oise Huguier pr\u00e9sente \u00abMati\u00e8re terrestre\u00bb"},"content":{"rendered":"<p>            Par<br \/>\n        <strong><br \/>\n            <a href=\"https:\/\/actu.fr\/auteur\/laredaction\" title=\"Consulter tous les articles de R\u00e9daction Normandie\" rel=\"nofollow noopener\" target=\"_blank\">R\u00e9daction Normandie<\/a><br \/>\n        <\/strong><\/p>\n<p>        Publi\u00e9 le<\/p>\n<p>            14 juin 2025 \u00e0 17h45        <\/p>\n<p>Sous le nom de \u00ab\u00a0Mati\u00e8re terrestre\u00a0\u00bb, <strong>Fran\u00e7oise Huguier<\/strong> propose au Centre Photographique de <a href=\"https:\/\/actu.fr\/normandie\/rouen_76540\" rel=\"nofollow noopener\" target=\"_blank\">Rouen (Seine-Maritime)<\/a> des photos prises dans des lieux d\u2019intimit\u00e9, passant de l\u2019Afrique \u00e0 l\u2019Asie. Elle a cette volont\u00e9 de r\u00e9v\u00e9ler<strong> l\u2019\u00e2me des int\u00e9rieurs<\/strong>, de celles et ceux qui y vivent. De nature curieuse, elle n\u2019h\u00e9site pas \u00e0 capturer l\u2019organisation de la maison (la cuisine, la salle de bain\u2026) et comment vivent les habitants, au sein de leurs foyers.<\/p>\n<p class=\" wall-content\">Toutes s\u00e9lectionn\u00e9es, ses photographies, r\u00e9alis\u00e9es au cours des trente derni\u00e8res ann\u00e9es, ont chacune un charme particulier qui attire l\u2019\u0153il. Il sera possible de retrouver les l\u00e9gendes de chaque lieu, \u00e0 c\u00f4t\u00e9 des tirages concern\u00e9s.<\/p>\n<p>Les origines de Fran\u00e7oise Huguier<\/p>\n<p class=\" wall-content\">N\u00e9e en 1942, en r\u00e9gion parisienne, elle grandit, au Cambodge dans la plantation de Chup que poss\u00e9dait son p\u00e8re. Quelques ann\u00e9es apr\u00e8s, en 1950, elle est enlev\u00e9e \u00e0 l\u2019\u00e2ge de 8 ans, par le Vi\u00eat Minh.<\/p>\n<p class=\" wall-content\">Lib\u00e9r\u00e9e au bout de huit mois de captivit\u00e9, elle rentre en France. Fran\u00e7oise est ensuite scolaris\u00e9e dans un \u00e9tablissement catholique o\u00f9 l\u2019int\u00e9gration ne se passe pas comme pr\u00e9vu. En effet, elle d\u00e9veloppe une aversion pour le mode de vie bourgeois qu\u2019on attend des jeunes femmes de l\u2019\u00e9poque.<\/p>\n<p>Un lieu pionnier<\/p>\n<p>Le Centre Photographique, situ\u00e9 au c\u0153ur du centre-ville, est labellis\u00e9 Centre d\u2019art contemporain d\u2019int\u00e9r\u00eat national. Il est le tout premier lieu d\u00e9di\u00e9 \u00e0 la photographie sur le territoire normand et parmi les pionniers sur le territoire national. Pour les \u00e9v\u00e9nements, il d\u00e9ploie ses murs pour une programmation annuelle de trois \u00e0 quatre expositions, compl\u00e9t\u00e9e par des propositions hors murs, en partenariat avec des institutions r\u00e9gionales et nationales, par exemple.<\/p>\n<p>Son histoire avec la photographie<\/p>\n<p class=\" wall-content\">Int\u00e9ress\u00e9e par le cin\u00e9ma, au d\u00e9part, rien ne lui pr\u00e9destinait \u00e0 devenir photographe. Mais, peu \u00e0 peu, gr\u00e2ce \u00e0 diverses opportunit\u00e9s, elle commence \u00e0 se lancer dans ce domaine. Amen\u00e9e \u00e0 couvrir diff\u00e9rents \u00e9v\u00e9nements politiques en tant que photojournaliste, au sein de Lib\u00e9ration, elle gagne la confiance du service photographie mais aussi des lecteurs. Par la suite, l\u2019opportunit\u00e9 de parcourir le monde arrive, non pas pour couvrir un sujet en particulier mais plut\u00f4t pour documenter le mode de vie cach\u00e9 des populations \u00e9loign\u00e9es.<\/p>\n<p>Vid\u00e9os : en ce moment sur Actu<\/p>\n<p class=\" wall-content\"><strong>Ivanna Razafindrazaka<\/strong><\/p>\n<p>Du mardi au samedi (hors jours f\u00e9ri\u00e9s), de 14h \u00e0 19h, l\u2019exposition est ouverte \u00e0 tout public, gratuitement. Vous pouvez la retrouver au 15, Rue de la Cha\u00eene, non loin de la Cath\u00e9drale de Rouen.<\/p>\n<p class=\" wall-content\">Suivez toute l\u2019actualit\u00e9 de vos villes et m\u00e9dias favoris en vous inscrivant \u00e0 <a href=\"https:\/\/moncompte.actu.fr\" title=\"D\u00e9couvez Mon Actu\" rel=\"nofollow noopener\" data-trk=\"{&quot;cta&quot;:{&quot;action&quot;:&quot;https:\\\/\\\/moncompte.actu.fr&quot;,&quot;category&quot;:&quot;mon compte&quot;,&quot;from&quot;:&quot;article footer&quot;,&quot;name&quot;:&quot;Mon actu&quot;,&quot;type&quot;:&quot;cta&quot;}}\" target=\"_blank\">Mon Actu<\/a>.<\/p>\n","protected":false},"excerpt":{"rendered":"Par R\u00e9daction Normandie Publi\u00e9 le 14 juin 2025 \u00e0 17h45 Sous le nom de \u00ab\u00a0Mati\u00e8re terrestre\u00a0\u00bb, Fran\u00e7oise Huguier&hellip;\n","protected":false},"author":2,"featured_media":176243,"comment_status":"","ping_status":"","sticky":false,"template":"","format":"standard","meta":{"footnotes":""},"categories":[9587],"tags":[1111,11,1777,674,1011,27,1652,12,5161,1756,25,9590],"class_list":{"0":"post-176242","1":"post","2":"type-post","3":"status-publish","4":"format-standard","5":"has-post-thumbnail","7":"category-rouen","8":"tag-actu","9":"tag-actualites","10":"tag-eu","11":"tag-europe","12":"tag-fr","13":"tag-france","14":"tag-loisirs-culture","15":"tag-news","16":"tag-normandie","17":"tag-photographie","18":"tag-republique-francaise","19":"tag-rouen"},"share_on_mastodon":{"url":"https:\/\/pubeurope.com\/@fr\/114682523997053028","error":""},"_links":{"self":[{"href":"https:\/\/www.europesays.com\/fr\/wp-json\/wp\/v2\/posts\/176242","targetHints":{"allow":["GET"]}}],"collection":[{"href":"https:\/\/www.europesays.com\/fr\/wp-json\/wp\/v2\/posts"}],"about":[{"href":"https:\/\/www.europesays.com\/fr\/wp-json\/wp\/v2\/types\/post"}],"author":[{"embeddable":true,"href":"https:\/\/www.europesays.com\/fr\/wp-json\/wp\/v2\/users\/2"}],"replies":[{"embeddable":true,"href":"https:\/\/www.europesays.com\/fr\/wp-json\/wp\/v2\/comments?post=176242"}],"version-history":[{"count":0,"href":"https:\/\/www.europesays.com\/fr\/wp-json\/wp\/v2\/posts\/176242\/revisions"}],"wp:featuredmedia":[{"embeddable":true,"href":"https:\/\/www.europesays.com\/fr\/wp-json\/wp\/v2\/media\/176243"}],"wp:attachment":[{"href":"https:\/\/www.europesays.com\/fr\/wp-json\/wp\/v2\/media?parent=176242"}],"wp:term":[{"taxonomy":"category","embeddable":true,"href":"https:\/\/www.europesays.com\/fr\/wp-json\/wp\/v2\/categories?post=176242"},{"taxonomy":"post_tag","embeddable":true,"href":"https:\/\/www.europesays.com\/fr\/wp-json\/wp\/v2\/tags?post=176242"}],"curies":[{"name":"wp","href":"https:\/\/api.w.org\/{rel}","templated":true}]}}