{"id":176248,"date":"2025-06-14T15:55:08","date_gmt":"2025-06-14T15:55:08","guid":{"rendered":"https:\/\/www.europesays.com\/fr\/176248\/"},"modified":"2025-06-14T15:55:08","modified_gmt":"2025-06-14T15:55:08","slug":"les-supporters-de-perpignan-ont-mis-le-feu-a-grenoble","status":"publish","type":"post","link":"https:\/\/www.europesays.com\/fr\/176248\/","title":{"rendered":"les supporters de Perpignan ont mis le feu \u00e0 Grenoble"},"content":{"rendered":"<p>            Par<br \/>\n        <strong><br \/>\n            <a href=\"https:\/\/actu.fr\/auteur\/clement-mazella\" title=\"Consulter tous les articles de Cl\u00e9ment Mazella\" target=\"_blank\" rel=\"noopener\">Cl\u00e9ment Mazella<\/a><br \/>\n        <\/strong><\/p>\n<p>        Publi\u00e9 le<\/p>\n<p>            14 juin 2025 \u00e0 17h49        <\/p>\n<p>Quelle ambiance ! Plus d\u2019une heure avant le coup d\u2019envoi de <a href=\"https:\/\/actu.fr\/rugby\/equipe\/grenoble_64dbdff47b8c09c4fec7b0a4\/\" target=\"_blank\" rel=\"noopener\">Grenoble<\/a>\u2013<a href=\"https:\/\/actu.fr\/rugby\/equipe\/perpignan_64dd31527b8c09c4fec880fe\/\" target=\"_blank\" rel=\"noopener\">Perpignan<\/a> ce samedi 14 juin, <strong>les supporters catalans ont mis une ambiance de feu<\/strong> autour du Stade des Alpes, allumant de nombreux fumig\u00e8nes et faisant grandement monter la pression pour ce match aussi d\u00e9cisif qu\u2019explosif.<\/p>\n<p>Pr\u00e8s de 3000 supporters de Perpignan pr\u00e9sents<\/p>\n<p class=\" wall-content\">L\u2019Usap, 13e de la saison r\u00e9guli\u00e8re de Top 14, est <a href=\"https:\/\/actu.fr\/occitanie\/perpignan_66136\/access-match-top-14-pro-d2-ce-n-est-jamais-la-meme-histoire-perpignan-en-etat-d-alerte_62760842.html\" target=\"_blank\" rel=\"noopener\">contrainte de passer par un access-match<\/a>, ce samedi, sur le terrain de Grenoble, <a href=\"https:\/\/actu.fr\/auvergne-rhone-alpes\/grenoble_38185\/finale-pro-d2-j-ai-l-impression-qu-on-n-y-arrivera-jamais-le-desarroi-touchant-de-romain-trouilloud_62744675.html\" target=\"_blank\" rel=\"noopener\">finaliste malheureux de Pro D2 la semaine derni\u00e8re<\/a>.<\/p>\n<p>    <a href=\"https:\/\/www.facebook.com\/plugins\/video.php?height=476&amp;href=https%3A%2F%2Fwww.facebook.com%2FActuRugby%2Fvideos%2F565999179916980%2F&amp;show_text=false&amp;width=350&amp;t=0\" title=\"Ouvrie le lien\" target=\"_blank\" rel=\"noopener\">Cliquez ici pour visualiser le contenu<\/a><\/p>\n<p class=\" wall-content\">\n<p class=\" wall-content\">Perpignan peut compter sur le soutien de supporters venus en masse. Les Catalans seront entre 2500 eu 3000 \u00e0 pousser derri\u00e8re les leurs. 30 minutes avant le coup d\u2019envoi, on n\u2019entendait quasiment qu\u2019eux dans l\u2019enceinte du Stade des Alpes, annonc\u00e9e \u00e0 guichets ferm\u00e9s.<\/p>\n<p class=\" wall-content\">\n<p class=\" wall-content\">\n<p class=\" wall-content\">Suivez toute l\u2019actualit\u00e9 de vos villes et m\u00e9dias favoris en vous inscrivant \u00e0 <a href=\"https:\/\/moncompte.actu.fr\" title=\"D\u00e9couvez Mon Actu\" rel=\"nofollow noopener\" data-trk=\"{&quot;cta&quot;:{&quot;action&quot;:&quot;https:\\\/\\\/moncompte.actu.fr&quot;,&quot;category&quot;:&quot;mon compte&quot;,&quot;from&quot;:&quot;article footer&quot;,&quot;name&quot;:&quot;Mon actu&quot;,&quot;type&quot;:&quot;cta&quot;}}\" target=\"_blank\">Mon Actu<\/a>.<\/p>\n","protected":false},"excerpt":{"rendered":"Par Cl\u00e9ment Mazella Publi\u00e9 le 14 juin 2025 \u00e0 17h49 Quelle ambiance ! Plus d\u2019une heure avant le&hellip;\n","protected":false},"author":2,"featured_media":176249,"comment_status":"","ping_status":"","sticky":false,"template":"","format":"standard","meta":{"footnotes":""},"categories":[9566],"tags":[1111,11,2430,1777,674,1011,27,2731,12,25,479,60,478,10744],"class_list":{"0":"post-176248","1":"post","2":"type-post","3":"status-publish","4":"format-standard","5":"has-post-thumbnail","7":"category-grenoble","8":"tag-actu","9":"tag-actualites","10":"tag-auvergne-rhone-alpes","11":"tag-eu","12":"tag-europe","13":"tag-fr","14":"tag-france","15":"tag-grenoble","16":"tag-news","17":"tag-republique-francaise","18":"tag-rugby","19":"tag-sports","20":"tag-top-14","21":"tag-usap-perpignan"},"share_on_mastodon":{"url":"https:\/\/pubeurope.com\/@fr\/114682535860207008","error":""},"_links":{"self":[{"href":"https:\/\/www.europesays.com\/fr\/wp-json\/wp\/v2\/posts\/176248","targetHints":{"allow":["GET"]}}],"collection":[{"href":"https:\/\/www.europesays.com\/fr\/wp-json\/wp\/v2\/posts"}],"about":[{"href":"https:\/\/www.europesays.com\/fr\/wp-json\/wp\/v2\/types\/post"}],"author":[{"embeddable":true,"href":"https:\/\/www.europesays.com\/fr\/wp-json\/wp\/v2\/users\/2"}],"replies":[{"embeddable":true,"href":"https:\/\/www.europesays.com\/fr\/wp-json\/wp\/v2\/comments?post=176248"}],"version-history":[{"count":0,"href":"https:\/\/www.europesays.com\/fr\/wp-json\/wp\/v2\/posts\/176248\/revisions"}],"wp:featuredmedia":[{"embeddable":true,"href":"https:\/\/www.europesays.com\/fr\/wp-json\/wp\/v2\/media\/176249"}],"wp:attachment":[{"href":"https:\/\/www.europesays.com\/fr\/wp-json\/wp\/v2\/media?parent=176248"}],"wp:term":[{"taxonomy":"category","embeddable":true,"href":"https:\/\/www.europesays.com\/fr\/wp-json\/wp\/v2\/categories?post=176248"},{"taxonomy":"post_tag","embeddable":true,"href":"https:\/\/www.europesays.com\/fr\/wp-json\/wp\/v2\/tags?post=176248"}],"curies":[{"name":"wp","href":"https:\/\/api.w.org\/{rel}","templated":true}]}}