{"id":176254,"date":"2025-06-14T15:58:18","date_gmt":"2025-06-14T15:58:18","guid":{"rendered":"https:\/\/www.europesays.com\/fr\/176254\/"},"modified":"2025-06-14T15:58:18","modified_gmt":"2025-06-14T15:58:18","slug":"troisieme-session-de-travail-de-la-convention-citoyenne-2","status":"publish","type":"post","link":"https:\/\/www.europesays.com\/fr\/176254\/","title":{"rendered":"troisi\u00e8me session de travail de la convention citoyenne"},"content":{"rendered":"<p>L\u2019Eurom\u00e9tropole de Strasbourg a lanc\u00e9 une d\u00e9marche innovante pour un nouveau <a href=\"https:\/\/www.dna.fr\/d\/tram-nord-de-l-eurometropole-de-strasbourg-quelle-suite-apres-l-avis-defavorable-de-la-commission-d-enquete-f583c350-74f4-4fc1-95df-839101ae226a\" target=\"_blank\" rel=\"noopener\">projet de tram vers le nord<\/a>, avec <a href=\"https:\/\/www.dna.fr\/politique\/2025\/05\/16\/projet-de-tram-vers-le-nord-la-convention-citoyenne-est-au-travail\" target=\"_blank\" rel=\"noopener\">la mise en place d\u2019une convention citoyenne<\/a> dont les membres ont \u00e9t\u00e9 tir\u00e9s au sort le 7\u00a0avril dernier. Encadr\u00e9es par un animateur, Res publica, deux premi\u00e8res rencontres se sont d\u00e9j\u00e0 tenues en avril et mai, et ont permis aux participants de se rencontrer, de partager leurs exp\u00e9riences, de comprendre la d\u00e9marche et d\u2019identifier les diff\u00e9rents enjeux.<\/p>\n<p>Lors de la derni\u00e8re session de travail, les membres de la convention citoyenne ont notamment pu rencontrer et travailler avec les membres du comit\u00e9 des garants. Cette fin de semaine, les membres de la Convention citoyenne se retrouvent \u00e0 nouveau pour une nouvelle session de travail. Les membres auront l\u2019occasion d\u2019\u00e9changer avec des acteurs locaux, des associations du territoire et des repr\u00e9sentants institutionnels.<\/p>\n","protected":false},"excerpt":{"rendered":"L\u2019Eurom\u00e9tropole de Strasbourg a lanc\u00e9 une d\u00e9marche innovante pour un nouveau projet de tram vers le nord, avec&hellip;\n","protected":false},"author":2,"featured_media":176132,"comment_status":"","ping_status":"","sticky":false,"template":"","format":"standard","meta":{"footnotes":""},"categories":[2820],"tags":[1111,11,2649,13205,2880,1777,674,107,1011,27,775,15899,12,316,25,5512,104,640,3265,2803],"class_list":{"0":"post-176254","1":"post","2":"type-post","3":"status-publish","4":"format-standard","5":"has-post-thumbnail","7":"category-strasbourg","8":"tag-actu","9":"tag-actualites","10":"tag-bas-rhin","11":"tag-bischheim","12":"tag-edition-strasbourg","13":"tag-eu","14":"tag-europe","15":"tag-fil-info","16":"tag-fr","17":"tag-france","18":"tag-grand-est","19":"tag-hoenheim","20":"tag-news","21":"tag-politique","22":"tag-republique-francaise","23":"tag-schiltigheim","24":"tag-societe","25":"tag-strasbourg","26":"tag-strasbourg-nord","27":"tag-transport"},"share_on_mastodon":{"url":"https:\/\/pubeurope.com\/@fr\/114682547707375230","error":""},"_links":{"self":[{"href":"https:\/\/www.europesays.com\/fr\/wp-json\/wp\/v2\/posts\/176254","targetHints":{"allow":["GET"]}}],"collection":[{"href":"https:\/\/www.europesays.com\/fr\/wp-json\/wp\/v2\/posts"}],"about":[{"href":"https:\/\/www.europesays.com\/fr\/wp-json\/wp\/v2\/types\/post"}],"author":[{"embeddable":true,"href":"https:\/\/www.europesays.com\/fr\/wp-json\/wp\/v2\/users\/2"}],"replies":[{"embeddable":true,"href":"https:\/\/www.europesays.com\/fr\/wp-json\/wp\/v2\/comments?post=176254"}],"version-history":[{"count":0,"href":"https:\/\/www.europesays.com\/fr\/wp-json\/wp\/v2\/posts\/176254\/revisions"}],"wp:featuredmedia":[{"embeddable":true,"href":"https:\/\/www.europesays.com\/fr\/wp-json\/wp\/v2\/media\/176132"}],"wp:attachment":[{"href":"https:\/\/www.europesays.com\/fr\/wp-json\/wp\/v2\/media?parent=176254"}],"wp:term":[{"taxonomy":"category","embeddable":true,"href":"https:\/\/www.europesays.com\/fr\/wp-json\/wp\/v2\/categories?post=176254"},{"taxonomy":"post_tag","embeddable":true,"href":"https:\/\/www.europesays.com\/fr\/wp-json\/wp\/v2\/tags?post=176254"}],"curies":[{"name":"wp","href":"https:\/\/api.w.org\/{rel}","templated":true}]}}