{"id":176266,"date":"2025-06-14T16:05:09","date_gmt":"2025-06-14T16:05:09","guid":{"rendered":"https:\/\/www.europesays.com\/fr\/176266\/"},"modified":"2025-06-14T16:05:09","modified_gmt":"2025-06-14T16:05:09","slug":"en-avant-guingamp-retire-son-appel-contre-bordeaux-pour-une-dette-sur-le-transfert-de-jeremy-livolant","status":"publish","type":"post","link":"https:\/\/www.europesays.com\/fr\/176266\/","title":{"rendered":"En Avant Guingamp retire son appel contre Bordeaux pour une dette sur le transfert de J\u00e9r\u00e9my Livolant"},"content":{"rendered":"<p>Alors que le tribunal de commerce Bordeaux doit annoncer le 24 juin sa d\u00e9cision concernant le plan de continuation des Girondins, en proie \u00e0 des dettes colossales, plusieurs cr\u00e9anciers seraient pr\u00eats \u00e0 faire un geste pour aider le club aquitain \u00e0 rebondir. <a href=\"https:\/\/www.lequipe.fr\/Football\/Actualites\/Lille-amiens-et-guingamp-retirent-leur-appel-du-plan-de-continuation-de-bordeaux\/1570101\" rel=\"nofollow noopener\" target=\"_blank\">Selon L\u2019\u00e9quipe<\/a>, ce samedi, trois clubs fran\u00e7ais ont d\u00e9cid\u00e9 de retirer leur plainte envers le FCGB afin pour ne pas entraver ce plan de continuation. Parmi eux se trouve En Avant Guingamp (avec Lille et Amiens), qui r\u00e9clame aux dirigeants bordelais un arri\u00e9r\u00e9 de transfert de 500\u00a0000 \u20ac concernant J\u00e9r\u00e9my Livolant. Le Morlaisien de naissance avait sign\u00e9 en juillet 2023 un contrat de trois ans avec les Girondins puis lib\u00e9r\u00e9 en fin de saison suite \u00e0 la rel\u00e9gation du club de Ligue 2.<\/p>\n<p>Cela ne signifie pas pour autant que la dette est effac\u00e9e, mais qu\u2019elle devra se r\u00e9gler devant une autre instance (la FIFA\u00a0?) afin d\u2019obtenir un r\u00e8glement int\u00e9gral de la somme, comme pr\u00e9vu dans le plan financier pr\u00e9sent\u00e9 par G\u00e9rard Lopez, actuel propri\u00e9taire des Girondins pour absorber l\u2019ensemble des dettes contract\u00e9es ces derni\u00e8res ann\u00e9es. Le 24 juin, dans la foul\u00e9e de ce jugement administratif, le FCGB doit aussi passer devant l\u2019instance f\u00e9d\u00e9rale de la DNCG pour savoir s\u2019il peut repartir en National 2, le championnat qu\u2019il disputait cette saison.<\/p>\n","protected":false},"excerpt":{"rendered":"Alors que le tribunal de commerce Bordeaux doit annoncer le 24 juin sa d\u00e9cision concernant le plan de&hellip;\n","protected":false},"author":2,"featured_media":176267,"comment_status":"","ping_status":"","sticky":false,"template":"","format":"standard","meta":{"footnotes":""},"categories":[2817],"tags":[1111,11,1997,19062,1777,674,63,1011,27,4044,12,2219,25,60],"class_list":{"0":"post-176266","1":"post","2":"type-post","3":"status-publish","4":"format-standard","5":"has-post-thumbnail","7":"category-bordeaux","8":"tag-actu","9":"tag-actualites","10":"tag-bordeaux","11":"tag-ea-guingamp","12":"tag-eu","13":"tag-europe","14":"tag-football","15":"tag-fr","16":"tag-france","17":"tag-guingamp","18":"tag-news","19":"tag-nouvelle-aquitaine","20":"tag-republique-francaise","21":"tag-sports"},"share_on_mastodon":{"url":"https:\/\/pubeurope.com\/@fr\/114682575146790906","error":""},"_links":{"self":[{"href":"https:\/\/www.europesays.com\/fr\/wp-json\/wp\/v2\/posts\/176266","targetHints":{"allow":["GET"]}}],"collection":[{"href":"https:\/\/www.europesays.com\/fr\/wp-json\/wp\/v2\/posts"}],"about":[{"href":"https:\/\/www.europesays.com\/fr\/wp-json\/wp\/v2\/types\/post"}],"author":[{"embeddable":true,"href":"https:\/\/www.europesays.com\/fr\/wp-json\/wp\/v2\/users\/2"}],"replies":[{"embeddable":true,"href":"https:\/\/www.europesays.com\/fr\/wp-json\/wp\/v2\/comments?post=176266"}],"version-history":[{"count":0,"href":"https:\/\/www.europesays.com\/fr\/wp-json\/wp\/v2\/posts\/176266\/revisions"}],"wp:featuredmedia":[{"embeddable":true,"href":"https:\/\/www.europesays.com\/fr\/wp-json\/wp\/v2\/media\/176267"}],"wp:attachment":[{"href":"https:\/\/www.europesays.com\/fr\/wp-json\/wp\/v2\/media?parent=176266"}],"wp:term":[{"taxonomy":"category","embeddable":true,"href":"https:\/\/www.europesays.com\/fr\/wp-json\/wp\/v2\/categories?post=176266"},{"taxonomy":"post_tag","embeddable":true,"href":"https:\/\/www.europesays.com\/fr\/wp-json\/wp\/v2\/tags?post=176266"}],"curies":[{"name":"wp","href":"https:\/\/api.w.org\/{rel}","templated":true}]}}