{"id":176272,"date":"2025-06-14T16:08:17","date_gmt":"2025-06-14T16:08:17","guid":{"rendered":"https:\/\/www.europesays.com\/fr\/176272\/"},"modified":"2025-06-14T16:08:17","modified_gmt":"2025-06-14T16:08:17","slug":"lille-guingamp-et-amiens-retirent-leurs-plaintes-contre-bordeaux-france-girondins-de-bordeaux","status":"publish","type":"post","link":"https:\/\/www.europesays.com\/fr\/176272\/","title":{"rendered":"Lille, Guingamp et Amiens retirent leurs plaintes contre Bordeaux &#8211; France &#8211; Girondins de Bordeaux"},"content":{"rendered":"<p>Petit soulagement, dirons-nous.<\/p>\n<p>Jeudi dernier, <strong>Lille, Guingamp et Amiens d\u00e9cidaient de faire appel \u00e0 la suite du plan de continuation d\u2019activit\u00e9<\/strong>, pr\u00e9sent\u00e9 par les Girondins de Bordeaux au tribunal de commerce le 26 mai dernier. En effet, dans ce plan cens\u00e9 sauver le club, <strong>les Girondins ont propos\u00e9 de rembourser leurs 26 millions d\u2019euros de dettes sur dix ans<\/strong>. Dans cette somme <strong>sont notamment inclus 9,5 millions d\u2019indemnit\u00e9 de transferts, accumul\u00e9s depuis quatre ans<\/strong>. Probl\u00e8me : Bordeaux ne souhaiterait \u2013 provisoirement \u2013 que rembourser 10% de ces 9,5 millions.<\/p>\n<p>De quoi attiser la col\u00e8re des dirigeants lillois, guingampais et ami\u00e9nois donc, qui font partie des 400 cr\u00e9anciers de l\u2019institution bordelaise. <strong>La raison de cette col\u00e8re trouve son origine dans les transferts de trois joueurs vers Bordeaux : Jean Onana (210 000 euros, en provenance de Lille), Aliou Badji (3 millions d\u2019euros, d\u2019Amiens), J\u00e9r\u00e9my Livolant (500 000 euros, de Guingamp), toujours pas int\u00e9gralement pay\u00e9s<\/strong>. Ce samedi cependant, <strong>Lille, Guingamp et Amiens ont retir\u00e9 leur appel<\/strong>, souhaitant attendre le passage des Girondins devant la DNCG, le 24 juin prochain \u00e0 9 heures, pour statuer.<\/p>\n<p>Encore une affaire qui finira devant le TAS.<\/p>\n<p>\t\t\t\t\t\t\t\t\t\t<a class=\"lien-connexe\" href=\"https:\/\/www.sofoot.com\/articles\/national-2-pourquoi-les-girondins-de-bordeaux-de-gerard-lopez-risquent-gros-ce-vendredi\" rel=\"nofollow noopener\" target=\"_blank\">Pourquoi les Girondins de Bordeaux risquent gros ce vendredi <\/a>\t\t\t\t\t<\/p>\n","protected":false},"excerpt":{"rendered":"Petit soulagement, dirons-nous. Jeudi dernier, Lille, Guingamp et Amiens d\u00e9cidaient de faire appel \u00e0 la suite du plan&hellip;\n","protected":false},"author":2,"featured_media":176273,"comment_status":"","ping_status":"","sticky":false,"template":"","format":"standard","meta":{"footnotes":""},"categories":[2815],"tags":[1111,47,11,61,69,65,64,1777,674,63,1011,27,811,68,66,1307,12,62,70,25,67],"class_list":{"0":"post-176272","1":"post","2":"type-post","3":"status-publish","4":"format-standard","5":"has-post-thumbnail","7":"category-lille","8":"tag-actu","9":"tag-actualite","10":"tag-actualites","11":"tag-actus-football","12":"tag-bundesliga","13":"tag-championnats-europeens","14":"tag-equipe-de-france","15":"tag-eu","16":"tag-europe","17":"tag-football","18":"tag-fr","19":"tag-france","20":"tag-hauts-de-france","21":"tag-ligua","22":"tag-ligue-1","23":"tag-lille","24":"tag-news","25":"tag-news-foot","26":"tag-premier-league","27":"tag-republique-francaise","28":"tag-serie-a"},"share_on_mastodon":{"url":"https:\/\/pubeurope.com\/@fr\/114682587118050196","error":""},"_links":{"self":[{"href":"https:\/\/www.europesays.com\/fr\/wp-json\/wp\/v2\/posts\/176272","targetHints":{"allow":["GET"]}}],"collection":[{"href":"https:\/\/www.europesays.com\/fr\/wp-json\/wp\/v2\/posts"}],"about":[{"href":"https:\/\/www.europesays.com\/fr\/wp-json\/wp\/v2\/types\/post"}],"author":[{"embeddable":true,"href":"https:\/\/www.europesays.com\/fr\/wp-json\/wp\/v2\/users\/2"}],"replies":[{"embeddable":true,"href":"https:\/\/www.europesays.com\/fr\/wp-json\/wp\/v2\/comments?post=176272"}],"version-history":[{"count":0,"href":"https:\/\/www.europesays.com\/fr\/wp-json\/wp\/v2\/posts\/176272\/revisions"}],"wp:featuredmedia":[{"embeddable":true,"href":"https:\/\/www.europesays.com\/fr\/wp-json\/wp\/v2\/media\/176273"}],"wp:attachment":[{"href":"https:\/\/www.europesays.com\/fr\/wp-json\/wp\/v2\/media?parent=176272"}],"wp:term":[{"taxonomy":"category","embeddable":true,"href":"https:\/\/www.europesays.com\/fr\/wp-json\/wp\/v2\/categories?post=176272"},{"taxonomy":"post_tag","embeddable":true,"href":"https:\/\/www.europesays.com\/fr\/wp-json\/wp\/v2\/tags?post=176272"}],"curies":[{"name":"wp","href":"https:\/\/api.w.org\/{rel}","templated":true}]}}