{"id":176276,"date":"2025-06-14T16:10:09","date_gmt":"2025-06-14T16:10:09","guid":{"rendered":"https:\/\/www.europesays.com\/fr\/176276\/"},"modified":"2025-06-14T16:10:09","modified_gmt":"2025-06-14T16:10:09","slug":"a-marseille-venez-decouvrir-business-franchise-mediterranee-le-salon-des-porteurs-de-projet-et-franchiseurs","status":"publish","type":"post","link":"https:\/\/www.europesays.com\/fr\/176276\/","title":{"rendered":"\u00c0 Marseille, venez d\u00e9couvrir \u00ab\u00a0business franchise M\u00e9diterran\u00e9e\u00a0\u00bb, le salon des porteurs de projet et franchiseurs."},"content":{"rendered":"<p>\u00ab\u00a0Business franchise M\u00e9diterran\u00e9e\u00a0\u00bb est l\u2019\u00e9v\u00e9nement incontournable pour les porteurs de projet et franchiseurs de Marseille. Corinne Pellegrini, \u00e9lue \u00e0 la CCI Aix Marseille Provence ainsi que d\u2019autres repr\u00e9sentants, telle que sa collaboratrice Nassima Bendahmane, Andr\u00e9a Gatto et Sandra Chalinet ont pr\u00e9sent\u00e9 vendredi 13 juin soir leur projet ambitieux de salon en Provence avec pr\u00e8s d\u2019une trentaine de franchises et enseignes participantes aussi bien nationales qu\u2019internationales notamment Vidal et Dell Arte. \u00ab\u00a0Business franchise M\u00e9diterran\u00e9e\u00a0\u00bb est vecteur de projets et d\u2019opportunit\u00e9s pour les porteurs de projet de diff\u00e9rents horizons pour cr\u00e9er une franchise ou rechercher des franchises potentielles. Ce samedi, plus de 300 participants sont attendus pour participer au projet.<\/p>\n<p>Un carrefour d\u2019opportunit\u00e9s<\/p>\n<p>L\u2019objectif de Corinne Pellegrini est avant tout de mettre en relation porteurs de projets et entreprises franchis\u00e9es, une possibilit\u00e9 \u00e0 de jeunes entrepreneurs de pouvoir, eux aussi, avoir un impact dans le monde commercial, d\u2019\u00eatre vu et de mettre en avant leurs projets. Les porteurs de projets vont directement s\u2019adresser aux entreprises et celle-ci va leur donner leurs conditions, leur standard et le prix de leur franchise.<\/p>\n<p>D\u00e9velopper un r\u00e9seau<\/p>\n<p>Le salon est aussi un moyen privil\u00e9gi\u00e9 de rencontre entre les diff\u00e9rentes enseignes. Les participants au projet insistent sur cette id\u00e9e comme notamment Jonathan Pons de ACDC architecte\u00a0: \u00ab\u00a0Nous avons besoin de ces temps de rencontre\u00a0\u00bb pour pouvoir discuter et rencontrer du monde.<\/p>\n<p>Une r\u00e9gion attractive pour l\u2019entrepreneuriat et les franchises<strong\/><\/p>\n<p>Le but de leur projet est aussi de redynamiser les villes de la r\u00e9gion Paca comme les centres-villes et les noyaux villageois de villes comme Marseille, Aix-en-Provence, Marignane et d\u2019autres, qui constituent pour les enseignes de \u00ab\u00a0tr\u00e8s belles opportunit\u00e9s pour certains quartiers\u00a0\u00bb insiste Corinne Pellegrini. Ainsi tout le monde se retrouve gagnants aussi bien les entreprises que les porteurs de projets et les villes qui sont redynamis\u00e9es sur les plans commerciaux et touristiques.<\/p>\n<p>L\u2019\u00e9dition 2025 est marqu\u00e9e par une nouveaut\u00e9 \u00ab\u00a0La bourse aux locaux\u00a0\u00bb, un dispositif visant \u00e0 faciliter l\u2019acc\u00e8s \u00e0 des emplacements strat\u00e9giques pour les futurs franchis\u00e9s\u2026<\/p>\n","protected":false},"excerpt":{"rendered":"\u00ab\u00a0Business franchise M\u00e9diterran\u00e9e\u00a0\u00bb est l\u2019\u00e9v\u00e9nement incontournable pour les porteurs de projet et franchiseurs de Marseille. Corinne Pellegrini, \u00e9lue&hellip;\n","protected":false},"author":2,"featured_media":176277,"comment_status":"","ping_status":"","sticky":false,"template":"","format":"standard","meta":{"footnotes":""},"categories":[2814],"tags":[17,1111,11,33,1777,674,21,1011,27,25990,2515,884,12,882,25,8133,6290,3711],"class_list":{"0":"post-176276","1":"post","2":"type-post","3":"status-publish","4":"format-standard","5":"has-post-thumbnail","7":"category-marseille","8":"tag-17","9":"tag-actu","10":"tag-actualites","11":"tag-economie","12":"tag-eu","13":"tag-europe","14":"tag-fait","15":"tag-fr","16":"tag-france","17":"tag-franchise","18":"tag-grand","19":"tag-marseille","20":"tag-news","21":"tag-provence-alpes-cote-dazur","22":"tag-republique-francaise","23":"tag-retour","24":"tag-salon","25":"tag-son"},"share_on_mastodon":{"url":"https:\/\/pubeurope.com\/@fr\/114682594870002632","error":""},"_links":{"self":[{"href":"https:\/\/www.europesays.com\/fr\/wp-json\/wp\/v2\/posts\/176276","targetHints":{"allow":["GET"]}}],"collection":[{"href":"https:\/\/www.europesays.com\/fr\/wp-json\/wp\/v2\/posts"}],"about":[{"href":"https:\/\/www.europesays.com\/fr\/wp-json\/wp\/v2\/types\/post"}],"author":[{"embeddable":true,"href":"https:\/\/www.europesays.com\/fr\/wp-json\/wp\/v2\/users\/2"}],"replies":[{"embeddable":true,"href":"https:\/\/www.europesays.com\/fr\/wp-json\/wp\/v2\/comments?post=176276"}],"version-history":[{"count":0,"href":"https:\/\/www.europesays.com\/fr\/wp-json\/wp\/v2\/posts\/176276\/revisions"}],"wp:featuredmedia":[{"embeddable":true,"href":"https:\/\/www.europesays.com\/fr\/wp-json\/wp\/v2\/media\/176277"}],"wp:attachment":[{"href":"https:\/\/www.europesays.com\/fr\/wp-json\/wp\/v2\/media?parent=176276"}],"wp:term":[{"taxonomy":"category","embeddable":true,"href":"https:\/\/www.europesays.com\/fr\/wp-json\/wp\/v2\/categories?post=176276"},{"taxonomy":"post_tag","embeddable":true,"href":"https:\/\/www.europesays.com\/fr\/wp-json\/wp\/v2\/tags?post=176276"}],"curies":[{"name":"wp","href":"https:\/\/api.w.org\/{rel}","templated":true}]}}