{"id":176282,"date":"2025-06-14T16:13:11","date_gmt":"2025-06-14T16:13:11","guid":{"rendered":"https:\/\/www.europesays.com\/fr\/176282\/"},"modified":"2025-06-14T16:13:11","modified_gmt":"2025-06-14T16:13:11","slug":"une-interpellation-apres-un-rodeo-urbain","status":"publish","type":"post","link":"https:\/\/www.europesays.com\/fr\/176282\/","title":{"rendered":"une interpellation apr\u00e8s un rod\u00e9o urbain"},"content":{"rendered":"<p>Les forces de police sont intervenues vendredi soir, vers 20 heures, rue de la Sauvergarde dans le quartier de la Duch\u00e8re (Lyon 9e) o\u00f9 un jeune conducteur se livrait \u00e0 un rod\u00e9o urbain au guidon d\u2019une moto-cross verte. \u00c0 leur arriv\u00e9e, le pilote de la moto prenait la fuite alors que les policiers tentaient de proc\u00e9der \u00e0 un contr\u00f4le. Le jeune homme, \u00e2g\u00e9 de 20 ans, a \u00e9t\u00e9 interpell\u00e9 quelques dizaines de m\u00e8tres plus loin apr\u00e8s avoir chut\u00e9.<\/p>\n<p>Plac\u00e9 en garde \u00e0 vue pour refus d\u2019obtemp\u00e9rer et r\u00e9bellion, l\u2019auteur du rod\u00e9o n\u2019est pas titulaire du permis de conduire.<\/p>\n","protected":false},"excerpt":{"rendered":"Les forces de police sont intervenues vendredi soir, vers 20 heures, rue de la Sauvergarde dans le quartier&hellip;\n","protected":false},"author":2,"featured_media":176283,"comment_status":"","ping_status":"","sticky":false,"template":"","format":"standard","meta":{"footnotes":""},"categories":[1889],"tags":[1111,11,2430,2757,1777,674,1011,27,2428,2756,12,25,2429,71],"class_list":{"0":"post-176282","1":"post","2":"type-post","3":"status-publish","4":"format-standard","5":"has-post-thumbnail","7":"category-lyon","8":"tag-actu","9":"tag-actualites","10":"tag-auvergne-rhone-alpes","11":"tag-edition-lyon-villeurbanne","12":"tag-eu","13":"tag-europe","14":"tag-fr","15":"tag-france","16":"tag-lyon","17":"tag-lyon-bassin","18":"tag-news","19":"tag-republique-francaise","20":"tag-rhone","21":"tag-sante"},"share_on_mastodon":{"url":"https:\/\/pubeurope.com\/@fr\/114682607012899737","error":""},"_links":{"self":[{"href":"https:\/\/www.europesays.com\/fr\/wp-json\/wp\/v2\/posts\/176282","targetHints":{"allow":["GET"]}}],"collection":[{"href":"https:\/\/www.europesays.com\/fr\/wp-json\/wp\/v2\/posts"}],"about":[{"href":"https:\/\/www.europesays.com\/fr\/wp-json\/wp\/v2\/types\/post"}],"author":[{"embeddable":true,"href":"https:\/\/www.europesays.com\/fr\/wp-json\/wp\/v2\/users\/2"}],"replies":[{"embeddable":true,"href":"https:\/\/www.europesays.com\/fr\/wp-json\/wp\/v2\/comments?post=176282"}],"version-history":[{"count":0,"href":"https:\/\/www.europesays.com\/fr\/wp-json\/wp\/v2\/posts\/176282\/revisions"}],"wp:featuredmedia":[{"embeddable":true,"href":"https:\/\/www.europesays.com\/fr\/wp-json\/wp\/v2\/media\/176283"}],"wp:attachment":[{"href":"https:\/\/www.europesays.com\/fr\/wp-json\/wp\/v2\/media?parent=176282"}],"wp:term":[{"taxonomy":"category","embeddable":true,"href":"https:\/\/www.europesays.com\/fr\/wp-json\/wp\/v2\/categories?post=176282"},{"taxonomy":"post_tag","embeddable":true,"href":"https:\/\/www.europesays.com\/fr\/wp-json\/wp\/v2\/tags?post=176282"}],"curies":[{"name":"wp","href":"https:\/\/api.w.org\/{rel}","templated":true}]}}