{"id":176312,"date":"2025-06-14T16:30:16","date_gmt":"2025-06-14T16:30:16","guid":{"rendered":"https:\/\/www.europesays.com\/fr\/176312\/"},"modified":"2025-06-14T16:30:16","modified_gmt":"2025-06-14T16:30:16","slug":"la-france-soutient-harvard-et-les-universites-americaines-face-au-controle-gouvernemental","status":"publish","type":"post","link":"https:\/\/www.europesays.com\/fr\/176312\/","title":{"rendered":"La France \u00absoutient Harvard\u00bb et les universit\u00e9s am\u00e9ricaines face au \u00abcontr\u00f4le gouvernemental\u00bb"},"content":{"rendered":"<p>Le ministre de l\u2019Europe et des Affaires \u00e9trang\u00e8res a prononc\u00e9 un discours devant les \u00e9tudiants de l\u2019\u00e9cole HEC ce samedi.<\/p>\n<p class=\"fig-paragraph\">La France \u00absoutient Harvard\u00bb et les universit\u00e9s am\u00e9ricaines face au \u00abcontr\u00f4le gouvernemental\u00bb a affirm\u00e9 Jean-No\u00ebl Barrot, ministre fran\u00e7ais de l\u2019Europe et des Affaires \u00e9trang\u00e8res dans un discours prononc\u00e9 en anglais devant les \u00e9tudiants de l\u2019\u00e9cole de commerce HEC ce samedi 14 juin. Le jeudi 22 mai, l\u2019administration de Donald Trump a annonc\u00e9 qu\u2019elle\u00a0<a href=\"http:\/\/www.lefigaro.fr\/international\/l-administration-trump-retire-a-l-universite-harvard-le-droit-d-accueillir-des-etudiants-etrangers-20250522\" target=\"_blank\" data-fig-type=\"NewsFlash\" rel=\"noopener nofollow\" data-gtm-custom-categorie=\"navigation\" data-gtm-custom-action=\"crossclick\" data-gtm-custom-label=\"Contextuel\" data-gtm-event=\"customEventSPE\" data-fig-domain=\"LEFIGARO\">retirait \u00e0 l\u2019institution situ\u00e9e \u00e0 Cambridge (Massachusetts) et fond\u00e9e en 1636 le droit d\u2019accueillir des \u00e9tudiants \u00e9trangers<\/a>.<\/p>\n<p class=\"fig-paragraph\">Le pr\u00e9sident am\u00e9ricain accuse notamment Harvard d\u2019avoir laiss\u00e9 prosp\u00e9rer l\u2019antis\u00e9mitisme et de ne pas avoir assez prot\u00e9g\u00e9 les \u00e9tudiants juifs pendant les\u00a0<a href=\"http:\/\/www.lefigaro.fr\/international\/gaza-aux-etats-unis-les-blocages-d-universites-en-soutien-aux-palestiniens-se-repandent-a-travers-tout-le-pays-20240430\" target=\"_blank\" data-fig-type=\"Article\" rel=\"noopener nofollow\" data-gtm-custom-categorie=\"navigation\" data-gtm-custom-action=\"crossclick\" data-gtm-custom-label=\"Contextuel\" data-gtm-event=\"customEventSPE\" data-fig-domain=\"LEFIGARO\">manifestations qui ont eu lieu sur son campus<\/a>\u00a0contre la guerre d\u2019Isra\u00ebl \u00e0 Gaza apr\u00e8s les\u00a0<a href=\"http:\/\/www.lefigaro.fr\/international\/samedi-6-heures-les-tueurs-du-hamas-deferlent-sur-sderot-le-recit-de-l-envoye-special-du-figaro-20231008\" target=\"_blank\" data-fig-type=\"Article\" rel=\"noopener nofollow\" data-gtm-custom-categorie=\"navigation\" data-gtm-custom-action=\"crossclick\" data-gtm-custom-label=\"Contextuel\" data-gtm-event=\"customEventSPE\" data-fig-domain=\"LEFIGARO\">attaques du Hamas le 7 octobre 2023<\/a>. La prestigieuse institution a depuis refus\u00e9 de se soumettre \u00e0 un contr\u00f4le de ses programmes, de son personnel ou de ses \u00e9tudiants pour maintenir des subventions f\u00e9d\u00e9rales.<\/p>\n<p>    Vue du campus d\u2019Harvard dans le Massachusetts<br \/>\n                Faith Ninivaggi \/ REUTERS<\/p>\n<p class=\"fig-paragraph\">\u00abNous sommes avec vous\u00a0! Si les tribunaux am\u00e9ricains maintiennent les d\u00e9cisions interdisant les \u00e9tudiants internationaux, la France offrira un lieu s\u00fbr pour terminer leurs dipl\u00f4mes\u00bb, a ajout\u00e9 Jean-No\u00ebl Barrot qui a regrett\u00e9 que le financement soit \u00abutilis\u00e9 comme levier politique\u00bb.<\/p>\n<p class=\"fig-paragraph\">\u00abNous rejetons le brouillard de l\u2019obscurantisme (&#8230;), les restrictions politiques et religieuses \u00e0 la recherche, (&#8230;) les tentatives d\u2019intimidation des chercheurs et la r\u00e9orientation de leurs travaux\u00bb, a-t-il encore d\u00e9clar\u00e9.<\/p>\n","protected":false},"excerpt":{"rendered":"Le ministre de l\u2019Europe et des Affaires \u00e9trang\u00e8res a prononc\u00e9 un discours devant les \u00e9tudiants de l\u2019\u00e9cole HEC&hellip;\n","protected":false},"author":2,"featured_media":176313,"comment_status":"","ping_status":"","sticky":false,"template":"","format":"standard","meta":{"footnotes":""},"categories":[4],"tags":[259,11,260,1011,27,666,14,261,12,262,25],"class_list":{"0":"post-176312","1":"post","2":"type-post","3":"status-publish","4":"format-standard","5":"has-post-thumbnail","7":"category-france","8":"tag-actualite-internationale","9":"tag-actualites","10":"tag-affaires-etrangeres","11":"tag-fr","12":"tag-france","13":"tag-harvard","14":"tag-international","15":"tag-ministere-des-affaires-etrangeres","16":"tag-news","17":"tag-politique-etrangere","18":"tag-republique-francaise"},"share_on_mastodon":{"url":"https:\/\/pubeurope.com\/@fr\/114682673434704463","error":""},"_links":{"self":[{"href":"https:\/\/www.europesays.com\/fr\/wp-json\/wp\/v2\/posts\/176312","targetHints":{"allow":["GET"]}}],"collection":[{"href":"https:\/\/www.europesays.com\/fr\/wp-json\/wp\/v2\/posts"}],"about":[{"href":"https:\/\/www.europesays.com\/fr\/wp-json\/wp\/v2\/types\/post"}],"author":[{"embeddable":true,"href":"https:\/\/www.europesays.com\/fr\/wp-json\/wp\/v2\/users\/2"}],"replies":[{"embeddable":true,"href":"https:\/\/www.europesays.com\/fr\/wp-json\/wp\/v2\/comments?post=176312"}],"version-history":[{"count":0,"href":"https:\/\/www.europesays.com\/fr\/wp-json\/wp\/v2\/posts\/176312\/revisions"}],"wp:featuredmedia":[{"embeddable":true,"href":"https:\/\/www.europesays.com\/fr\/wp-json\/wp\/v2\/media\/176313"}],"wp:attachment":[{"href":"https:\/\/www.europesays.com\/fr\/wp-json\/wp\/v2\/media?parent=176312"}],"wp:term":[{"taxonomy":"category","embeddable":true,"href":"https:\/\/www.europesays.com\/fr\/wp-json\/wp\/v2\/categories?post=176312"},{"taxonomy":"post_tag","embeddable":true,"href":"https:\/\/www.europesays.com\/fr\/wp-json\/wp\/v2\/tags?post=176312"}],"curies":[{"name":"wp","href":"https:\/\/api.w.org\/{rel}","templated":true}]}}