{"id":176322,"date":"2025-06-14T16:38:14","date_gmt":"2025-06-14T16:38:14","guid":{"rendered":"https:\/\/www.europesays.com\/fr\/176322\/"},"modified":"2025-06-14T16:38:14","modified_gmt":"2025-06-14T16:38:14","slug":"maconnais-400-personnes-au-depart-de-la-premiere-journee-de-la-7e-velo-gourmande","status":"publish","type":"post","link":"https:\/\/www.europesays.com\/fr\/176322\/","title":{"rendered":"M\u00e2connais. 400 personnes au d\u00e9part de la premi\u00e8re journ\u00e9e de la 7e\u00a0 v\u00e9lo-gourmande"},"content":{"rendered":"<p>Deux parcours d\u2019environ 30 et 35\u00a0km trac\u00e9s au c\u0153ur des monts du M\u00e2connais sont vallonn\u00e9s, avec un d\u00e9part commun depuis la cave des Vignerons des Terres secr\u00e8tes \u00e0 Priss\u00e9, en Bourgogne du sud. Samedi matin, pour la premi\u00e8re des deux journ\u00e9es consacr\u00e9es \u00e0 ce week-end alliant sport en version loisirs et d\u00e9couverte de la gastronomie locale, 400 personnes sont parties \u00e0 l\u2019assaut des magnifiques paysages du M\u00e2connais. Demain dimanche, ils seront 360 \u00e0 prendre le relais. Le cap des 800 inscrits n\u2019a donc pas \u00e9t\u00e9 atteint mais deux facteurs expliquent, en partie, cela\u00a0: le manque cruel de v\u00e9los \u00e0 assistance \u00e9lectrique, une bonne centaine, pris d\u2019assaut d\u00e8s l\u2019ouverture des inscriptions. D\u2019autre part, la m\u00e9t\u00e9o incertaine pour ce dimanche en a retenu plus d\u2019un.<\/p>\n","protected":false},"excerpt":{"rendered":"Deux parcours d\u2019environ 30 et 35\u00a0km trac\u00e9s au c\u0153ur des monts du M\u00e2connais sont vallonn\u00e9s, avec un d\u00e9part&hellip;\n","protected":false},"author":2,"featured_media":176323,"comment_status":"","ping_status":"","sticky":false,"template":"","format":"standard","meta":{"footnotes":""},"categories":[1411],"tags":[7782,1687,1154,207,3718,107,1011,27,5981,2661,11029,60],"class_list":{"0":"post-176322","1":"post","2":"type-post","3":"status-publish","4":"format-standard","5":"has-post-thumbnail","7":"category-cyclisme","8":"tag-balades-et-randonnees","9":"tag-culture-loisirs","10":"tag-cycling","11":"tag-cyclisme","12":"tag-edition-macon","13":"tag-fil-info","14":"tag-fr","15":"tag-france","16":"tag-macon-bassin","17":"tag-patrimoine-culturel","18":"tag-prisse","19":"tag-sports"},"share_on_mastodon":{"url":"https:\/\/pubeurope.com\/@fr\/114682704980864124","error":""},"_links":{"self":[{"href":"https:\/\/www.europesays.com\/fr\/wp-json\/wp\/v2\/posts\/176322","targetHints":{"allow":["GET"]}}],"collection":[{"href":"https:\/\/www.europesays.com\/fr\/wp-json\/wp\/v2\/posts"}],"about":[{"href":"https:\/\/www.europesays.com\/fr\/wp-json\/wp\/v2\/types\/post"}],"author":[{"embeddable":true,"href":"https:\/\/www.europesays.com\/fr\/wp-json\/wp\/v2\/users\/2"}],"replies":[{"embeddable":true,"href":"https:\/\/www.europesays.com\/fr\/wp-json\/wp\/v2\/comments?post=176322"}],"version-history":[{"count":0,"href":"https:\/\/www.europesays.com\/fr\/wp-json\/wp\/v2\/posts\/176322\/revisions"}],"wp:featuredmedia":[{"embeddable":true,"href":"https:\/\/www.europesays.com\/fr\/wp-json\/wp\/v2\/media\/176323"}],"wp:attachment":[{"href":"https:\/\/www.europesays.com\/fr\/wp-json\/wp\/v2\/media?parent=176322"}],"wp:term":[{"taxonomy":"category","embeddable":true,"href":"https:\/\/www.europesays.com\/fr\/wp-json\/wp\/v2\/categories?post=176322"},{"taxonomy":"post_tag","embeddable":true,"href":"https:\/\/www.europesays.com\/fr\/wp-json\/wp\/v2\/tags?post=176322"}],"curies":[{"name":"wp","href":"https:\/\/api.w.org\/{rel}","templated":true}]}}