{"id":176326,"date":"2025-06-14T16:40:10","date_gmt":"2025-06-14T16:40:10","guid":{"rendered":"https:\/\/www.europesays.com\/fr\/176326\/"},"modified":"2025-06-14T16:40:10","modified_gmt":"2025-06-14T16:40:10","slug":"secret-story-2025-pimprenelle-completement-fan-demilien-des-12-coups-de-midi-ce-quelle-veut-par-dessus-tout-de-sa-part","status":"publish","type":"post","link":"https:\/\/www.europesays.com\/fr\/176326\/","title":{"rendered":"Secret Story 2025 : Pimprenelle compl\u00e8tement fan d&rsquo;\u00c9milien des \u00ab\u00a012 coups de midi\u00a0\u00bb, ce qu&rsquo;elle veut par-dessus tout de sa part"},"content":{"rendered":"<p>      R\u00e9sum\u00e9<\/p>\n<p>Pimprenelle, candidate de Secret Story 2025, affiche son admiration pour \u00c9milien des \u00ab\u00a012 coups de midi\u00a0\u00bb tout en d\u00e9voilant un pass\u00e9 marqu\u00e9 par un grave accident de surf.<\/p>\n<p>        Sommaire<\/p>\n<p>Dans la Maison de Cristal, les strat\u00e9gies s\u2019aiguisent, les alliances se nouent et les r\u00eaves les plus fous s\u2019expriment. Lors d\u2019une discussion capt\u00e9e par les cam\u00e9ras de TF1+, <a href=\"https:\/\/www.public.fr\/christophe-beaugrand-secret-story-enorme-moment-de-solitude-linterview-completement-ratee\" rel=\"nofollow noopener\" target=\"_blank\">Pimprenelle a r\u00e9v\u00e9l\u00e9 son v\u0153u<\/a> : <strong>obtenir une d\u00e9dicace d\u2019\u00c9milien, le d\u00e9sormais l\u00e9gendaire Ma\u00eetre de midi<\/strong>, dont l\u2019intelligence fait fondre bien des t\u00e9l\u00e9spectateurs : \u00ab\u00a0Je n\u2019arr\u00eate pas de r\u00e9p\u00e9ter \u00e0 La Voix que \u00e7a me ferait trop plaisir, c\u2019est mon r\u00eave\u00a0\u00bb, a-t-elle confi\u00e9 avec des \u00e9toiles dans les yeux, avant d\u2019ajouter avec humour : \u00ab\u00a0Ou une place en loge avec Dua Lipa\u00a0\u00bb.<\/p>\n<p>Pimprenelle, fan number one d\u2019\u00c9milien<\/p>\n<p>Rappelons qu\u2019<a href=\"https:\/\/www.public.fr\/emilien-les-12-coups-de-midi-toujours-la-apres-600-victoires-la-belle-mere-de-jean-luc-reichmann-veut-quil-parte\" rel=\"nofollow noopener\" target=\"_blank\">\u00c9milien<\/a> d\u00e9tient un parcours impressionnant dans le jeu quotidien de TF1 : <strong>plus de 220 participations au compteur en juin 2025 et une cagnotte d\u00e9passant les 1,1 million d\u2019euros<\/strong>. \u00c0 22 ans, il est aujourd\u2019hui dans le Top 3 des plus grands Ma\u00eetres de midi, aux c\u00f4t\u00e9s de Bruno et de Xavier. Dans ce contexte, pas \u00e9tonnant que la p\u00e9tillante belge de 26 ans ait craqu\u00e9 pour le \u00ab\u00a0mec le plus intelligent de France\u00a0\u00bb, comme elle le d\u00e9crit elle-m\u00eame, non sans une pointe d\u2019admiration.<\/p>\n<p>Mais sous ses airs espi\u00e8gles, <strong>Pimprenelle cache \u00e9galement un lourd secret<\/strong>. Tr\u00e8s vite, les internautes ont d\u00e9couvert qu&rsquo;elle portait encore les marques d&rsquo;un accident survenu en 2023, lors d&rsquo;un voyage en Indon\u00e9sie.<\/p>\n<p>Pimprenelle : une candidate atypique<\/p>\n<p><strong>Victime d\u2019une double fracture de la m\u00e2choire apr\u00e8s un accident de surf<\/strong>, elle a d\u00fb subir plusieurs interventions chirurgicales et entamer une reconstruction physique et psychologique importante. <strong>Son p\u00e8re a confirm\u00e9 ces faits dans les colonnes du m\u00e9dia belge DH Les Sports+<\/strong>, r\u00e9v\u00e9lant ainsi la force et le courage de la candidate : \u00ab\u00a0Cela s&rsquo;est pass\u00e9 en 2023 en Indon\u00e9sie. Elle a eu un accident de surf et a subi une double fracture de la m\u00e2choire. \u00c0 ce moment-l\u00e0, Pimprenelle \u00e9tait compl\u00e8tement d\u00e9figur\u00e9e !\u00a0\u00bb.<\/p>\n<p>Entre authenticit\u00e9, autod\u00e9rision et \u00e9nergie communicative, <strong>Pimprenelle incarne parfaitement cette treizi\u00e8me saison<\/strong>, o\u00f9 les \u00e9motions et les personnalit\u00e9s singuli\u00e8res tiennent le premier r\u00f4le. Son histoire personnelle, m\u00eal\u00e9e \u00e0 son enthousiasme pour \u00c9milien et son clin d\u2019\u0153il \u00e0 Dua Lipa, lui vaut d\u00e9j\u00e0 le soutien d\u2019une large partie du public. Reste \u00e0 savoir si \u00ab\u00a0La Voix\u00a0\u00bb exaucera son v\u0153u d\u2019anniversaire dans les prochaines semaines.<\/p>\n<p>      Mentionn\u00e9s dans cet article<\/p>\n<p>\u00c0 lire aussi<\/p>\n","protected":false},"excerpt":{"rendered":"R\u00e9sum\u00e9 Pimprenelle, candidate de Secret Story 2025, affiche son admiration pour \u00c9milien des \u00ab\u00a012 coups de midi\u00a0\u00bb tout&hellip;\n","protected":false},"author":2,"featured_media":176327,"comment_status":"","ping_status":"","sticky":false,"template":"","format":"standard","meta":{"footnotes":""},"categories":[1359],"tags":[58,59,1011,27,973,29901],"class_list":{"0":"post-176326","1":"post","2":"type-post","3":"status-publish","4":"format-standard","5":"has-post-thumbnail","7":"category-people","8":"tag-divertissement","9":"tag-entertainment","10":"tag-fr","11":"tag-france","12":"tag-people","13":"tag-secret-story"},"share_on_mastodon":{"url":"https:\/\/pubeurope.com\/@fr\/114682712778859177","error":""},"_links":{"self":[{"href":"https:\/\/www.europesays.com\/fr\/wp-json\/wp\/v2\/posts\/176326","targetHints":{"allow":["GET"]}}],"collection":[{"href":"https:\/\/www.europesays.com\/fr\/wp-json\/wp\/v2\/posts"}],"about":[{"href":"https:\/\/www.europesays.com\/fr\/wp-json\/wp\/v2\/types\/post"}],"author":[{"embeddable":true,"href":"https:\/\/www.europesays.com\/fr\/wp-json\/wp\/v2\/users\/2"}],"replies":[{"embeddable":true,"href":"https:\/\/www.europesays.com\/fr\/wp-json\/wp\/v2\/comments?post=176326"}],"version-history":[{"count":0,"href":"https:\/\/www.europesays.com\/fr\/wp-json\/wp\/v2\/posts\/176326\/revisions"}],"wp:featuredmedia":[{"embeddable":true,"href":"https:\/\/www.europesays.com\/fr\/wp-json\/wp\/v2\/media\/176327"}],"wp:attachment":[{"href":"https:\/\/www.europesays.com\/fr\/wp-json\/wp\/v2\/media?parent=176326"}],"wp:term":[{"taxonomy":"category","embeddable":true,"href":"https:\/\/www.europesays.com\/fr\/wp-json\/wp\/v2\/categories?post=176326"},{"taxonomy":"post_tag","embeddable":true,"href":"https:\/\/www.europesays.com\/fr\/wp-json\/wp\/v2\/tags?post=176326"}],"curies":[{"name":"wp","href":"https:\/\/api.w.org\/{rel}","templated":true}]}}