{"id":176338,"date":"2025-06-14T16:46:11","date_gmt":"2025-06-14T16:46:11","guid":{"rendered":"https:\/\/www.europesays.com\/fr\/176338\/"},"modified":"2025-06-14T16:46:11","modified_gmt":"2025-06-14T16:46:11","slug":"premier-cas-autochtone-de-chikungunya-en-2025-en-metropole-dans-le-var-actualites","status":"publish","type":"post","link":"https:\/\/www.europesays.com\/fr\/176338\/","title":{"rendered":"Premier cas autochtone de chikungunya en 2025 en m\u00e9tropole, dans le Var : Actualit\u00e9s"},"content":{"rendered":"<p class=\"lead \">Un premier cas autochtone de chikungunya en 2025 en m\u00e9tropole a \u00e9t\u00e9 d\u00e9tect\u00e9 mercredi dans le Var, dans la commune de La Crau, a annonc\u00e9 l&rsquo;Agence r\u00e9gionale de sant\u00e9 Provence-Alpes-C\u00f4te d&rsquo;Azur dans un communiqu\u00e9 vendredi.<\/p>\n<p class=\"lead \">Un seul cas autochtone de ce virus transmis par le moustique tigre avait \u00e9t\u00e9 d\u00e9tect\u00e9 en 2024 en m\u00e9tropole, en Ile-de-France, aucun en 2023. Depuis 2010 la France m\u00e9tropolitaine avait connu une trentaine de cas autochtones de ce virus. <\/p>\n<p class=\"lead \">Jusque-l\u00e0, depuis le d\u00e9but de l&rsquo;ann\u00e9e, tous les cas de chikungunya recens\u00e9s en m\u00e9tropole provenaient de contaminations hors du territoire, essentiellement \u00e0 la R\u00e9union, cette \u00eele fran\u00e7aise dans l&rsquo;oc\u00e9an Indien frapp\u00e9e depuis plusieurs mois par une \u00e9pid\u00e9mie sans pr\u00e9c\u00e9dent depuis vingt ans de ce virus.<\/p>\n<p class=\"lead \">\u00ab\u00a0Des mesures imm\u00e9diates sont mises en \u0153uvre pour limiter tout risque de propagation\u00a0\u00bb, a assur\u00e9 l&rsquo;ARS Paca, en \u00e9voquant notamment une d\u00e9moustication r\u00e9alis\u00e9e dans la commune, \u00ab\u00a0sur la voie publique et dans les jardins priv\u00e9s situ\u00e9s autour du cas\u00a0\u00bb, afin d&rsquo;\u00e9liminer le plus rapidement possible les g\u00eetes larvaires et les moustiques adultes.<\/p>\n<p class=\"lead \">De m\u00eame une enqu\u00eate en porte \u00e0 porte va \u00eatre conduite dans les logements du quartier concern\u00e9 pour identifier les personnes qui pourraient pr\u00e9senter des sympt\u00f4mes.<\/p>\n<p class=\"lead \">On parle de cas autochtone quand une personne a contract\u00e9 la maladie sur le territoire nationale et n&rsquo;a pas voyag\u00e9 en zone contamin\u00e9e dans les 15 jours qui pr\u00e9c\u00e8dent l&rsquo;apparition des sympt\u00f4mes.<\/p>\n<p class=\"lead \">Cette ann\u00e9e l&rsquo;\u00e9pid\u00e9mie de chikungunya, maladie se traduisant par des fi\u00e8vres et des douleurs articulaires, a surtout frapp\u00e9 l&rsquo;\u00eele de La R\u00e9union, avec 23 morts, m\u00eame si elle poursuit maintenant son d\u00e9clin. On estime que 200.000 personnes ont \u00e9t\u00e9 contamin\u00e9es dans l&rsquo;\u00eele depuis janvier.<\/p>\n<p class=\"lead \">Si l&rsquo;\u00e9pid\u00e9mie recule franchement \u00e0 la R\u00e9union, elle poursuit encore sa dynamique \u00e0 Mayotte, \u00e9galement dans l&rsquo;oc\u00e9an Indien, o\u00f9 elle s&rsquo;est d\u00e9clar\u00e9e plus tardivement. Selon le dernier bilan, 746 cas ont \u00e9t\u00e9 signal\u00e9s depuis le d\u00e9but de l&rsquo;ann\u00e9e, mais ce chiffre appara\u00eet probablement sous-estim\u00e9.<\/p>\n<p class=\"lead \">Les temp\u00e9ratures plus chaudes qui touchent actuellement l&rsquo;Hexagone favorisent l&rsquo;activit\u00e9 des moustiques tigres, vecteurs de ce virus mais aussi de ceux de la dengue et du Zika.<\/p>\n<p class=\"lead \">En 2024, il y avait eu \u00e9galement 83 cas autochtones de dengue en m\u00e9tropole, entre les r\u00e9gions Provence-Alpes-C\u00f4te d&rsquo;Azur, Occitanie et Auvergne-Rh\u00f4ne-Alpes. <\/p>\n<p class=\"lead \">Apparu en m\u00e9tropole en 2004, le moustique tigre continue en tous cas son expansion rapide sur le territoire, et notamment vers le nord: d\u00e9but 2025 il \u00e9tait implant\u00e9 dans 81 d\u00e9partements, soit 84% des d\u00e9partements m\u00e9tropolitains, selon de nouvelles donn\u00e9es diffus\u00e9es mi-mai par Sant\u00e9 publique France.<\/p>\n<p class=\"lead \">La dengue et le chikungunya pourraient devenir end\u00e9miques en Europe en raison du r\u00e9chauffement climatique mais aussi de l&rsquo;urbanisation et des d\u00e9placements, autant de facteurs qui favorisent la propagation du moustique tigre, selon une \u00e9tude publi\u00e9e dans la revue Lancet Planetary Health mi-mai. <\/p>\n<p class=\"lead \">Face \u00e0 cette progression, et pour tenter de l&rsquo;enrayer, plusieurs milliers de moustiques tigres m\u00e2les rendus st\u00e9riles par rayons X ont \u00e9t\u00e9 l\u00e2ch\u00e9s mi-mai \u00e0 Brive-la-Gaillarde (Corr\u00e8ze), dans le cadre d&rsquo;une exp\u00e9rimentation d&rsquo;une ampleur in\u00e9dite en France m\u00e9tropolitaine. <\/p>\n<p class=\"lead \">Avec cette technique de l&rsquo;insecte st\u00e9rile (TIS), utilis\u00e9e depuis des d\u00e9cennies dans le secteur agricole, la descendance des femelles, uniques responsables des piq\u00fbres, serait peu \u00e0 peu neutralis\u00e9e et les populations devraient m\u00e9caniquement d\u00e9cro\u00eetre.<\/p>\n<p class=\"small font-weight-bold text-gray3 \"> publi\u00e9 le 13 juin \u00e0 13h34, AFP<\/p>\n<p>                             Partager<\/p>\n","protected":false},"excerpt":{"rendered":"Un premier cas autochtone de chikungunya en 2025 en m\u00e9tropole a \u00e9t\u00e9 d\u00e9tect\u00e9 mercredi dans le Var, dans&hellip;\n","protected":false},"author":2,"featured_media":176339,"comment_status":"","ping_status":"","sticky":false,"template":"","format":"standard","meta":{"footnotes":""},"categories":[10],"tags":[4009,1011,27,72,5337,585,71,5336],"class_list":{"0":"post-176338","1":"post","2":"type-post","3":"status-publish","4":"format-standard","5":"has-post-thumbnail","7":"category-sante","8":"tag-pidmie","9":"tag-fr","10":"tag-france","11":"tag-health","12":"tag-runion","13":"tag-sant","14":"tag-sante","15":"tag-virus"},"share_on_mastodon":{"url":"https:\/\/pubeurope.com\/@fr\/114682736316866942","error":""},"_links":{"self":[{"href":"https:\/\/www.europesays.com\/fr\/wp-json\/wp\/v2\/posts\/176338","targetHints":{"allow":["GET"]}}],"collection":[{"href":"https:\/\/www.europesays.com\/fr\/wp-json\/wp\/v2\/posts"}],"about":[{"href":"https:\/\/www.europesays.com\/fr\/wp-json\/wp\/v2\/types\/post"}],"author":[{"embeddable":true,"href":"https:\/\/www.europesays.com\/fr\/wp-json\/wp\/v2\/users\/2"}],"replies":[{"embeddable":true,"href":"https:\/\/www.europesays.com\/fr\/wp-json\/wp\/v2\/comments?post=176338"}],"version-history":[{"count":0,"href":"https:\/\/www.europesays.com\/fr\/wp-json\/wp\/v2\/posts\/176338\/revisions"}],"wp:featuredmedia":[{"embeddable":true,"href":"https:\/\/www.europesays.com\/fr\/wp-json\/wp\/v2\/media\/176339"}],"wp:attachment":[{"href":"https:\/\/www.europesays.com\/fr\/wp-json\/wp\/v2\/media?parent=176338"}],"wp:term":[{"taxonomy":"category","embeddable":true,"href":"https:\/\/www.europesays.com\/fr\/wp-json\/wp\/v2\/categories?post=176338"},{"taxonomy":"post_tag","embeddable":true,"href":"https:\/\/www.europesays.com\/fr\/wp-json\/wp\/v2\/tags?post=176338"}],"curies":[{"name":"wp","href":"https:\/\/api.w.org\/{rel}","templated":true}]}}