{"id":176349,"date":"2025-06-14T16:52:08","date_gmt":"2025-06-14T16:52:08","guid":{"rendered":"https:\/\/www.europesays.com\/fr\/176349\/"},"modified":"2025-06-14T16:52:08","modified_gmt":"2025-06-14T16:52:08","slug":"des-mobilisations-en-france-pour-la-palestine-a-lappel-de-syndicats-et-partis-de-gauche","status":"publish","type":"post","link":"https:\/\/www.europesays.com\/fr\/176349\/","title":{"rendered":"Des mobilisations en France pour la Palestine \u00e0 l\u2019appel de syndicats et partis de gauche"},"content":{"rendered":"<p>Ce samedi, l\u2019appel de <a href=\"https:\/\/www.20minutes.fr\/dossier\/syndicat\" class=\"color-ultramarine c-link\" target=\"_blank\" rel=\"noopener\">syndicats<\/a>, partis de gauche et collectifs en faveur de la <a href=\"https:\/\/www.20minutes.fr\/monde\/palestine\/\" class=\"color-ultramarine c-link\" target=\"_blank\" rel=\"noopener\">Palestine<\/a> et la paix \u00e0 <a href=\"https:\/\/www.20minutes.fr\/monde\/gaza\/\" class=\"color-ultramarine c-link\" target=\"_blank\" rel=\"noopener\">Gaza<\/a> a rassembl\u00e9 plusieurs milliers de manifestants \u00e0 travers la France, notamment \u00e0 <a href=\"https:\/\/www.20minutes.fr\/paris\/\" class=\"color-ultramarine c-link\" target=\"_blank\" rel=\"noopener\">Paris<\/a> o\u00f9 une manifestation s\u2019est \u00e9lanc\u00e9e en d\u00e9but d\u2019apr\u00e8s-midi.<\/p>\n<p>Cinq syndicats, <a href=\"https:\/\/www.20minutes.fr\/dossier\/cfdt\" class=\"color-ultramarine c-link\" target=\"_blank\" rel=\"noopener\">CFDT<\/a>, CGT, Unsa, Solidaires et FSU rejoints par les partis de gauche comme <a href=\"https:\/\/www.20minutes.fr\/politique\/france-insoumise\/\" class=\"color-ultramarine c-link\" target=\"_blank\" rel=\"noopener\">LFI<\/a>, PS, PCF et EELV, avaient appel\u00e9 \u00e0 mobiliser \u00ab\u00a0massivement\u00a0\u00bb dans le cadre d\u2019un week-end mondial de mobilisations.<\/p>\n<p>Rima Hassan pr\u00e9sente \u00e0 Paris<\/p>\n<p>Le collectif national pour une Paix Juste et Durable entre Palestiniens et Isra\u00e9liens (CNPJDPI) ou encore Attac se sont associ\u00e9s \u00e0 cet appel.<\/p>\n<p>A Paris, la manifestation r\u00e9unissant quelques milliers de personnes s\u2019est \u00e9lanc\u00e9e de la place de la R\u00e9publique en direction de la Nation.<\/p>\n<p>Plusieurs d\u00e9put\u00e9s LFI, le chef de file du mouvement <a href=\"https:\/\/www.20minutes.fr\/politique\/jean-luc-melenchon\/\" class=\"color-ultramarine c-link\" target=\"_blank\" rel=\"noopener\">Jean-Luc M\u00e9lenchon<\/a> et l\u2019eurod\u00e9put\u00e9e <a href=\"https:\/\/www.20minutes.fr\/politique\/rima-hassan\/\" class=\"color-ultramarine c-link\" target=\"_blank\" rel=\"noopener\">Rima Hassan<\/a> \u00e9taient pr\u00e9sents dans le cort\u00e8ge.<\/p>\n<\/p>\n<p>\u00ab\u00a0Notre responsabilit\u00e9 politique, citoyenne, morale, \u00e9thique, elle consiste \u00e0 d\u00e9vier, \u00e0 d\u00e9sob\u00e9ir, et \u00e0 mener toutes les actions n\u00e9cessaires que nous permettent de faire respecter le droit international, de mettre un terme au g\u00e9nocide\u00a0\u00bb, a lanc\u00e9 Rima Hassan d\u00e9tenue pendant trois jours en Isra\u00ebl suite \u00e0 l\u2019arraisonnement d\u2019un voilier humanitaire sur lequel elle naviguait avec d\u2019autres militants en direction de Gaza.<\/p>\n<p>\u00ab\u00a0Tous les jours, on entend qu\u2019il y a eu 30, 60 morts\u00a0\u00bb<\/p>\n<p>Dans la manifestation o\u00f9 ont \u00e9t\u00e9 scand\u00e9s les habituels slogans (\u00ab Free Palestine\u00a0\u00bb, \u00ab\u00a0nous sommes tous des enfants de Gaza\u00a0\u00bb), les participants d\u00e9non\u00e7aient l\u2019indiff\u00e9rence de l\u2019opinion publique ou la position de la France jug\u00e9e conciliante voire \u00ab\u00a0complice\u00a0\u00bb du gouvernement <a href=\"https:\/\/www.20minutes.fr\/dossier\/benyamin_netanyahou\" class=\"color-ultramarine c-link\" target=\"_blank\" rel=\"noopener\">Netanyahou<\/a>.<\/p>\n<p>\u00ab\u00a0On ne veut pas que ce qui se passe \u00e0 Gaza soit pass\u00e9 sous silence. Tous les jours, on entend qu\u2019il y a eu 30, 60 morts. C\u2019est devenu le quotidien, on ne le voit plus et j\u2019ai peur qu\u2019avec ce qui se passe avec l\u2019Iran ce soit encore plus invisibilis\u00e9\u00a0\u00bb, a d\u00e9clar\u00e9 Eve, 63 ans, qui n\u2019a pas souhait\u00e9 d\u00e9voiler son nom.<\/p>\n<p>\u00ab\u00a0On se sent impuissant\u00a0\u00bb<\/p>\n<p>L\u2019appel \u00e0 mobilisation a \u00e9t\u00e9 lanc\u00e9 avant l\u2019escalade militaire entre Isra\u00ebl et l\u2019Iran, distants de plus de 1.500\u00a0km, qui fait craindre un conflit prolong\u00e9 susceptible d\u2019engloutir la r\u00e9gion, selon des experts.<\/p>\n<p>D\u2019autres manifestations \u00e9taient organis\u00e9es en France comme \u00e0 <a href=\"https:\/\/www.20minutes.fr\/magazine\/tendances-marseille-mag\/\" class=\"color-ultramarine c-link\" target=\"_blank\" rel=\"noopener\">Marseille<\/a>, Rennes ou Toulouse.<\/p>\n<p class=\"mb-m@xs text-l@xs\">En cliquant sur\u00ab J\u2019accepte \u00bb, vous acceptez le d\u00e9p\u00f4t de cookies par des services externes et aurez ainsi acc\u00e8s aux contenus de nos partenaires.<\/p>\n<p class=\"mb-xl@xs text-s@xs\">Plus d\u2019informations sur la page<a href=\"https:\/\/www.20minutes.fr\/gestion-cookies\" class=\"mx-xxs@xs color-ultramarine\" target=\"_blank\" rel=\"noopener\">Politique de gestion des cookies<\/a><\/p>\n<p>J\u2019accepte<\/p>\n<p>\u00ab\u00a0On se sent impuissant. Tout ce qu\u2019on peut faire, c\u2019est venir et manifester contre le g\u00e9nocide \u00e0 Gaza, dire aux Palestiniens qu\u2019on ne les oublie pas\u00a0\u00bb, a dit \u00e0 l\u2019AFP Adeline Hacquin dans le cort\u00e8ge rennais rassemblant visiblement plusieurs centaines de personnes dans une ambiance familiale.<\/p>\n<p>A Toulouse, la mobilisation a rassembl\u00e9 3.000 participants d\u2019apr\u00e8s les organisateurs, 1.300 selon la police. \u00ab\u00a0La France est compl\u00e8tement complice de ce qu\u2019il se passe \u00e0 Gaza\u00a0\u00bb, y a fustig\u00e9 Vanessa Pedinotti ing\u00e9nieure de 39 ans.<\/p>\n<p>\u00ab\u00a0La grande hypocrisie\u00a0\u00bb d\u2019Emmanuel Macron<\/p>\n<p>Si le chef de l\u2019Etat Emmanuel Macron a rappel\u00e9 vendredi soir la \u00ab\u00a0d\u00e9termination\u00a0\u00bb de la France \u00e0 reconna\u00eetre l\u2019Etat de Palestine \u00ab\u00a0quelles que soient les circonstances\u00a0\u00bb, Myra Gharbi, professeure d\u2019anglais pr\u00e9sente \u00e0 la manifestation marseillaise, se dit \u00ab\u00a0tr\u00e8s pessimiste, il y a une grande hypocrisie. Macron a fait quelques d\u00e9clarations pour nous calmer mais l\u00e0 c\u2019est reparti de plus belle\u00a0\u00bb.<\/p>\n<p><a href=\"https:\/\/www.20minutes.fr\/monde\/israel\/\" class=\"c-link c-btn c-btn--primary\" target=\"_blank\" rel=\"noopener\">Retrouvez ici toute l&rsquo;actualit\u00e9 au Proche-Orient<\/a><\/p>\n<p>Rompant une tr\u00eave de deux mois, Isra\u00ebl a repris son offensive \u00e0 la mi-mars sur la bande de Gaza, et a intensifi\u00e9 ses op\u00e9rations militaires le 17\u00a0mai, dans le but affich\u00e9 d\u2019an\u00e9antir le mouvement islamiste palestinien Hamas, lib\u00e9rer les derniers otages restants et prendre le contr\u00f4le du territoire.<\/p>\n","protected":false},"excerpt":{"rendered":"Ce samedi, l\u2019appel de syndicats, partis de gauche et collectifs en faveur de la Palestine et la paix&hellip;\n","protected":false},"author":2,"featured_media":176350,"comment_status":"","ping_status":"","sticky":false,"template":"","format":"standard","meta":{"footnotes":""},"categories":[4],"tags":[47,11,952,829,3259,1073,1011,27,665,3519,2722,662,848,664,3081,1272,2721,12,2680,3518,626,584,25,15442,104,2312],"class_list":{"0":"post-176349","1":"post","2":"type-post","3":"status-publish","4":"format-standard","5":"has-post-thumbnail","7":"category-france","8":"tag-actualite","9":"tag-actualites","10":"tag-benyamin-netanyahou","11":"tag-bretagne","12":"tag-conflit-israelo-palestinien","13":"tag-emmanuel-macron","14":"tag-fr","15":"tag-france","16":"tag-gaza","17":"tag-hamas","18":"tag-haute-garonne","19":"tag-ile-de-france","20":"tag-ille-et-vilaine","21":"tag-israel","22":"tag-jean-luc-melenchon","23":"tag-manifestations","24":"tag-midi-pyrenees","25":"tag-news","26":"tag-occitanie","27":"tag-palestine","28":"tag-paris","29":"tag-rennes","30":"tag-republique-francaise","31":"tag-rima-hassan","32":"tag-societe","33":"tag-toulouse"},"share_on_mastodon":{"url":"https:\/\/pubeurope.com\/@fr\/114682760137913456","error":""},"_links":{"self":[{"href":"https:\/\/www.europesays.com\/fr\/wp-json\/wp\/v2\/posts\/176349","targetHints":{"allow":["GET"]}}],"collection":[{"href":"https:\/\/www.europesays.com\/fr\/wp-json\/wp\/v2\/posts"}],"about":[{"href":"https:\/\/www.europesays.com\/fr\/wp-json\/wp\/v2\/types\/post"}],"author":[{"embeddable":true,"href":"https:\/\/www.europesays.com\/fr\/wp-json\/wp\/v2\/users\/2"}],"replies":[{"embeddable":true,"href":"https:\/\/www.europesays.com\/fr\/wp-json\/wp\/v2\/comments?post=176349"}],"version-history":[{"count":0,"href":"https:\/\/www.europesays.com\/fr\/wp-json\/wp\/v2\/posts\/176349\/revisions"}],"wp:featuredmedia":[{"embeddable":true,"href":"https:\/\/www.europesays.com\/fr\/wp-json\/wp\/v2\/media\/176350"}],"wp:attachment":[{"href":"https:\/\/www.europesays.com\/fr\/wp-json\/wp\/v2\/media?parent=176349"}],"wp:term":[{"taxonomy":"category","embeddable":true,"href":"https:\/\/www.europesays.com\/fr\/wp-json\/wp\/v2\/categories?post=176349"},{"taxonomy":"post_tag","embeddable":true,"href":"https:\/\/www.europesays.com\/fr\/wp-json\/wp\/v2\/tags?post=176349"}],"curies":[{"name":"wp","href":"https:\/\/api.w.org\/{rel}","templated":true}]}}