{"id":176351,"date":"2025-06-14T16:53:17","date_gmt":"2025-06-14T16:53:17","guid":{"rendered":"https:\/\/www.europesays.com\/fr\/176351\/"},"modified":"2025-06-14T16:53:17","modified_gmt":"2025-06-14T16:53:17","slug":"en-direct-conflit-israel-iran-un-puissante-explosion-dans-une-raffinerie-apres-une-attaque-de-drone-israelien","status":"publish","type":"post","link":"https:\/\/www.europesays.com\/fr\/176351\/","title":{"rendered":"EN DIRECT &#8211; Conflit Isra\u00ebl-Iran : un \u00ab\u00a0puissante explosion\u00a0\u00bb dans une raffinerie apr\u00e8s une attaque de drone isra\u00e9lien"},"content":{"rendered":"<ul class=\"jsx-862013697 ArticleChapo__List\">\n<li class=\"jsx-862013697 ArticleChapo__List_Item flex\">L&rsquo;arm\u00e9e isra\u00e9lienne a indiqu\u00e9 samedi en milieu d&rsquo;apr\u00e8s-midi qu&rsquo;elle lan\u00e7ait \u00ab\u00a0actuellement\u00a0\u00bb des raids contre plusieurs sites en Iran, apr\u00e8s des tirs de missiles iraniens en riposte \u00e0 l&rsquo;attaque massive lanc\u00e9e par Isra\u00ebl la veille.<\/li>\n<li class=\"jsx-862013697 ArticleChapo__List_Item flex\">\u00ab\u00a0Nous allons frapper tous les sites et les cibles du r\u00e9gime de l&rsquo;Ayatollah\u00a0\u00bb, a d\u00e9clar\u00e9 M. Netanyahu lors d&rsquo;une conf\u00e9rence de presse, en r\u00e9f\u00e9rence \u00e0 l&rsquo;ayatollah Ali Khamenei, guide supr\u00eame de la R\u00e9publique islamique.<\/li>\n<li class=\"jsx-862013697 ArticleChapo__List_Item flex\">Suivez les derni\u00e8res informations.<\/li>\n<\/ul>\n<p><a href=\"https:\/\/www.tf1info.fr\/actualite\/israel-frappe-l-iran-qui-promet-une-riposte-d-ampleur-operation-rising-lion-sites-civils-et-militaires-nucleaires-14305\/\" rel=\"noopener\" class=\"jsx-484472199 Link jsx-1428418400 jsx-554215408\" target=\"_blank\"><\/p>\n<p style=\"font-weight:400\" class=\"jsx-1837267516\">Suivez la couverture compl\u00e8te<\/p>\n<p style=\"font-weight:800\" class=\"jsx-1837267516\">Isra\u00ebl frappe massivement l&rsquo;Iran, T\u00e9h\u00e9ran riposte<\/p>\n<p><\/a>Minute par minute18:49LES N\u00c9GOCIATIONS SUR LE NUCL\u00c9AIRE EN QUESTION<\/p>\n<p>L&rsquo;Iran a accus\u00e9 samedi Isra\u00ebl d&rsquo;avoir sap\u00e9 les pourparlers sur le nucl\u00e9aire avec les Etats-Unis en attaquant le territoire iranien. \u00ab\u00a0L&rsquo;agression du r\u00e9gime sioniste contre l&rsquo;Iran, survenue au milieu de n\u00e9gociations\u00a0\u00bb entre l&rsquo;Iran et les Etats-Unis est \u00ab\u00a0un signe suppl\u00e9mentaire de l&rsquo;hostilit\u00e9 inh\u00e9rente du r\u00e9gime (isra\u00e9lien) \u00e0 la diplomatie\u00a0\u00bb, a affirm\u00e9 le ministre iranien des Affaires \u00e9trang\u00e8res, Abbas Araghchi, lors d&rsquo;un appel avec son homologue russe Sergue\u00ef Lavrov.<\/p>\n<p>18:44POUTINE ET TRUMP ONT \u00c9CHANG\u00c9<\/p>\n<p>Vladimir Poutine a discut\u00e9 de \u00ab\u00a0l&rsquo;escalade dangereuse\u00a0\u00bb au Moyen-Orient avec le conflit entre Isra\u00ebl et l&rsquo;Iran, ainsi que des efforts en faveur d&rsquo;un r\u00e8glement en Ukraine, lors d&rsquo;un appel t\u00e9l\u00e9phonique avec Donald Trump, ont rapport\u00e9 samedi les m\u00e9dias d&rsquo;\u00c9tat russes. Le pr\u00e9sident russe a \u00e9galement inform\u00e9 son homologue am\u00e9ricain de la \u00ab\u00a0mise en \u0153uvre des accords conclus lors de la r\u00e9union entre les d\u00e9l\u00e9gations russe et ukrainienne \u00e0 Istanbul le 2 juin\u00a0\u00bb.<\/p>\n<p>18:24ISRA\u00cbL \u00c0 L&rsquo;ORIGINE D&rsquo;UN \u00ab\u00a0DANGEREUX CYCLE DE VIOLENCE\u00a0\u00bb, SELON T\u00c9H\u00c9RAN<\/p>\n<p>Le chef de la diplomatie iranienne estime que \u00ab\u00a0l&rsquo;agression\u00a0\u00bb isra\u00e9lienne \u00ab\u00a0pousse la r\u00e9gion dans un dangereux cycle de violence\u00a0\u00bb. \u00ab\u00a0L&rsquo;Iran a r\u00e9pondu et r\u00e9pondra de mani\u00e8re ferme aux actions barbares du r\u00e9gime sioniste\u00a0\u00bb, a d\u00e9clar\u00e9 Abbas Araghchi lors d&rsquo;un appel avec son homologue chinois, Wang Yi, selon des propos rapport\u00e9s par son minist\u00e8re.<\/p>\n<p>18:21VU SUR LCI<\/p>\n<p>Avec son op\u00e9ration \u00ab\u00a0Rising Lion\u00a0\u00bb, Benyamin N\u00e9tanyahou souhaite-t-il faire tomber le r\u00e9gime iranien ?<\/p>\n<p>\u00ab\u00a0Isra\u00ebl sait que la meilleure arme contre la R\u00e9publique islamique d&rsquo;Iran, c&rsquo;est le peuple iranien\u00a0\u00bb, assure la pr\u00e9sidente et co-fondatrice du collectif Femme Azadi.<\/p>\n<p>International<\/p>\n<p>VU SUR LCI<\/p>\n<p><img decoding=\"async\" src=\"https:\/\/www.europesays.com\/fr\/wp-content\/uploads\/2025\/06\/israel-sait-que-la-meilleure-arme-contre-la-republique-islamique-d-iran-c-est-le-peuple-iranien-9260.jpeg\" alt=\"Mona Jafarian sur LCI : &quot;Isra\u00ebl sait que la meilleure arme contre la R\u00e9publique islamique d'Iran, c'est le peuple iranien&quot;\" loading=\"lazy\" importance=\"low\" fetchpriority=\"low\" class=\"\" aria-hidden=\"true\"\/>Publi\u00e9 aujourd&rsquo;hui \u00e0 17h5618:15LE \u00ab\u00a0SOUTIEN\u00a0\u00bb DE TRUMP<\/p>\n<p>Isra\u00ebl a \u00ab\u00a0le soutien manifeste\u00a0\u00bb de Donald Trump dans sa compagne militaire contre l&rsquo;Iran, d\u00e9clare le Premier ministre isra\u00e9lien, Benjamin Netanyahu, dans un message vid\u00e9o en anglais adress\u00e9 au pr\u00e9sident des Etats-Unis.<\/p>\n<p>En attaquant l&rsquo;Iran, Isra\u00ebl combat \u00ab\u00a0un r\u00e9gime (&#8230;) tyrannique et radical qui veut construire des bombes atomiques pour nous d\u00e9truire, et des missiles balistiques, notamment intercontinentaux, pour menacer n&rsquo;importe\u00a0\u00bb quel pays au monde, affirme le Premier ministre isra\u00e9lien: \u00ab\u00a0En nous d\u00e9fendant, nous d\u00e9fendons aussi les autres\u00a0\u00bb et ce que Isra\u00ebl fait en Iran, il le fait \u00ab\u00a0avec le soutien (&#8230;) manifeste du pr\u00e9sident des Etats-Unis, Donald Trump, du peuple am\u00e9ricain et de nombreux autres pays\u00a0\u00bb.<\/p>\n<p>18:07COUP DE FIL TRUMP \/ POUTINE<\/p>\n<p>Poutine s&rsquo;est entretenu samedi par t\u00e9l\u00e9phone avec Trump sur le Moyen-Orient et l&rsquo;Ukraine, selon les agences russes.<\/p>\n<p>18:02SOUTIEN CHINOIS<\/p>\n<p>Le ministre chinois des Affaires \u00e9trang\u00e8res Wang Yi a d\u00e9clar\u00e9 que P\u00e9kin soutenait l&rsquo;Iran dans \u00ab\u00a0la d\u00e9fense de ses droits et int\u00e9r\u00eats l\u00e9gitimes\u00a0\u00bb, et a eu des entretiens avec ses homologues iranien et isra\u00e9lien, selon des communiqu\u00e9s.<\/p>\n<p>M. Wang a soulign\u00e9 le soutien de P\u00e9kin \u00e0 T\u00e9h\u00e9ran dans son entretien avec son homologue iranien Abbas Araghchi, et a d\u00e9nonc\u00e9 dans son entretien avec le ministre isra\u00e9lien Gideon Saar \u00ab\u00a0l&rsquo;attaque par la force\u00a0\u00bb men\u00e9e contre l&rsquo;Iran, selon ces communiqu\u00e9s du minist\u00e8re chinois des Affaires \u00e9trang\u00e8res.<\/p>\n<p>17:50&Prime;PUISSANTE EXPLOSION\u00a0\u00bb<\/p>\n<p>Une attaque de drone isra\u00e9lien contre une raffinerie strat\u00e9gique en Iran a provoqu\u00e9 samedi une \u00ab\u00a0puissante explosion\u00a0\u00bb et un incendie sur le site, situ\u00e9 dans la ville portuaire de Kangan, pr\u00e8s de Bouchehr, dans le sud du pays.<\/p>\n<p>\u00ab\u00a0Le r\u00e9gime sioniste a cibl\u00e9 la section 14 du gisement gazier South Pars avec un drone\u00a0\u00bb, ce qui a caus\u00e9 un incendie, a rapport\u00e9 l&rsquo;agence Fars. L&rsquo;agence Tasnim \u00e9voque pour sa part \u00ab\u00a0une violente explosion et un incendie\u00a0\u00bb sur l&rsquo;un des plus importants sites gaziers d&rsquo;Iran au bord du Golfe.<\/p>\n<p>17:35BILAN<\/p>\n<p>Parmi eux : des commandants des Gardiens de la R\u00e9volution, l&rsquo;arm\u00e9e id\u00e9ologique de la R\u00e9publique islamique.<\/p>\n<p>International<img decoding=\"async\" src=\"https:\/\/www.europesays.com\/fr\/wp-content\/uploads\/2025\/06\/iran-teheran-hauts-grades-afp-13ebc8-0@1x.jpeg\" alt=\"Une affiche pr\u00e9sentant les portraits de g\u00e9n\u00e9raux militaires et de scientifiques nucl\u00e9aires iraniens, tu\u00e9s lors de l'attaque isra\u00e9lienne du 13 juin, est accroch\u00e9e sur un pont \u00e0 T\u00e9h\u00e9ran le 14 juin 2025.\" loading=\"lazy\" importance=\"low\" fetchpriority=\"low\" class=\"\" aria-hidden=\"true\"\/>Publi\u00e9 aujourd&rsquo;hui \u00e0 16h5817:29DECRYPTAGE<\/p>\n<p>Invit\u00e9 sur LCI, Eric Danon, ancien ambassadeur de France en Isra\u00ebl, estime que les frappes contre l&rsquo;Iran vont durer \u00ab\u00a0\u00e0 peu pr\u00e8s une semaine.\u00a0\u00bb<\/p>\n<p>Eric Danon : \u00ab\u00a0Les frappes isra\u00e9liennes vont durer \u00e0 peu pr\u00e8s une semaine\u00a0\u00bbSource : TF1 Info<\/p>\n<p><img decoding=\"async\" src=\"https:\/\/www.europesays.com\/fr\/wp-content\/uploads\/2025\/06\/eric-danon-les-frappes-israeliennes-vont-durer-a-peu-pres-une-semaine-1506c1-0@1x.jpeg\" alt=\"Eric Danon : &quot;Les frappes isra\u00e9liennes vont durer \u00e0 peu pr\u00e8s une semaine&quot;\" loading=\"lazy\" importance=\"low\" fetchpriority=\"low\" class=\"\"\/><img decoding=\"async\" src=\"https:\/\/www.tf1info.fr\/images\/icons\/player-logo-play.svg\" alt=\"Logo lecture\" class=\"jsx-d0de44c05fe3042c PlayerLazyload__Play\"\/>17:22VERS UNE RIPOSTE \u00ab\u00a0PLUS FORTE\u00a0\u00bb ?<\/p>\n<p>Le pr\u00e9sident iranien Massoud Pezeshkian a mis en garde samedi contre une riposte militaire \u00ab\u00a0plus forte\u00a0\u00bb de l&rsquo;Iran si Isra\u00ebl poursuit ses frappes contre le territoire national, au deuxi\u00e8me jour d&rsquo;affrontement entre les deux pays ennemis.<\/p>\n<p>\u00ab\u00a0La poursuite de l&rsquo;agression sioniste entra\u00eenera une riposte plus forte et plus virulente de la part des forces arm\u00e9es iraniennes\u00a0\u00bb, a d\u00e9clar\u00e9 M. Pezeshkian lors d&rsquo;un appel avec le Premier ministre pakistanais Shehbaz Sharif, rapport\u00e9 par la pr\u00e9sidence iranienne.<\/p>\n<p>17:17&Prime;TOUS LES SITES DU R\u00c9GIME\u00a0\u00bb IRANIEN<\/p>\n<p>Le Premier ministre isra\u00e9lien, Benyamin N\u00e9tanyahou, a indiqu\u00e9 que l&rsquo;arm\u00e9e isra\u00e9lienne allait frapper \u00ab\u00a0tous les sites du r\u00e9gime\u00a0\u00bb en Iran, ajoutant que les frappes isra\u00e9liennes avaient port\u00e9 un \u00ab\u00a0coup r\u00e9el au programme\u00a0\u00bb nucl\u00e9aire de la R\u00e9publique islamique. \u00ab\u00a0Nous allons frapper tous les sites et les cibles du r\u00e9gime de l&rsquo;Ayatollah\u00a0\u00bb, a d\u00e9clar\u00e9 M. Netanyahu, en r\u00e9f\u00e9rence \u00e0 l&rsquo;ayatollah Ali Khamenei, guide supr\u00eame de la R\u00e9publique islamique. \u00ab\u00a0Nous avons inflig\u00e9 un v\u00e9ritable coup \u00e0 leur programme nucl\u00e9aire\u00a0\u00bb depuis le lancement vendredi de l&rsquo;attaque massive sur l&rsquo;Iran, a-t-il ajout\u00e9.<\/p>\n<p>Netanyahou : Isra\u00ebl va frapper \u00ab\u00a0tous les sites du r\u00e9gime\u00a0\u00bb en IranSource : TF1 Info<\/p>\n<p><img decoding=\"async\" src=\"https:\/\/www.europesays.com\/fr\/wp-content\/uploads\/2025\/06\/netanyahou-israel-va-frapper-tous-les-sites-du-regime-en-iran-a91126-0@1x.jpeg\" alt=\"Netanyahou : Isra\u00ebl va frapper &quot;tous les sites du r\u00e9gime&quot; en Iran\" loading=\"lazy\" importance=\"low\" fetchpriority=\"low\" class=\"\"\/><img decoding=\"async\" src=\"https:\/\/www.tf1info.fr\/images\/icons\/player-logo-play.svg\" alt=\"Logo lecture\" class=\"jsx-d0de44c05fe3042c PlayerLazyload__Play\"\/>17:16NEGOCIATIONS USA &#8211; IRAN<\/p>\n<p>Les Etats-Unis \u00ab\u00a0esp\u00e8rent\u00a0\u00bb poursuivre les n\u00e9gociations avec l&rsquo;Iran, a d\u00e9clar\u00e9 un responsable am\u00e9ricain samedi, apr\u00e8s que T\u00e9h\u00e9ran a estim\u00e9 qu&rsquo;il n&rsquo;y avait \u00ab\u00a0pas de sens\u00a0\u00bb \u00e0 maintenir celles pr\u00e9vues dimanche depuis l&rsquo;attaque isra\u00e9lienne lanc\u00e9e contre le pays.<\/p>\n<p>\u00ab\u00a0Nous esp\u00e9rons toujours avoir des discussions\u00a0\u00bb, a d\u00e9clar\u00e9 \u00e0 l&rsquo;AFP le responsable am\u00e9ricain, sous couvert de l&rsquo;anonymat. Un nouveau cycle de pourparlers entre Etats-Unis et Iran sur le programme nucl\u00e9raire de T\u00e9h\u00e9ran \u00e9tait pr\u00e9vu dimanche \u00e0 Oman.<\/p>\n<p>17:12&Prime;TOUS LES SITES DU R\u00c9GIME\u00a0\u00bb IRANIEN<\/p>\n<p>Le Premier ministre isra\u00e9lien, Benyamin N\u00e9tanyahou, a indiqu\u00e9 que l&rsquo;arm\u00e9e isra\u00e9lienne allait frapper \u00ab\u00a0tous les sites du r\u00e9gime\u00a0\u00bb en Iran, ajoutant que les frappes isra\u00e9liennes avaient port\u00e9 un \u00ab\u00a0coup r\u00e9el au programme\u00a0\u00bb nucl\u00e9aire de la R\u00e9publique islamique. \u00ab\u00a0Nous allons frapper tous les sites et les cibles du r\u00e9gime de l&rsquo;Ayatollah\u00a0\u00bb, a d\u00e9clar\u00e9 M. Netanyahu, en r\u00e9f\u00e9rence \u00e0 l&rsquo;ayatollah Ali Khamenei, guide supr\u00eame de la R\u00e9publique islamique. \u00ab\u00a0Nous avons inflig\u00e9 un v\u00e9ritable coup \u00e0 leur programme nucl\u00e9aire\u00a0\u00bb depuis le lancement vendredi de l&rsquo;attaque massive sur l&rsquo;Iran, a-t-il ajout\u00e9.<\/p>\n<p>17:09LE RISQUE \u00ab\u00a0UNE GUERRE D\u00c9VASTATRICE\u00a0\u00bb<\/p>\n<p>Le pr\u00e9sident turc Recep Tayyip Erdogan a mis en garde samedi contre le risque d&rsquo;une \u00ab\u00a0guerre d\u00e9vastatrice\u00a0\u00bb entre Isra\u00ebl et l&rsquo;Iran, lors d&rsquo;un entretien t\u00e9l\u00e9phonique avec le dirigeant saoudien Mohammed ben Salmane. \u00ab\u00a0Le pr\u00e9sident Erdogan a d\u00e9clar\u00e9 au cours de l&rsquo;entretien que notre r\u00e9gion ne peut tol\u00e9rer une nouvelle crise et qu&rsquo;une guerre d\u00e9vastatrice pourrait cr\u00e9er des vagues de migration irr\u00e9guli\u00e8re vers l&rsquo;ensemble des pays de la r\u00e9gion\u00a0\u00bb, a indiqu\u00e9 la pr\u00e9sidence turque dans un communiqu\u00e9.<\/p>\n<p>16:57NOUVEAU BILAN<\/p>\n<p>Au moins 30 militaires ont \u00e9t\u00e9 tu\u00e9s en Iran dans la seule province d&rsquo;Azerba\u00efdjan oriental, limitrophe notamment de l&rsquo;Arm\u00e9nie, depuis le d\u00e9but vendredi de frappes isra\u00e9liennes contre le territoire iranien.<\/p>\n<p>\u00ab\u00a0Suite \u00e0 l&rsquo;agression du r\u00e9gime sioniste contre cette province depuis vendredi matin, 30 militaires et un membre du Croissant-Rouge iranien ont \u00e9t\u00e9 tu\u00e9s en d\u00e9fendant la patrie\u00a0\u00bb, a rapport\u00e9 samedi le gouverneur d&rsquo;Azerba\u00efdjan oriental, Bahram Sarmast, cit\u00e9 par l&rsquo;agence Isna, ajoutant que 55 personnes ont par ailleurs \u00e9t\u00e9 bless\u00e9es.<\/p>\n<p>16:57NOUVELLES FRAPPES A VENIR<\/p>\n<p>Le Premier ministre isra\u00e9lien, Benyamin Netanyahou, a indiqu\u00e9 samedi que l&rsquo;arm\u00e9e isra\u00e9lienne allait frapper \u00ab\u00a0tous les sites du r\u00e9gime\u00a0\u00bb en Iran, ajoutant que les frappes isra\u00e9liennes avaient port\u00e9 un \u00ab\u00a0v\u00e9ritable coup au programme\u00a0\u00bb nucl\u00e9aire de la R\u00e9publique islamique.<\/p>\n<p>\u00ab\u00a0Nous allons frapper tous les sites et les cibles du r\u00e9gime des ayatollahs\u00a0\u00bb, a d\u00e9clar\u00e9 M. Netanyahu. \u00ab\u00a0Nous avons inflig\u00e9 un v\u00e9ritable coup \u00e0 leur programme nucl\u00e9aire\u00a0\u00bb depuis le lancement vendredi de l&rsquo;attaque massive sur l&rsquo;Iran, a-t-il ajout\u00e9.<\/p>\n<p>16:56GARDIENS DE LA REVOLUTION<\/p>\n<p>Trois autres Gardiens de la R\u00e9volution, l&rsquo;arm\u00e9e id\u00e9ologique de la R\u00e9publique islamique d&rsquo;Iran, ont \u00e9t\u00e9 tu\u00e9s samedi par une frappe isra\u00e9lienne, \u00e0 environ 300 kilom\u00e8tres \u00e0 l&rsquo;ouest de T\u00e9h\u00e9ran, au deuxi\u00e8me jour d&rsquo;attaque du territoire iranien par Isra\u00ebl.<\/p>\n<p>\u00ab\u00a0Trois membres fiers et courageux du Corps des Gardiens de la province de Zanjan, Hamid Toumari, Akbar Azizi et Amir Khani sont tomb\u00e9s en martyrs lors d&rsquo;une brutale attaque du r\u00e9gime sioniste\u00a0\u00bb, a rapport\u00e9 l&rsquo;agence Tasnim.<\/p>\n<p>15:40BILAN<\/p>\n<p>L&rsquo;arm\u00e9e isra\u00e9lienne dit avoir tu\u00e9 plus de 20 commandants dans la haute hi\u00e9rarchie des forces de s\u00e9curit\u00e9 iraniennes.<\/p>\n<p>15:40BILAN<\/p>\n<p>Deux Gardiens de la R\u00e9volution, l&rsquo;arm\u00e9e id\u00e9ologique de la R\u00e9publique islamique d&rsquo;Iran, ont \u00e9t\u00e9 tu\u00e9s samedi lors d&rsquo;une frappe isra\u00e9lienne ayant vis\u00e9 une base dans le centre du pays, selon l&rsquo;agence de presse Tasnim.<\/p>\n<p>\u00ab\u00a0Suite \u00e0 une brutale attaque du r\u00e9gime sioniste contre la base (&#8230;) de Zarandiyeh, deux membres du Corps des Gardiens de la R\u00e9volution ont \u00e9t\u00e9 tu\u00e9s\u00a0\u00bb, \u00e9crit Tasnim. Zarandiyeh est situ\u00e9 \u00e0 une centaine de kilom\u00e8tres au sud-ouest de la capitale T\u00e9h\u00e9ran.<\/p>\n<p>15:00IRAK<\/p>\n<p>L&rsquo;Irak a demand\u00e9 \u00e0 T\u00e9h\u00e9ran de ne pas cibler les int\u00e9r\u00eats am\u00e9ricains sur son territoire, a indiqu\u00e9 samedi \u00e0 l&rsquo;AFP un haut responsable s\u00e9curitaire, en pleine pouss\u00e9e de fi\u00e8vre r\u00e9gionale apr\u00e8s l&rsquo;attaque lanc\u00e9e par Isra\u00ebl contre l&rsquo;Iran, qui riposte.\u00a0<\/p>\n<p>Interrog\u00e9 par l&rsquo;AFP, un haut responsable s\u00e9curitaire irakien a confirm\u00e9 que Bagdad avait demand\u00e9 \u00e0 T\u00e9h\u00e9ran d&rsquo;\u00e9viter de s&rsquo;en prendre aux int\u00e9r\u00eats am\u00e9ricains sur son territoire. \u00ab\u00a0Oui la demande a \u00e9t\u00e9 formul\u00e9e, ils nous ont promis des choses positives. L&rsquo;Iran est compr\u00e9hensif vis-\u00e0-vis de la requ\u00eate irakienne\u00a0\u00bb a indiqu\u00e9 ce responsable, requ\u00e9rant l&rsquo;anonymat en raison de la sensibilit\u00e9 du sujet.<\/p>\n<p>Les Etats-Unis disposent d&rsquo;environ 2.500 soldats en Irak engag\u00e9s avec une coalition internationale antijihadiste emmen\u00e9e par Washington pour lutter contre le groupe Etat islamique (EI). Alli\u00e9 ind\u00e9fectible de l&rsquo;Iran avec qui il partage une longue fronti\u00e8re et des liens politiques, \u00e9conomiques et culturels \u00e9troits, l&rsquo;Irak cultive un partenariat strat\u00e9gique avec Washington. Depuis des ann\u00e9es Bagdad pratique un exercice d&rsquo;\u00e9quilibriste pour pr\u00e9server ces deux alliances.<\/p>\n<p>14:44&Prime;LIBERTE D&rsquo;ACTION AERIENNE\u00a0\u00bb<\/p>\n<p>L&rsquo;arm\u00e9e isra\u00e9lienne a affirm\u00e9 samedi avoir la ma\u00eetrise du ciel \u00ab\u00a0dans tout l&rsquo;ouest de l&rsquo;Iran, jusqu&rsquo;\u00e0 T\u00e9h\u00e9ran\u00a0\u00bb, affirmant avoir engag\u00e9 dans la nuit 70 avions de combats dans des frappes.\u00a0<\/p>\n<p>\u00ab\u00a0Nous nous sommes cr\u00e9\u00e9 une libert\u00e9 d&rsquo;action a\u00e9rienne dans tout l&rsquo;ouest de l&rsquo;Iran, jusqu&rsquo;\u00e0 T\u00e9h\u00e9ran\u00a0\u00bb, a d\u00e9clar\u00e9 le g\u00e9n\u00e9ral de brigade Effie Defrin, porte-parole de l&rsquo;arm\u00e9e isra\u00e9lienne dans un point de presse. \u00ab\u00a0T\u00e9h\u00e9ran n&rsquo;est plus \u00e0 l&rsquo;abri\u00a0\u00bb, a-t-il ajout\u00e9.<\/p>\n<p>14:34ECONOMIE<\/p>\n<p>Le march\u00e9 p\u00e9trolier est en \u00e9bullition depuis l&rsquo;attaque d&rsquo;Isra\u00ebl men\u00e9e dans la nuit de jeudi \u00e0 vendredi sur l&rsquo;Iran. Dans sa riposte, T\u00e9h\u00e9ran pourrait tenter de fermer le d\u00e9troit d&rsquo;Ormuz, a pr\u00e9venu Emmanuel Macron. 20% des flux p\u00e9troliers mondiaux y passent.<\/p>\n<p>International<img decoding=\"async\" src=\"https:\/\/www.europesays.com\/fr\/wp-content\/uploads\/2025\/06\/petrolier-illustration-c3094a-0@1x.jpeg\" alt=\"Un navire p\u00e9trolier (photo d'illustration).\" loading=\"lazy\" importance=\"low\" fetchpriority=\"low\" class=\"\" aria-hidden=\"true\"\/>Publi\u00e9 aujourd&rsquo;hui \u00e0 14h2514:17NOUVELLES ATTAQUES CONTRE L&rsquo;IRAN<\/p>\n<p>L&rsquo;arm\u00e9e isra\u00e9lienne dit lancer \u00ab\u00a0actuellement\u00a0\u00bb des attaques contre plusieurs sites en Iran.<\/p>\n<p>14:16POURPARLERS<\/p>\n<p>Le minist\u00e8re iranien des Affaires \u00e9trang\u00e8res a d\u00e9clar\u00e9 samedi qu&rsquo;il n&rsquo;y avait \u00ab\u00a0pas de sens\u00a0\u00bb \u00e0 ce que l&rsquo;Iran maintienne dimanche des pourparlers pr\u00e9vus avec les \u00c9tats-Unis sur son programme nucl\u00e9aire, au vu de l&rsquo;attaque isra\u00e9lienne lanc\u00e9e contre le pays.\u00a0<\/p>\n<p>\u00ab\u00a0Il est \u00e9vident que dans de telles circonstances, et tant que l&rsquo;agression du r\u00e9gime sioniste contre la nation iranienne ne cessera pas, il n&rsquo;y aurait pas de sens \u00e0 participer \u00e0 un dialogue avec une partie qui est le plus grand soutien et complice de l&rsquo;agresseur\u00a0\u00bb, a d\u00e9clar\u00e9 le porte-parole du minist\u00e8re, Esmaeil Baqaei, dans un communiqu\u00e9.\u00a0<\/p>\n<p>13:367 SOLDATS ISRA\u00c9LIENS BL\u00c9SS\u00c9S<\/p>\n<p>L&rsquo;arm\u00e9e isra\u00e9lienne a indiqu\u00e9 samedi que sept soldats isra\u00e9liens avaient \u00e9t\u00e9 l\u00e9g\u00e8rement bless\u00e9s \u00e0 la suite des tirs de missiles iraniens dans la nuit, en riposte \u00e0 l&rsquo;attaque massive lanc\u00e9e par Isra\u00ebl la veille sur l&rsquo;Iran. \u00ab\u00a0Sept soldats des forces arm\u00e9es isra\u00e9liennes ont \u00e9t\u00e9 l\u00e9g\u00e8rement bless\u00e9s la nuit derni\u00e8re, \u00e0 la suite d&rsquo;un impact de missile iranien sur le centre d&rsquo;Isra\u00ebl\u00a0\u00bb, a indiqu\u00e9 l&rsquo;arm\u00e9e, ajoutant qu&rsquo;ils avaient pu rentrer chez eux apr\u00e8s avoir \u00e9t\u00e9 soign\u00e9s \u00e0 l&rsquo;h\u00f4pital. La r\u00e9gion du centre d&rsquo;Isra\u00ebl inclut Tel-Aviv, ville o\u00f9 se trouve le minist\u00e8re de la D\u00e9fense et le quartier g\u00e9n\u00e9ral de l&rsquo;arm\u00e9e.<\/p>\n<p>13:17BILAN ISRAELIEN<\/p>\n<p>L&rsquo;arm\u00e9e isra\u00e9lienne a indiqu\u00e9 samedi en milieu d&rsquo;apr\u00e8s-midi qu&rsquo;elle lan\u00e7ait \u00ab\u00a0actuellement\u00a0\u00bb des raids \u00a0contre plusieurs sites en Iran, apr\u00e8s des tirs de missiles iraniens en riposte \u00e0 l&rsquo;attaque massive lanc\u00e9e par Isra\u00ebl la veille.\u00a0<\/p>\n<p>\u00ab\u00a0Nous lan\u00e7ons actuellement des attaques contre plusieurs sites en Iran\u00a0\u00bb, a d\u00e9clar\u00e9 le porte-parole de l&rsquo;arm\u00e9e isra\u00e9lienne, le g\u00e9n\u00e9ral de brigade Effie Defrin, lors d&rsquo;une allocution.<\/p>\n<p>13:00&Prime;UN COUP DUR\u00a0\u00bb POUR LE NUCL\u00c9AIRE IRANIEN ? <\/p>\n<p>Sur X, l&rsquo;arm\u00e9e isra\u00e9lienne r\u00e9agit apr\u00e8s l&rsquo;annonce de la mort de 9 scientifiques travaillant sur le programme nucl\u00e9aire iranien : \u00ab\u00a0Tous les scientifiques et experts \u00e9limin\u00e9s (&#8230;) ont jou\u00e9 un r\u00f4le cl\u00e9 dans le d\u00e9veloppement des armes nucl\u00e9aires iraniennes\u00a0\u00bb. \u00ab\u00a0Leur \u00e9limination constitue un coup dur pour la capacit\u00e9 du r\u00e9gime \u00e0 acqu\u00e9rir des armes de destruction massive\u00a0\u00bb, \u00e9crivent les forces de d\u00e9fenses isra\u00e9liennes, en l\u00e9gende d&rsquo;une courte vid\u00e9o illustrant les derni\u00e8res attaques.\u00a0<\/p>\n<blockquote data-testid=\"EmbedTwitter\" id=\"tweet-1933830006557286549-:Recs9iqb6ij9n79m:\" class=\"jsx-aeff1a1c40f54d7a twitter-tweet flex justify-center items-center\"><p>\ud83d\udd34 ELIMINATED: 9 senior scientists and experts responsible for advancing the Iranian regime\u2019s nuclear weapons program.  All of the eliminated scientists and experts, eliminated based on intelligence, were key factors in the development of Iranian nuclear weapons. Their\u2026  pic.twitter.com\/B33dGTyG1v \u2014 Israel Defense Forces (@IDF)  June 14, 2025<\/p><\/blockquote>\n<p>12:58DECRYPTAGE<\/p>\n<p>Invit\u00e9 sur LCI, Ga\u00e9tan Powis, journaliste d\u00e9fense chez Air &amp; Cosmos, nous explique comment le d\u00f4me de fer isra\u00e9lien a pu \u00eatre satur\u00e9 par l&rsquo;Iran.<\/p>\n<p>Riposte iranienne : les explications de Ga\u00ebtan PowisSource : TF1 Info<\/p>\n<p><img decoding=\"async\" src=\"https:\/\/www.europesays.com\/fr\/wp-content\/uploads\/2025\/06\/riposte-iranienne-les-explications-de-gaetan-powis-d13045-0@1x.jpeg\" alt=\"Riposte iranienne : les explications de Ga\u00ebtan Powis\" loading=\"lazy\" importance=\"low\" fetchpriority=\"low\" class=\"\"\/><img decoding=\"async\" src=\"https:\/\/www.tf1info.fr\/images\/icons\/player-logo-play.svg\" alt=\"Logo lecture\" class=\"jsx-d0de44c05fe3042c PlayerLazyload__Play\"\/>12:45DES SCIENTIFIQUES TUES PAR ISRAEL<\/p>\n<p>La t\u00e9l\u00e9vision d&rsquo;Etat iranienne a annonc\u00e9 samedi la mort de trois autres scientifiques du nucl\u00e9aire dans les attaques isra\u00e9liennes massives en Iran, portant \u00e0 neuf le nombre total de ces experts dont la mort a \u00e9t\u00e9 confirm\u00e9e par T\u00e9h\u00e9ran depuis vendredi.<\/p>\n<p>\u00ab\u00a0Trois scientifiques nucl\u00e9aires du pays \u2014 Ali Bekaei Karimi, Mansour Asgari et Saeed Borji \u2014 ont \u00e9t\u00e9 tu\u00e9s lors des attaques terroristes du r\u00e9gime sioniste\u00a0\u00bb, a rapport\u00e9 la t\u00e9l\u00e9vision d&rsquo;Etat, apr\u00e8s une premi\u00e8re annonce la veille de la mort de six scientifiques. L&rsquo;arm\u00e9e isra\u00e9lienne a annonc\u00e9 samedi de son c\u00f4t\u00e9 avoir tu\u00e9 neuf scientifiques, en publiant une liste de leurs noms.\u00a0<\/p>\n<p>12:12TEMOIGNAGE<\/p>\n<p>Une habitante de Ramat Gan, en Isra\u00ebl, raconte \u00e0 LCI les frappes qui ont touch\u00e9 le pays durant la nuit.<\/p>\n<p>\u00ab\u00a0On est pr\u00eat, on est pr\u00e9par\u00e9\u00a0\u00bb : le t\u00e9moignage d&rsquo;une habitante de Ramat Gan apr\u00e8s les frappes iraniennes sur Isra\u00eblSource : Les MATINS LCI<\/p>\n<p><a href=\"https:\/\/www.tf1info.fr\/international\/videos\/video-on-est-pret-on-est-prepare-le-temoignage-d-une-habitante-de-ramat-gan-apres-les-frappes-iraniennes-sur-israel-70346-2376967.html\" rel=\"noopener\" class=\"jsx-484472199 Link\" target=\"_blank\"><img decoding=\"async\" src=\"https:\/\/www.europesays.com\/fr\/wp-content\/uploads\/2025\/06\/on-est-pret-on-est-prepare-le-temoignage-d-une-habitante-de-ramat-gan-apres-les-frappes-iraniennes-s.jpeg\" alt=\"\" loading=\"lazy\" importance=\"low\" fetchpriority=\"low\" class=\"\" aria-hidden=\"true\"\/><\/p>\n<p>03:18<\/p>\n<p><\/a>11:55BILAN<\/p>\n<p>L&rsquo;arm\u00e9e isra\u00e9lienne a indiqu\u00e9 samedi que ses frappes a\u00e9riennes de la veille en Iran avaient entra\u00een\u00e9 la mort de neuf scientifiques et experts du nucl\u00e9aire de haut niveau.<\/p>\n<p>Au cours des frappes vendredi sur l&rsquo;Iran, \u00ab\u00a0neuf scientifiques et experts de haut niveau, qui faisaient progresser le programme d&rsquo;armes nucl\u00e9aires du r\u00e9gime iranien, ont \u00e9t\u00e9 \u00e9limin\u00e9s\u00a0\u00bb, a indiqu\u00e9 l&rsquo;arm\u00e9e dans un communiqu\u00e9, sans publier les identit\u00e9s des personnes tu\u00e9es.<\/p>\n<p>11:41TRAFIC AERIEN<\/p>\n<p>L&rsquo;a\u00e9roport Ben Gourion pr\u00e8s de Tel-Aviv, principal a\u00e9roport international en Isra\u00ebl, est ferm\u00e9 jusqu&rsquo;\u00e0 nouvel ordre, a indiqu\u00e9 samedi une porte-parole, apr\u00e8s des tirs de missiles iraniens dans la nuit en riposte \u00e0 l&rsquo;attaque massive d&rsquo;Isra\u00ebl sur l&rsquo;Iran la veille.<\/p>\n<p>\u00ab\u00a0Il n&rsquo;y a pas de date ou de jour pr\u00e9vu pour la r\u00e9ouverture de l&rsquo;a\u00e9roport\u00a0\u00bb, a d\u00e9clar\u00e9 \u00e0 l&rsquo;AFP Lisa Diver, porte-parole de l&rsquo;a\u00e9roport.<\/p>\n<p>11:40INTERVIEW<\/p>\n<p>Interrog\u00e9 sur LCI, Olivier Rafowicz, porte-parole de l&rsquo;arm\u00e9e isra\u00e9lienne, a estim\u00e9 que l&rsquo;Etat h\u00e9breu avait entam\u00e9 \u00ab\u00a0l&rsquo;une des op\u00e9rations les plus importantes de son histoire\u00a0\u00bb.<\/p>\n<p>Olivier Rafowicz : \u00ab\u00a0Une des op\u00e9rations les plus importantes dans l&rsquo;histoire d&rsquo;Isra\u00ebl\u00a0\u00bbSource : TF1 Info<\/p>\n<p><img decoding=\"async\" src=\"https:\/\/www.europesays.com\/fr\/wp-content\/uploads\/2025\/06\/olivier-rafowicz-une-des-operations-les-plus-importantes-dans-l-histoire-d-israel-3f2fb5-0@1x.jpeg\" alt=\"Olivier Rafowicz : &quot;Une des op\u00e9rations les plus importantes dans l'histoire d'Isra\u00ebl&quot;\" loading=\"lazy\" importance=\"low\" fetchpriority=\"low\" class=\"\"\/><img decoding=\"async\" src=\"https:\/\/www.tf1info.fr\/images\/icons\/player-logo-play.svg\" alt=\"Logo lecture\" class=\"jsx-d0de44c05fe3042c PlayerLazyload__Play\"\/>11:39INTERVIEW<\/p>\n<p>Apr\u00e8s l&rsquo;attaque d&rsquo;Isra\u00ebl sur des cibles militaires et nucl\u00e9aires iraniennes, l&rsquo;Iran a entam\u00e9 sa riposte. T\u00e9h\u00e9ran a-t-il vraiment les moyens de faire \u00ab\u00a0regretter\u00a0\u00bb \u00e0 l&rsquo;\u00c9tat h\u00e9breu son attaque, comme le pr\u00e9tend l&rsquo;ayatollah Ali Khamenei ? Thierry Coville, chercheur sp\u00e9cialiste de l&rsquo;Iran \u00e0 l&rsquo;Iris, r\u00e9pond \u00e0 TF1info.<\/p>\n<p>International<\/p>\n<p>INTERVIEW<\/p>\n<p><img decoding=\"async\" src=\"https:\/\/www.europesays.com\/fr\/wp-content\/uploads\/2025\/06\/debris-missile-iranien-israel-afp-139543-0@1x.jpeg\" alt=\"Des d\u00e9bris de missiles tir\u00e9s depuis l'Iran en direction d'Isra\u00ebl laissent des traces dans le ciel nocturne au-dessus de Naplouse, en Cisjordanie, apr\u00e8s avoir \u00e9t\u00e9 intercept\u00e9s le 13 juin 2025.\" loading=\"lazy\" importance=\"low\" fetchpriority=\"low\" class=\"\" aria-hidden=\"true\"\/>Publi\u00e9 aujourd&rsquo;hui \u00e0 11h0611:33&Prime;TEHERAN BRULERA\u00a0\u00bb<\/p>\n<p>T\u00e9h\u00e9ran \u00ab\u00a0br\u00fblera\u00a0\u00bb si l&rsquo;Iran tire de nouveaux missiles sur Isra\u00ebl, a d\u00e9clar\u00e9 samedi le ministre isra\u00e9lien de la D\u00e9fense, Isra\u00ebl Katz, apr\u00e8s la riposte iranienne de la nuit \u00e0 l&rsquo;attaque massive d&rsquo;Isra\u00ebl sur l&rsquo;Iran la veille.<\/p>\n<p>\u00ab\u00a0Le dictateur iranien est en train de transformer les citoyens iraniens en otages et de cr\u00e9er une r\u00e9alit\u00e9 dans laquelle ils, en particulier les habitants de T\u00e9h\u00e9ran, paieront un lourd tribut en raison des dommages criminels caus\u00e9s aux civils isra\u00e9liens\u00a0\u00bb, a d\u00e9clar\u00e9 M. Katz dans un communiqu\u00e9. \u00ab\u00a0Si (le guide supr\u00eame iranien, l&rsquo;ayatollah Ali) Khamenei continue de tirer des missiles sur le front int\u00e9rieur isra\u00e9lien, T\u00e9h\u00e9ran br\u00fblera\u00a0\u00bb, a-t-il averti.<\/p>\n<p>11:08DES FRAPPES EN IRAN<\/p>\n<p>L&rsquo;arm\u00e9e isra\u00e9lienne a men\u00e9 de nouvelles frappes samedi sur des villes de l&rsquo;ouest et du nord-ouest de l&rsquo;Iran abritant des bases militaires cl\u00e9s, ont indiqu\u00e9 des m\u00e9dias iraniens.\u00a0<\/p>\n<p>Ces frappes ont touch\u00e9 la ville de Tabriz dans le nord-ouest, ainsi que des parties des provinces occidentales de Lorestan, Hamedan et Kermanshah, ont pr\u00e9cis\u00e9 les agences de presse Fars et Mehr.\u00a0<\/p>\n<p>11:08DE NOUVELLES FRAPPES<\/p>\n<p>L&rsquo;arm\u00e9e isra\u00e9lienne a annonc\u00e9 samedi que ses avions de chasse \u00e9taient pr\u00eats \u00e0 reprendre leurs frappes sur des cibles \u00e0 T\u00e9h\u00e9ran, apr\u00e8s avoir dit qu&rsquo;ils avaient touch\u00e9 des d\u00e9fenses a\u00e9riennes dans la r\u00e9gion de la capitale iranienne au cours de la nuit.<\/p>\n<p>\u00ab\u00a0Les voies vers l&rsquo;Iran ont \u00e9t\u00e9 ouvertes\u00a0\u00bb, ont d\u00e9clar\u00e9 le chef d&rsquo;\u00e9tat-major et le chef de l&rsquo;arm\u00e9e de l&rsquo;air dans un communiqu\u00e9. L&rsquo;arm\u00e9e \u00ab\u00a0proc\u00e8de conform\u00e9ment \u00e0 ses plans op\u00e9rationnels, les chasseurs (de l&rsquo;arm\u00e9e de l&rsquo;air isra\u00e9lienne) sont pr\u00eats \u00e0 recommencer \u00e0 frapper des cibles \u00e0 T\u00e9h\u00e9ran\u00a0\u00bb, ajoute le communiqu\u00e9.<\/p>\n<p>11:04&Prime;SOUTENIR LA CAUSE DE LA PAIX\u00a0\u00bb<\/p>\n<p>Le pape L\u00e9on XIV a appel\u00e9 samedi l&rsquo;Iran et Isra\u00ebl \u00ab\u00a0\u00e0 la responsabilit\u00e9 et \u00e0 la raison\u00a0\u00bb et \u00e0 \u00ab\u00a0soutenir la cause de la paix\u00a0\u00bb apr\u00e8s les attaques isra\u00e9lienne contre l&rsquo;Iran et les ripostes de ce dernier.<\/p>\n<p>\u00ab\u00a0Dans un moment aussi d\u00e9licat, je d\u00e9sire renouveler avec force un appel \u00e0 la responsabilit\u00e9 et \u00e0 la raison\u00a0\u00bb, a-t-il affirm\u00e9 lors d&rsquo;une audience publique \u00e0 la basilique Saint-Pierre. \u00ab\u00a0Nul ne devrait jamais menacer l&rsquo;existence de l&rsquo;autre et c&rsquo;est le devoir de tous les pays de soutenir la cause de la paix en empruntant des voies de r\u00e9conciliation et en favorisant des solutions garantissant la s\u00e9curit\u00e9 et la dignit\u00e9 pour tous\u00a0\u00bb, a estim\u00e9 le pape.<\/p>\n<p>\u00ab\u00a0L&rsquo;objectif de construire un monde plus s\u00fbr et lib\u00e9r\u00e9 de la menace nucl\u00e9aire doit \u00eatre poursuivi \u00e0 travers un face \u00e0 face respectueux et un dialogue sinc\u00e8re pour \u00e9difier une paix durable fond\u00e9e sur la justice, sur la fraternit\u00e9 et le bien commun\u00a0\u00bb, a-t-il aussi d\u00e9clar\u00e9.<\/p>\n<p>10:41L&rsquo;IRAN FERME SON ESPACE AERIEN<\/p>\n<p>L&rsquo;espace a\u00e9rien de l&rsquo;Iran restera ferm\u00e9 \u00ab\u00a0jusqu&rsquo;\u00e0 nouvel ordre\u00a0\u00bb, a annonc\u00e9 samedi un m\u00e9dia d&rsquo;Etat, au deuxi\u00e8me jour des \u00e9changes de tirs entre Isra\u00ebl et l&rsquo;Iran.<\/p>\n<p>\u00ab\u00a0Il n&rsquo;y aura aucun vol dans les a\u00e9roports du pays pour prot\u00e9ger la s\u00e9curit\u00e9 des passagers (&#8230;) et ce jusqu&rsquo;\u00e0 nouvel ordre\u00a0\u00bb, a indiqu\u00e9 l&rsquo;agence de presse officielle IRNA.<\/p>\n<p>09:34BILAN EN IRAN<\/p>\n<p>Deux hauts grad\u00e9s de l&rsquo;arm\u00e9e iranienne ont \u00e9t\u00e9 tu\u00e9s dans l&rsquo;attaque sans pr\u00e9c\u00e9dent men\u00e9e par Isra\u00ebl contre l&rsquo;Iran, a rapport\u00e9 samedi la t\u00e9l\u00e9vision d&rsquo;\u00c9tat.<\/p>\n<p>Le g\u00e9n\u00e9ral Gholamreza Mehrabi, adjoint au renseignement de l&rsquo;\u00e9tat-major des forces arm\u00e9es, et le g\u00e9n\u00e9ral Mehdi Rabbani, adjoint aux op\u00e9rations, \u00ab\u00a0sont tomb\u00e9s en martyrs\u00a0\u00bb, a annonc\u00e9 la t\u00e9l\u00e9vision.<\/p>\n<p>09:24&Prime;DES DIZAINES\u00a0\u00bb DE MISSILES<\/p>\n<p>L&rsquo;arm\u00e9e isra\u00e9lienne a annonc\u00e9 samedi viser \u00ab\u00a0des dizaines\u00a0\u00bb de lanceurs de missiles sol-sol en Iran, apr\u00e8s avoir men\u00e9 des frappes nocturnes contre des d\u00e9fenses a\u00e9riennes pr\u00e8s de T\u00e9h\u00e9ran.<\/p>\n<p>Dans un communiqu\u00e9, l&rsquo;arm\u00e9e a affirm\u00e9 que son aviation \u00ab\u00a0continue de frapper des dizaines de lanceurs de missiles sol-sol en Iran\u00a0\u00bb.<\/p>\n<p>08:44DES SYST\u00c8MES DE D\u00c9FENSE IRANIENS CIBL\u00c9S?<\/p>\n<p>L&rsquo;arm\u00e9e isra\u00e9lienne a d\u00e9clar\u00e9 samedi avoir cibl\u00e9 des syst\u00e8mes de d\u00e9fense a\u00e9rienne iraniens lors d&rsquo;une vague de frappes nocturne dans la r\u00e9gion de T\u00e9h\u00e9ran.\u00a0<\/p>\n<p>\u00ab\u00a0Pendant la nuit, l&rsquo;arm\u00e9e de l&rsquo;air a frapp\u00e9 des dizaines de cibles, notamment des infrastructures de missiles sol-air, dans le cadre d&rsquo;une op\u00e9ration visant \u00e0 d\u00e9truire les capacit\u00e9s de d\u00e9fense a\u00e9rienne du r\u00e9gime dans la r\u00e9gion de T\u00e9h\u00e9ran\u00a0\u00bb, a d\u00e9clar\u00e9 l&rsquo;arm\u00e9e dans un communiqu\u00e9. \u00ab\u00a0Pour la premi\u00e8re fois depuis le d\u00e9but de la guerre, \u00e0 plus de 1.500 km du territoire isra\u00e9lien, l&rsquo;arm\u00e9e de l&rsquo;air a frapp\u00e9 des installations de d\u00e9fense dans la r\u00e9gion de T\u00e9h\u00e9ran\u00a0\u00bb, a-t-elle dit.<\/p>\n<p>08:34UNE FEMME DE 60 ANS ET UN HOMME DE 45 ANS<\/p>\n<p>Les secours isra\u00e9liens ont fait \u00e9tat, comme les m\u00e9dias locaux l&rsquo;avaient fait pr\u00e9c\u00e9demment, de deux morts samedi dans une zone r\u00e9sidentielle dans le centre d&rsquo;Isra\u00ebl touch\u00e9e par un projectile, \u00e0 la suite d&rsquo;une attaque de missiles iranienne.<\/p>\n<p>\u00ab\u00a0Une femme d&rsquo;environ 60 ans a \u00e9t\u00e9 retrouv\u00e9e sans signe de vie et un homme d&rsquo;environ 45 ans \u00e9vacu\u00e9 dans un \u00e9tat critique (&#8230;) est d\u00e9c\u00e9d\u00e9 ensuite\u00a0\u00bb, a indiqu\u00e9 le Magen David Adom, \u00e9quivalent isra\u00e9lien de la Croix-Rouge dans un communiqu\u00e9, ajoutant que 19 personnes avaient \u00e9t\u00e9 bless\u00e9es (les m\u00e9dias isra\u00e9liens faisaient eux \u00e9tat de pr\u00e8s de 100 bless\u00e9s).\u00a0<\/p>\n<p>07:50AU MOINS DEUX MORTS ET UNE CENTAINE DE BLESS\u00c9S<\/p>\n<p>Selon les m\u00e9dias isra\u00e9liens, le bilan des frappes iraniennes en repr\u00e9sailles contre Isra\u00ebl a fait deux morts et 91 bless\u00e9s.\u00a0<\/p>\n<p>Selon le m\u00e9dia Kan, le nombre de personnes d\u00e9c\u00e9d\u00e9es serait m\u00eame de trois.\u00a0<\/p>\n<p>Le nombre total de bless\u00e9s s\u2019\u00e9l\u00e8ve d\u00e9sormais \u00e0 91, toujours selon Kan.\u00a0<\/p>\n<p>07:16DES DRONES ABATTUS<\/p>\n<p>L&rsquo;Iran a annonc\u00e9 avoir abattu samedi des drones isra\u00e9liens qui \u00e9taient en mission de reconnaissance au-dessus du nord-ouest du pays, a rapport\u00e9 un m\u00e9dia d&rsquo;\u00c9tat.<\/p>\n<p>Les forces iraniennes \u00ab\u00a0ont r\u00e9ussi \u00e0 abattre des drones isra\u00e9liens qui avaient viol\u00e9 l&rsquo;espace a\u00e9rien du pays dans la r\u00e9gion frontali\u00e8re de Salmas\u00a0\u00bb, a indiqu\u00e9 la t\u00e9l\u00e9vision d&rsquo;\u00c9tat iranienne, ajoutant que \u00ab\u00a0les drones avaient p\u00e9n\u00e9tr\u00e9 dans l&rsquo;espace a\u00e9rien iranien pour des missions d&rsquo;espionnage et de reconnaissance\u00a0\u00bb.<\/p>\n<p>07:14NUIT D&rsquo;ATTAQUE ET DE REPR\u00c9SAILLES<\/p>\n<p>La sir\u00e8ne d&rsquo;alarme a retenti dans la nuit de vendredi \u00e0 samedi en Isra\u00ebl. Les autorit\u00e9s demandent aux habitants de rester le plus pr\u00e8s possible des abris et de ne pas aller \u00e0 la synagogue.\u00a0<\/p>\n<p>Iran-Isra\u00ebl : nuit d&rsquo;attaque et de repr\u00e9saillesSource : TF1 Info<\/p>\n<p><img decoding=\"async\" src=\"https:\/\/www.europesays.com\/fr\/wp-content\/uploads\/2025\/06\/iran-israel-nuit-d-attaque-et-de-represailles-263d8a-0@1x.jpeg\" alt=\"Iran-Isra\u00ebl : nuit d'attaque et de repr\u00e9sailles\" loading=\"lazy\" importance=\"low\" fetchpriority=\"low\" class=\"\"\/><img decoding=\"async\" src=\"https:\/\/www.tf1info.fr\/images\/icons\/player-logo-play.svg\" alt=\"Logo lecture\" class=\"jsx-d0de44c05fe3042c PlayerLazyload__Play\"\/>07:02NOUVELLES SALVES DE MISSILES<\/p>\n<p>L&rsquo;Iran a tir\u00e9 samedi de nouvelles salves de missiles contre Isra\u00ebl, en riposte aux frappes a\u00e9riennes isra\u00e9liennes d&rsquo;une ampleur sans pr\u00e9c\u00e9dent la veille contre des sites militaires et nucl\u00e9aires sur le sol iranien, qui font craindre une escalade dans la r\u00e9gion.<\/p>\n<p>Alors qu&rsquo;\u00e0 T\u00e9h\u00e9ran de fortes explosions ont encore retenti dans la nuit, la population isra\u00e9lienne, notamment dans la r\u00e9gion de Tel-Aviv, a v\u00e9cu au rythme des sir\u00e8nes d&rsquo;alerte et des appels \u00e0 se r\u00e9fugier dans les abris depuis vendredi et le lancement par T\u00e9h\u00e9ran de ses repr\u00e9sailles.<\/p>\n<p>L&rsquo;Iran a affirm\u00e9 viser des \u00ab\u00a0bases\u00a0\u00bb et des \u00ab\u00a0infrastructures militaires\u00a0\u00bb isra\u00e9liennes. \u00a0<\/p>\n<p>06:51EMMANUEL MACRON<\/p>\n<p>Le pr\u00e9sident fran\u00e7ais s&rsquo;est exprim\u00e9 ce vendredi soir sur la situation entre Isra\u00ebl et l&rsquo;Iran. L&rsquo;\u00c9tat h\u00e9breu m\u00e8ne des frappes d&rsquo;ampleur contre la R\u00e9publique islamique depuis la nuit de jeudi \u00e0 vendredi. Emmanuel Macron a pr\u00e9venu que \u00ab\u00a0les jours qui viennent sont extr\u00eamement dangereux\u00a0\u00bb.<\/p>\n<p>International<img decoding=\"async\" src=\"https:\/\/www.europesays.com\/fr\/wp-content\/uploads\/2025\/06\/conference-iran-emmanuel-macron-13-juin-2025-a427c3-0@1x.jpeg\" alt=\"EN BREF - &quot;Les jours qui viennent sont extr\u00eamement dangereux&quot; : ce qu'a dit Macron sur les frappes isra\u00e9liennes en Iran\" loading=\"lazy\" importance=\"low\" fetchpriority=\"low\" class=\"\" aria-hidden=\"true\"\/>06:50POINT<\/p>\n<p>Isra\u00ebl a men\u00e9, la nuit derni\u00e8re, et poursuivi ce vendredi des frappes d&rsquo;une ampleur sans pr\u00e9c\u00e9dente contre des sites militaires et nucl\u00e9aires en Iran. L&rsquo;\u00c9tat h\u00e9breu a \u00e9galement tu\u00e9 de hauts responsables de la R\u00e9publique islamique. En r\u00e9ponse, T\u00e9h\u00e9ran a lanc\u00e9 une vague de missiles balistiques dans la soir\u00e9e vendredi.<\/p>\n<p>International<img decoding=\"async\" src=\"https:\/\/www.europesays.com\/fr\/wp-content\/uploads\/2025\/06\/missiles-iraniens-dans-le-ciel-israelien-936de3-0@1x.jpeg\" alt=\"R\u00e9plique iranienne, nouvelles frappes isra\u00e9liennes\u2026 Retour sur 24\u00a0heures de fortes tensions entre Isra\u00ebl et l'Iran\" loading=\"lazy\" importance=\"low\" fetchpriority=\"low\" class=\"\" aria-hidden=\"true\"\/><\/p>\n<p>Voir plus<\/p>\n<p>06:49ISRA\u00cbL-IRAN, L&rsquo;ESCALADE INQUI\u00c9TANTE<\/p>\n<p>Dans la nuit de vendredi \u00e0 samedi, l&rsquo;Iran a lanc\u00e9 une nouvelle salve de missiles sur Isra\u00ebl. Quelques heures auparavant, l&rsquo;Iran a tir\u00e9 des dizaines de missiles contre Isra\u00ebl, en riposte aux frappes a\u00e9riennes isra\u00e9liennes d&rsquo;une ampleur sans pr\u00e9c\u00e9dent qui ont vis\u00e9 plus de 200 sites militaires et nucl\u00e9aires sur le sol iranien.<\/p>\n<p>InternationalPubli\u00e9 aujourd&rsquo;hui \u00e0 0h1906:48BIENVENUE<\/p>\n<p>Bonjour \u00e0 toutes et tous. Bienvenue sur TF1info pour suivre les derni\u00e8res actualit\u00e9s autour de la guerre en Ukraine, d\u00e9but\u00e9e le 24 f\u00e9vrier 2022 apr\u00e8s l&rsquo;invasion russe ordonn\u00e9e par Vladimir Poutine.<\/p>\n<p data-module=\"article-paragraph\" class=\"jsx-3046738180 Paragraph\">L&rsquo;Iran a tir\u00e9 vendredi soir des dizaines de missiles contre Isra\u00ebl, en riposte aux frappes a\u00e9riennes isra\u00e9liennes d&rsquo;une ampleur sans pr\u00e9c\u00e9dent qui ont vis\u00e9 plus de <a href=\"https:\/\/www.tf1info.fr\/international\/replique-de-l-iran-nouvelles-frappes-israeliennes-ce-que-l-on-sait-apres-24h-de-tensions-entre-les-deux-pays-2376953.html\" target=\"_blank\" rel=\"noopener\">200 sites militaires et nucl\u00e9aires sur le sol iranien (nouvelle fen\u00eatre)<\/a>. Les sir\u00e8nes d&rsquo;alerte ont retenti \u00e0 travers tout le pays, tandis que de la fum\u00e9e s&rsquo;\u00e9levait au-dessus de Tel-Aviv, la grande ville du centre d&rsquo;Isra\u00ebl, peu apr\u00e8s un appel lanc\u00e9 \u00e0 la population \u00e0 rejoindre les abris.<\/p>\n<p data-module=\"article-paragraph\" class=\"jsx-3046738180 Paragraph Paragraph__End\">Au moins deux vagues de dizaines de missiles balistiques iraniens ont vis\u00e9 Isra\u00ebl, a annonc\u00e9 l&rsquo;arm\u00e9e isra\u00e9lienne tandis que l&rsquo;Iran a affirm\u00e9 viser \u00ab\u00a0des dizaines de cibles\u00a0\u00bb, \u00ab\u00a0de bases et d&rsquo;infrastructures militaires\u00a0\u00bb dans le pays.\u00a0<\/p>\n<p><a href=\"https:\/\/www.tf1info.fr\/international\/en-bref-les-jours-qui-viennent-sont-extremement-dangereux-ce-qu-a-dit-macron-sur-les-frappes-israeliennes-en-iran-2376917.html\" rel=\"noopener\" class=\"jsx-3308031228 Link flex\" target=\"_blank\"><img decoding=\"async\" src=\"https:\/\/www.europesays.com\/fr\/wp-content\/uploads\/2025\/06\/conference-iran-emmanuel-macron-13-juin-2025-f9160f-0@1x.jpeg\" alt=\"Michel Euler \/ POOL \/ AFP\" loading=\"lazy\" importance=\"low\" fetchpriority=\"low\" class=\"\"\/><\/p>\n<p class=\"jsx-3657663356 ReadMoreArticle__Title\">Lire aussi<\/p>\n<p class=\"jsx-3657663356\">EN BREF &#8211; \u00ab\u00a0Les jours qui viennent sont extr\u00eamement dangereux\u00a0\u00bb : ce qu&rsquo;a dit Macron sur les frappes isra\u00e9liennes en Iran<\/p>\n<p><\/a><\/p>\n<p data-module=\"article-paragraph\" class=\"jsx-3046738180 Paragraph\">Dans le m\u00eame temps, de fortes explosions ont \u00e9t\u00e9 entendues dans la nuit \u00e0 T\u00e9h\u00e9ran, un correspondant de l&rsquo;AFP rapportant avoir vu une lueur rouge dans le ciel, alors que la d\u00e9fense anti-a\u00e9rienne \u00e9tait activ\u00e9e, selon l&rsquo;agence officielle Irna, contre de nouvelles frappes isra\u00e9liennes. \u00ab\u00a0Il y en a plus \u00e0 venir\u00a0\u00bb, a lanc\u00e9 le Premier ministre isra\u00e9lien, Benyamin Netanyahou, dans un message vid\u00e9o adress\u00e9 \u00e0 la population iranienne. \u00ab\u00a0Au cours des derni\u00e8res 24 heures, nous avons \u00e9limin\u00e9 les principaux commandants militaires, des scientifiques nucl\u00e9aires de haut niveau, l&rsquo;installation d&rsquo;enrichissement [d&rsquo;uranium] la plus importante du r\u00e9gime islamique et une grande partie de son arsenal de missiles balistiques\u00a0\u00bb, a ajout\u00e9 M. Netanyahou.<\/p>\n<p data-module=\"article-paragraph\" class=\"jsx-3046738180 Paragraph Paragraph__End\">Il avait auparavant d\u00e9clar\u00e9 qu&rsquo;Isra\u00ebl s&rsquo;attendait \u00e0 subir \u00ab\u00a0plusieurs vagues d&rsquo;attaques iraniennes\u00a0\u00bb, apr\u00e8s l&rsquo;attaque massive lanc\u00e9e t\u00f4t vendredi \u00e0 travers l&rsquo;Iran, qui a tu\u00e9 les plus hauts grad\u00e9s du pays. L&rsquo;heure est venue pour les Iraniens de se r\u00e9volter contre le \u00ab\u00a0r\u00e9gime mal\u00e9fique et oppressif\u00a0\u00bb qui les gouverne, avait-il d\u00e9clar\u00e9, affirmant que son pays avait lanc\u00e9 contre T\u00e9h\u00e9ran \u00ab\u00a0l&rsquo;une des plus grandes op\u00e9rations militaires de l&rsquo;histoire\u00a0\u00bb.<\/p>\n<p data-module=\"article-paragraph\" class=\"jsx-3046738180 Paragraph\">L&rsquo;arm\u00e9e isra\u00e9lienne a annonc\u00e9 vendredi soir avoir \u00ab\u00a0d\u00e9mantel\u00e9\u00a0\u00bb une usine d&rsquo;uranium \u00e0 Ispahan, dans le centre de l&rsquo;Iran. Les d\u00e9g\u00e2ts sur ces installations comme sur le site de Fordo, au sud de T\u00e9h\u00e9ran, sont mineurs, selon l&rsquo;organisation iranienne du nucl\u00e9aire. Cette attaque fait suite \u00e0 des pressions grandissantes exerc\u00e9es sur l&rsquo;Iran, soup\u00e7onn\u00e9 par les Occidentaux et par Isra\u00ebl de vouloir se doter de l&rsquo;arme atomique. T\u00e9h\u00e9ran d\u00e9ment et d\u00e9fend son droit \u00e0 mener un programme nucl\u00e9aire civil. L&rsquo;arm\u00e9e isra\u00e9lienne a dit disposer de renseignements prouvant que T\u00e9h\u00e9ran s&rsquo;approchait du \u00ab\u00a0point de non-retour\u00a0\u00bb vers la bombe atomique. Selon elle, \u00ab\u00a0le r\u00e9gime iranien avait un plan concret pour d\u00e9truire l&rsquo;\u00c9tat d&rsquo;Isra\u00ebl\u00a0\u00bb.<\/p>\n<p data-module=\"article-paragraph\" class=\"jsx-3046738180 Paragraph Paragraph__End\">L&rsquo;attaque intervient aussi \u00e0 deux jours d&rsquo;un nouveau cycle de n\u00e9gociations indirectes, dont la tenue est d\u00e9sormais incertaine, pr\u00e9vu dimanche \u00e0 Oman entre T\u00e9h\u00e9ran et Washington sur le programme nucl\u00e9aire iranien.<\/p>\n<p>La r\u00e9daction de TF1info<\/p>\n<p><script async src=\"https:\/\/platform.twitter.com\/widgets.js\" charset=\"utf-8\"><\/script><\/p>\n","protected":false},"excerpt":{"rendered":"L&rsquo;arm\u00e9e isra\u00e9lienne a indiqu\u00e9 samedi en milieu d&rsquo;apr\u00e8s-midi qu&rsquo;elle lan\u00e7ait \u00ab\u00a0actuellement\u00a0\u00bb des raids contre plusieurs sites en Iran,&hellip;\n","protected":false},"author":2,"featured_media":176352,"comment_status":"","ping_status":"","sticky":false,"template":"","format":"standard","meta":{"footnotes":""},"categories":[2],"tags":[1111,11,1921,952,75,1073,1011,27,1922,3019,664,31212,12,31213,133,1920],"class_list":{"0":"post-176351","1":"post","2":"type-post","3":"status-publish","4":"format-standard","5":"has-post-thumbnail","7":"category-actualites","8":"tag-actu","9":"tag-actualites","10":"tag-article-video","11":"tag-benyamin-netanyahou","12":"tag-donald-trump","13":"tag-emmanuel-macron","14":"tag-fr","15":"tag-france","16":"tag-info","17":"tag-iran","18":"tag-israel","19":"tag-israel-frappe-massivement-liran","20":"tag-news","21":"tag-teheran-riposte","22":"tag-video","23":"tag-video-international"},"share_on_mastodon":{"url":"https:\/\/pubeurope.com\/@fr\/114682764560142041","error":""},"_links":{"self":[{"href":"https:\/\/www.europesays.com\/fr\/wp-json\/wp\/v2\/posts\/176351","targetHints":{"allow":["GET"]}}],"collection":[{"href":"https:\/\/www.europesays.com\/fr\/wp-json\/wp\/v2\/posts"}],"about":[{"href":"https:\/\/www.europesays.com\/fr\/wp-json\/wp\/v2\/types\/post"}],"author":[{"embeddable":true,"href":"https:\/\/www.europesays.com\/fr\/wp-json\/wp\/v2\/users\/2"}],"replies":[{"embeddable":true,"href":"https:\/\/www.europesays.com\/fr\/wp-json\/wp\/v2\/comments?post=176351"}],"version-history":[{"count":0,"href":"https:\/\/www.europesays.com\/fr\/wp-json\/wp\/v2\/posts\/176351\/revisions"}],"wp:featuredmedia":[{"embeddable":true,"href":"https:\/\/www.europesays.com\/fr\/wp-json\/wp\/v2\/media\/176352"}],"wp:attachment":[{"href":"https:\/\/www.europesays.com\/fr\/wp-json\/wp\/v2\/media?parent=176351"}],"wp:term":[{"taxonomy":"category","embeddable":true,"href":"https:\/\/www.europesays.com\/fr\/wp-json\/wp\/v2\/categories?post=176351"},{"taxonomy":"post_tag","embeddable":true,"href":"https:\/\/www.europesays.com\/fr\/wp-json\/wp\/v2\/tags?post=176351"}],"curies":[{"name":"wp","href":"https:\/\/api.w.org\/{rel}","templated":true}]}}