{"id":176353,"date":"2025-06-14T16:54:24","date_gmt":"2025-06-14T16:54:24","guid":{"rendered":"https:\/\/www.europesays.com\/fr\/176353\/"},"modified":"2025-06-14T16:54:24","modified_gmt":"2025-06-14T16:54:24","slug":"saint-etienne-trois-pierres-de-100-kilos-se-decrochent-dun-mur-et-tombent-sur-le-toit-dune-maison","status":"publish","type":"post","link":"https:\/\/www.europesays.com\/fr\/176353\/","title":{"rendered":"Saint-\u00c9tienne. Trois pierres de 100\u00a0kilos se d\u00e9crochent d\u2019un mur et tombent sur le toit d\u2019une maison"},"content":{"rendered":"<p>Samedi 14 juin 2025, peu avant 15\u00a0h\u00a030, les sapeurs-pompiers ont \u00e9t\u00e9 appel\u00e9s par des habitants de la rue Brossard \u00e0 Saint-\u00c9tienne. Dans une cour int\u00e9rieure, au niveau du 26 bis, trois grosses pierres d\u2019environ 100\u00a0kilos venaient de tomber d\u2019un mur d\u2019un immeuble de cinq \u00e9tages sur le toit d\u2019une maison en contrebas, avant de terminer au rez-de-chauss\u00e9e.<\/p>\n<p>\u00ab\u00a0Huit personnes \u00e9taient sur cette terrasse\u00a0\u00bb<\/p>\n<p>\u00ab\u00a0Les blocs sont tomb\u00e9s sur deux pans de toit distincts et une terrasse trop\u00e9zienne\u00a0\u00bb, a expliqu\u00e9 sur place un officier des sapeurs-pompiers. \u00ab\u00a0Huit personnes \u00e9taient sur cette terrasse. Aucune n\u2019a \u00e9t\u00e9 bless\u00e9e mais les personnes sont tr\u00e8s choqu\u00e9es. Deux habitants devront \u00eatre relog\u00e9s\u00a0\u00bb.<\/p>\n<p>Des soldats du feu sp\u00e9cialis\u00e9s en sauvetage et d\u00e9blaiement ont \u00e9t\u00e9 appel\u00e9s en renfort pour proc\u00e9der \u00e0 la s\u00e9curisation du site et la rue Brossard \u00e9tait toujours interdite \u00e0 la circulation en fin d\u2019apr\u00e8s-midi\u00a0: \u00ab\u00a0Elle rouvrira quand nous aurons \u00e9valu\u00e9 les risques b\u00e2timentaires\u00a0\u00bb, a ajout\u00e9 l\u2019officier.<\/p>\n","protected":false},"excerpt":{"rendered":"Samedi 14 juin 2025, peu avant 15\u00a0h\u00a030, les sapeurs-pompiers ont \u00e9t\u00e9 appel\u00e9s par des habitants de la rue&hellip;\n","protected":false},"author":2,"featured_media":176354,"comment_status":"","ping_status":"","sticky":false,"template":"","format":"standard","meta":{"footnotes":""},"categories":[9653],"tags":[1111,11,2430,7539,1777,674,274,1011,27,3367,12,25,4001,7538],"class_list":{"0":"post-176353","1":"post","2":"type-post","3":"status-publish","4":"format-standard","5":"has-post-thumbnail","7":"category-saint-etienne","8":"tag-actu","9":"tag-actualites","10":"tag-auvergne-rhone-alpes","11":"tag-edition-loire-sud","12":"tag-eu","13":"tag-europe","14":"tag-faits-divers-justice","15":"tag-fr","16":"tag-france","17":"tag-loire","18":"tag-news","19":"tag-republique-francaise","20":"tag-saint-etienne","21":"tag-saint-etienne-ville"},"share_on_mastodon":{"url":"https:\/\/pubeurope.com\/@fr\/114682767850350019","error":""},"_links":{"self":[{"href":"https:\/\/www.europesays.com\/fr\/wp-json\/wp\/v2\/posts\/176353","targetHints":{"allow":["GET"]}}],"collection":[{"href":"https:\/\/www.europesays.com\/fr\/wp-json\/wp\/v2\/posts"}],"about":[{"href":"https:\/\/www.europesays.com\/fr\/wp-json\/wp\/v2\/types\/post"}],"author":[{"embeddable":true,"href":"https:\/\/www.europesays.com\/fr\/wp-json\/wp\/v2\/users\/2"}],"replies":[{"embeddable":true,"href":"https:\/\/www.europesays.com\/fr\/wp-json\/wp\/v2\/comments?post=176353"}],"version-history":[{"count":0,"href":"https:\/\/www.europesays.com\/fr\/wp-json\/wp\/v2\/posts\/176353\/revisions"}],"wp:featuredmedia":[{"embeddable":true,"href":"https:\/\/www.europesays.com\/fr\/wp-json\/wp\/v2\/media\/176354"}],"wp:attachment":[{"href":"https:\/\/www.europesays.com\/fr\/wp-json\/wp\/v2\/media?parent=176353"}],"wp:term":[{"taxonomy":"category","embeddable":true,"href":"https:\/\/www.europesays.com\/fr\/wp-json\/wp\/v2\/categories?post=176353"},{"taxonomy":"post_tag","embeddable":true,"href":"https:\/\/www.europesays.com\/fr\/wp-json\/wp\/v2\/tags?post=176353"}],"curies":[{"name":"wp","href":"https:\/\/api.w.org\/{rel}","templated":true}]}}