{"id":176363,"date":"2025-06-14T16:59:11","date_gmt":"2025-06-14T16:59:11","guid":{"rendered":"https:\/\/www.europesays.com\/fr\/176363\/"},"modified":"2025-06-14T16:59:11","modified_gmt":"2025-06-14T16:59:11","slug":"louis-carbonel-devrait-retrouver-toulon-owen-farrell-vers-un-retour-aux-saracens","status":"publish","type":"post","link":"https:\/\/www.europesays.com\/fr\/176363\/","title":{"rendered":"Louis Carbonel devrait retrouver Toulon, Owen Farrell vers un retour aux Saracens"},"content":{"rendered":"<p>le Stade Fran\u00e7ais et Toulon semblent \u00eatre tomb\u00e9s d\u2019accord pour \u00e9changer les Louis Carbonel et Enzo Herv\u00e9. De son c\u00f4t\u00e9, Owen Farrell va quitter le Racing 92.<\/p>\n<p class=\"fig-paragraph\">Si un possible \u00e9change entre\u00a0<a href=\"http:\/\/www.lefigaro.fr\/sports\/rugby\/top-14\/top-14-louis-carbonel-l-enfant-de-toulon-veut-sa-revanche-au-stade-francais-20240922\" data-fig-type=\"NewsFlash\" data-gtm-custom-categorie=\"navigation\" data-gtm-custom-action=\"crossclick\" data-gtm-custom-label=\"Contextuel\" data-gtm-event=\"customEventSPE\" data-fig-domain=\"LEFIGARO\" target=\"_blank\" rel=\"noopener\">Louis Carbonel\u00a0<\/a>et Enzo Herv\u00e9 \u00e9tait \u00e9voqu\u00e9 depuis plusieurs semaines, le Stade fran\u00e7ais et Toulon semblent \u00eatre tomb\u00e9s d\u2019accord. En effet, selon les informations de\u00a0<a href=\"https:\/\/www.rugbyrama.fr\/2025\/06\/12\/transferts-top-14-louis-carbonel-stade-francais-vers-un-retour-a-toulon-owen-farrell-racing-92-va-partir-12757212.php\" target=\"_blank\" rel=\"nofollow noopener\" data-gtm-custom-categorie=\"navigation\" data-gtm-custom-action=\"crossclick\" data-gtm-custom-label=\"Contextuel\" data-gtm-event=\"customEventSPE\">Rugbyrama<\/a>, Louis Carbonel a trouv\u00e9 un accord avec le RCT, o\u00f9 il reviendrait donc l\u2019ann\u00e9e prochaine. Pour rappel, l\u2019ouvreur de 26 ans a \u00e9t\u00e9 form\u00e9 sur la Rade, o\u00f9 il a fait ses d\u00e9buts en professionnel. Arriv\u00e9 cet \u00e9t\u00e9 dans la capitale, son aventure chez les Soldats roses va donc prendre fin plus vite que pr\u00e9vu. Il remplacera num\u00e9riquement Dan Biggar, qui prend sa retraite \u00e0 la fin de la saison.<\/p>\n<p>Herv\u00e9 vers Paris, Farrell vers l\u2019Angleterre<\/p>\n<p class=\"fig-paragraph\">De son c\u00f4t\u00e9, Enzo Herv\u00e9 devrait donc faire le chemin inverse, et venir renforcer le club parisien. Une d\u00e9cision qui permettrait au Stade fran\u00e7ais d\u2019all\u00e9ger sa masse salariale, alors que le club a \u00e9t\u00e9 en tr\u00e8s grande difficult\u00e9 cette ann\u00e9e. Herv\u00e9 serait donc la troisi\u00e8me recrue parisienne, apr\u00e8s Tawera Kerr-Barlow et Thierry Paiva, sans oublier le retour de pr\u00eat de Noah Nene.<\/p>\n<p class=\"fig-paragraph\">Si le Stade Fran\u00e7ais s\u2019active pour se renforcer, le Racing 92, lui, perd des forces vives. En effet, l\u2019Anglais Owen Farrell va quitter le club des Hauts-de-Seine, o\u00f9 il est arriv\u00e9 en grande pompe l\u2019\u00e9t\u00e9 dernier, pour retourner en Angleterre, chez les Saracens. Il devrait y occuper un poste hybride d\u2019entra\u00eeneur-joueur.<\/p>\n","protected":false},"excerpt":{"rendered":"le Stade Fran\u00e7ais et Toulon semblent \u00eatre tomb\u00e9s d\u2019accord pour \u00e9changer les Louis Carbonel et Enzo Herv\u00e9. De&hellip;\n","protected":false},"author":2,"featured_media":176364,"comment_status":"","ping_status":"","sticky":false,"template":"","format":"standard","meta":{"footnotes":""},"categories":[9619],"tags":[1111,11,525,4590,1981,2313,814,1777,674,1011,27,955,12,4589,882,2311,5421,8177,25,1980,479,2259,2558,478,2310,2312],"class_list":{"0":"post-176363","1":"post","2":"type-post","3":"status-publish","4":"format-standard","5":"has-post-thumbnail","7":"category-toulon","8":"tag-actu","9":"tag-actualites","10":"tag-calendrier","11":"tag-championnat-france","12":"tag-classement","13":"tag-clermont","14":"tag-direct","15":"tag-eu","16":"tag-europe","17":"tag-fr","18":"tag-france","19":"tag-match","20":"tag-news","21":"tag-phase-finale","22":"tag-provence-alpes-cote-dazur","23":"tag-racing","24":"tag-racing-92","25":"tag-rc-toulon","26":"tag-republique-francaise","27":"tag-resultats","28":"tag-rugby","29":"tag-score","30":"tag-stade-francais","31":"tag-top-14","32":"tag-toulon","33":"tag-toulouse"},"share_on_mastodon":{"url":"https:\/\/pubeurope.com\/@fr\/114682787479793655","error":""},"_links":{"self":[{"href":"https:\/\/www.europesays.com\/fr\/wp-json\/wp\/v2\/posts\/176363","targetHints":{"allow":["GET"]}}],"collection":[{"href":"https:\/\/www.europesays.com\/fr\/wp-json\/wp\/v2\/posts"}],"about":[{"href":"https:\/\/www.europesays.com\/fr\/wp-json\/wp\/v2\/types\/post"}],"author":[{"embeddable":true,"href":"https:\/\/www.europesays.com\/fr\/wp-json\/wp\/v2\/users\/2"}],"replies":[{"embeddable":true,"href":"https:\/\/www.europesays.com\/fr\/wp-json\/wp\/v2\/comments?post=176363"}],"version-history":[{"count":0,"href":"https:\/\/www.europesays.com\/fr\/wp-json\/wp\/v2\/posts\/176363\/revisions"}],"wp:featuredmedia":[{"embeddable":true,"href":"https:\/\/www.europesays.com\/fr\/wp-json\/wp\/v2\/media\/176364"}],"wp:attachment":[{"href":"https:\/\/www.europesays.com\/fr\/wp-json\/wp\/v2\/media?parent=176363"}],"wp:term":[{"taxonomy":"category","embeddable":true,"href":"https:\/\/www.europesays.com\/fr\/wp-json\/wp\/v2\/categories?post=176363"},{"taxonomy":"post_tag","embeddable":true,"href":"https:\/\/www.europesays.com\/fr\/wp-json\/wp\/v2\/tags?post=176363"}],"curies":[{"name":"wp","href":"https:\/\/api.w.org\/{rel}","templated":true}]}}