{"id":176369,"date":"2025-06-14T17:02:10","date_gmt":"2025-06-14T17:02:10","guid":{"rendered":"https:\/\/www.europesays.com\/fr\/176369\/"},"modified":"2025-06-14T17:02:10","modified_gmt":"2025-06-14T17:02:10","slug":"pres-de-rouen-il-realise-une-maquette-du-tour-de-france","status":"publish","type":"post","link":"https:\/\/www.europesays.com\/fr\/176369\/","title":{"rendered":"pr\u00e8s de Rouen, il r\u00e9alise une maquette du Tour de France"},"content":{"rendered":"<p>            Par<br \/>\n        <strong><br \/>\n            <a href=\"https:\/\/actu.fr\/auteur\/isabellevilly\" title=\"Consulter tous les articles de Isabelle Villy\" rel=\"nofollow noopener\" target=\"_blank\">Isabelle Villy<\/a><br \/>\n        <\/strong><\/p>\n<p>        Publi\u00e9 le<\/p>\n<p>            14 juin 2025 \u00e0 17h12        <\/p>\n<p>Ils ont \u00e9crit de belles pages du cyclisme fran\u00e7ais et ont fait vibrer le public lors de grandes \u00e9preuves comme le <a href=\"https:\/\/actu.fr\/tour-de-france\/\" rel=\"nofollow noopener\" target=\"_blank\">Tour de France<\/a>. Aujourd\u2019hui retrait\u00e9s de la Petite Reine, les deux champions Thierry Marie et Bruno Thibout avaient accept\u00e9 l\u2019invitation de l\u2019adjoint au maire de Darn\u00e9tal non loin de <a href=\"https:\/\/actu.fr\/normandie\/rouen_76540\" rel=\"nofollow noopener\" target=\"_blank\">Rouen<\/a>, qui exposait pour la premi\u00e8re fois son <strong>diorama<\/strong> : une maquette extraordinaire figurant un village \u00e9tape imaginaire de la Grande Boucle.<\/p>\n<p>    <img   decoding=\"async\" loading=\"lazy\" class=\"size-large\" src=\"https:\/\/www.europesays.com\/fr\/wp-content\/uploads\/2025\/06\/8fa9a096ff38673b9a096ff3857b9av-960x640.jpg\" alt=\"Darn\u00e9tal Diorama TDF\" width=\"960\" height=\"640\"\/><br \/>\n    Le diorama r\u00e9alis\u00e9 par Denis Gu\u00e9rin : une extraordinaire plong\u00e9e dans l\u2019ambiance Tour de France. \u00a9Isabelle VILLYUn jour particulier pour Denis Gu\u00e9rin<\/p>\n<p class=\" wall-content\">\u00ab C\u2019est fait pour \u00eatre montr\u00e9, pas pour rester dans des cartons \u00bb, a d\u00e9clar\u00e9 Denis Gu\u00e9rin, l\u2019adjoint au maire donc, pour \u00e9voquer sa maquette, r\u00e9alis\u00e9e avec minutie, patience\u2026 et qui lui a demand\u00e9 des mois de travail.<\/p>\n<p>    <img   decoding=\"async\" loading=\"lazy\" class=\"size-large\" src=\"https:\/\/www.europesays.com\/fr\/wp-content\/uploads\/2025\/06\/aa4aa096ff386af4aa096ff38735aav-960x640.jpg\" alt=\"Darn\u00e9tal Diorama TDF\" width=\"960\" height=\"640\"\/><br \/>\n    Le Tour : une ambiance, des souvenirs et une passion pour Denis Gu\u00e9rin.\u00a0 \u00a9Isabelle VILLY\u00ab\u00a0Un concentr\u00e9 d\u2019\u00e9motion et de m\u00e9moire populaire\u00a0\u00bb\u00a0<\/p>\n<p class=\" wall-content\">\u00ab Ce que Denis Gu\u00e9rin nous offre ici, ce n\u2019est pas seulement une maquette. C\u2019est une immersion dans l\u2019esprit du Tour, un concentr\u00e9 d\u2019\u00e9motion et de m\u00e9moire populaire \u00bb, a d\u00e9clar\u00e9 le maire Christopher Langlois, qui a indiqu\u00e9 que le passage du Tour de France, le 8\u00a0juillet prochain, sera un jour sp\u00e9cial pour tous les Darn\u00e9talais : ils sont d\u2019ailleurs invit\u00e9s \u00e0 venir faire la f\u00eate sur la place, pr\u00e8s de l\u2019\u00e9glise Carville, en attendant le passage des coureurs.<\/p>\n<p>Jean-Pierre Lecoffre a port\u00e9 le maillot de l\u2019UC Darn\u00e9tal<\/p>\n<p class=\" wall-content\">Jean-Pierre Lecoffre a pour sa part remerci\u00e9 la Ville de Darn\u00e9tal de l\u2019avoir invit\u00e9 pour pr\u00e9senter ses livres sur le cyclisme et a confi\u00e9 qu\u2019il \u00e9tait li\u00e9 \u00e0 la commune pour deux raisons : c\u2019est l\u00e0 qu\u2019il est venu habiter quelque temps apr\u00e8s son mariage. \u00ab Et j\u2019ai aussi port\u00e9 le maillot de l\u2019UC Darn\u00e9tal : un maillot vert, portant le logo Sanac \u00bb, a \u00e9voqu\u00e9 le passionn\u00e9.<\/p>\n<p>Vid\u00e9os : en ce moment sur ActuLa bonne humeur de Thierry Marie<\/p>\n<p class=\" wall-content\">Thierry Marie, ancien coureur cycliste professionnel avec un palmar\u00e8s bien rempli, et qui a notamment remport\u00e9 plusieurs \u00e9tapes du Tour de France, a \u00e9videmment parl\u00e9 de cyclisme, avec une bonne humeur et un sourire des plus communicatifs. Il a toutefois confi\u00e9 qu\u2019il n\u2019\u00e9tait pas si \u00e9vident de \u00ab r\u00e9ussir sa vie apr\u00e8s le v\u00e9lo. Le jour o\u00f9 l\u2019on s\u2019arr\u00eate et quand on se retrouve chez soi, ce n\u2019est pas facile \u00bb. Pour autant, il a soulign\u00e9 que le monde du v\u00e9lo est \u00ab un petit milieu et cela m\u00e8ne \u00e0 tout. On rencontre plein de monde \u00bb.<\/p>\n<blockquote class=\"ac-article-quote wall-content\">\n<p>L\u2019apr\u00e8s-carri\u00e8re d\u2019un coureur cycliste n\u2019est pas \u00e9vidente \u00e0 g\u00e9rer. Il faut tourner la page et se remettre en question. C\u2019est difficile de faire le deuil de dix \u00e0 quinze ans de vie professionnelle.<\/p>\n<p>Bruno Thibout<\/p><\/blockquote>\n<p class=\" wall-content\">Un propos confirm\u00e9 par Bruno Thibout, constatant lui aussi que \u00ab l\u2019apr\u00e8s-carri\u00e8re d\u2019un coureur cycliste n\u2019est pas \u00e9vidente \u00e0 g\u00e9rer. Il faut tourner la page et se remettre en question. C\u2019est difficile de faire le deuil de dix \u00e0 quinze ans de vie professionnelle \u00bb. Et bien entendu, le Tour de France reste pour ces deux champions l\u2019\u00e9preuve reine : \u00ab C\u2019est le troisi\u00e8me plus grand \u00e9v\u00e9nement sportif du monde. Pendant trois semaines, c\u2019est merveilleux, on ne voit que des gens qui ont le sourire sur le bord des routes et cela fait du bien \u00bb, a ajout\u00e9 Bruno Thibout.<\/p>\n<p>    <img   decoding=\"async\" loading=\"lazy\" class=\"size-large\" src=\"https:\/\/www.europesays.com\/fr\/wp-content\/uploads\/2025\/06\/aae26096ff386cde26096ff38e2636v-960x640.jpg\" alt=\"Darn\u00e9tal Diorama TDF\" width=\"960\" height=\"640\"\/><br \/>\n    Rien ne manque \u00e0 l\u2019\u00e9vocation du village \u00e9tape imaginaire.\u00a0 \u00a9Isabelle VILLY<\/p>\n<p class=\" wall-content\">Une ambiance que Denis Gu\u00e9rin a r\u00e9ussi \u00e0 transmettre dans sa superbe maquette, qui a fait remonter de beaux souvenirs d\u2019enfance \u00e0 tous ceux qui l\u2019ont vue et a suscit\u00e9 l\u2019admiration du public.<\/p>\n<p>Suivez l\u2019actualit\u00e9 de Rouen sur notre <a href=\"https:\/\/www.whatsapp.com\/channel\/0029VaFqJYE8aKvLBwVrEe0o\" rel=\"nofollow noopener\" target=\"_blank\">cha\u00eene WhatsApp<\/a> et sur notre <a href=\"https:\/\/www.tiktok.com\/@76actu.fr?lang=fr\" rel=\"nofollow noopener\" target=\"_blank\">compte TikTok<\/a><\/p>\n<p class=\" wall-content\">Suivez toute l\u2019actualit\u00e9 de vos villes et m\u00e9dias favoris en vous inscrivant \u00e0 <a href=\"https:\/\/moncompte.actu.fr\" title=\"D\u00e9couvez Mon Actu\" rel=\"nofollow noopener\" data-trk=\"{&quot;cta&quot;:{&quot;action&quot;:&quot;https:\\\/\\\/moncompte.actu.fr&quot;,&quot;category&quot;:&quot;mon compte&quot;,&quot;from&quot;:&quot;article footer&quot;,&quot;name&quot;:&quot;Mon actu&quot;,&quot;type&quot;:&quot;cta&quot;}}\" target=\"_blank\">Mon Actu<\/a>.<\/p>\n<ul class=\"ac-article-tag wall-content\">\n<li><a href=\"https:\/\/actu.fr\/tag\/tour-de-france\" data-trk=\"{&quot;cta&quot;:{&quot;action&quot;:&quot;Tour de France&quot;,&quot;category&quot;:&quot;tag&quot;,&quot;from&quot;:&quot;article footer&quot;,&quot;name&quot;:&quot;Tour de France&quot;,&quot;type&quot;:&quot;cta&quot;}}\" rel=\"nofollow noopener\" target=\"_blank\">#Tour de France<\/a><\/li>\n<li><a href=\"https:\/\/actu.fr\/tag\/tour-de-france-2025\" data-trk=\"{&quot;cta&quot;:{&quot;action&quot;:&quot;Tour de France 2025&quot;,&quot;category&quot;:&quot;tag&quot;,&quot;from&quot;:&quot;article footer&quot;,&quot;name&quot;:&quot;Tour de France 2025&quot;,&quot;type&quot;:&quot;cta&quot;}}\" rel=\"nofollow noopener\" target=\"_blank\">#Tour de France 2025<\/a><\/li>\n<\/ul>\n<p>                    <script async src=\"\/\/www.tiktok.com\/embed.js\"><\/script><\/p>\n","protected":false},"excerpt":{"rendered":"Par Isabelle Villy Publi\u00e9 le 14 juin 2025 \u00e0 17h12 Ils ont \u00e9crit de belles pages du cyclisme&hellip;\n","protected":false},"author":2,"featured_media":176370,"comment_status":"","ping_status":"","sticky":false,"template":"","format":"standard","meta":{"footnotes":""},"categories":[9587],"tags":[1111,11,1777,674,1011,27,12,5161,25,9590,60,210,2116],"class_list":{"0":"post-176369","1":"post","2":"type-post","3":"status-publish","4":"format-standard","5":"has-post-thumbnail","7":"category-rouen","8":"tag-actu","9":"tag-actualites","10":"tag-eu","11":"tag-europe","12":"tag-fr","13":"tag-france","14":"tag-news","15":"tag-normandie","16":"tag-republique-francaise","17":"tag-rouen","18":"tag-sports","19":"tag-tour-de-france","20":"tag-tour-de-france-2025"},"share_on_mastodon":{"url":"https:\/\/pubeurope.com\/@fr\/114682799337823575","error":""},"_links":{"self":[{"href":"https:\/\/www.europesays.com\/fr\/wp-json\/wp\/v2\/posts\/176369","targetHints":{"allow":["GET"]}}],"collection":[{"href":"https:\/\/www.europesays.com\/fr\/wp-json\/wp\/v2\/posts"}],"about":[{"href":"https:\/\/www.europesays.com\/fr\/wp-json\/wp\/v2\/types\/post"}],"author":[{"embeddable":true,"href":"https:\/\/www.europesays.com\/fr\/wp-json\/wp\/v2\/users\/2"}],"replies":[{"embeddable":true,"href":"https:\/\/www.europesays.com\/fr\/wp-json\/wp\/v2\/comments?post=176369"}],"version-history":[{"count":0,"href":"https:\/\/www.europesays.com\/fr\/wp-json\/wp\/v2\/posts\/176369\/revisions"}],"wp:featuredmedia":[{"embeddable":true,"href":"https:\/\/www.europesays.com\/fr\/wp-json\/wp\/v2\/media\/176370"}],"wp:attachment":[{"href":"https:\/\/www.europesays.com\/fr\/wp-json\/wp\/v2\/media?parent=176369"}],"wp:term":[{"taxonomy":"category","embeddable":true,"href":"https:\/\/www.europesays.com\/fr\/wp-json\/wp\/v2\/categories?post=176369"},{"taxonomy":"post_tag","embeddable":true,"href":"https:\/\/www.europesays.com\/fr\/wp-json\/wp\/v2\/tags?post=176369"}],"curies":[{"name":"wp","href":"https:\/\/api.w.org\/{rel}","templated":true}]}}