{"id":176395,"date":"2025-06-14T17:17:11","date_gmt":"2025-06-14T17:17:11","guid":{"rendered":"https:\/\/www.europesays.com\/fr\/176395\/"},"modified":"2025-06-14T17:17:11","modified_gmt":"2025-06-14T17:17:11","slug":"toulouse-ils-veulent-connaitre-les-circonstances-de-la-mort-de-bilal-le-rassemblement-interdit-par-le-prefet","status":"publish","type":"post","link":"https:\/\/www.europesays.com\/fr\/176395\/","title":{"rendered":"Toulouse. Ils veulent conna\u00eetre les circonstances de la mort de Bilal, le rassemblement interdit par le pr\u00e9fet"},"content":{"rendered":"<p>            Par<br \/>\n        <strong><br \/>\n            <a href=\"https:\/\/actu.fr\/auteur\/mareva-laville-actu-fr\" title=\"Consulter tous les articles de Mar\u00e9va Laville\" rel=\"nofollow noopener\" target=\"_blank\">Mar\u00e9va Laville<\/a><br \/>\n        <\/strong><\/p>\n<p>        Publi\u00e9 le<\/p>\n<p>            14 juin 2025 \u00e0 18h11        <\/p>\n<p>C\u2019\u00e9tait le 24\u00a0janvier 2025. Thibault Weninger, surnomm\u00e9 <strong>Bilal<\/strong>, \u00e9tait \u00e0 bord de son <strong>scooter<\/strong> et apr\u00e8s un refus d\u2019obtemp\u00e9r\u00e9, <a href=\"https:\/\/actu.fr\/occitanie\/toulouse_31555\/accident-a-toulouse-un-homme-a-scooter-trouve-la-mort-lors-d-un-controle-apres-un-refus-d-obtemperer_62165322.html\" rel=\"nofollow noopener\" target=\"_blank\">a subi un accident, provoquant a posteriori sa <strong>mort<\/strong><\/a>. Un tragique accident impliquant, par ailleurs, <strong>policier municipal de Toulouse<\/strong>. Alors depuis, l\u2019entourage du d\u00e9funt \u00e2g\u00e9 de 34\u00a0ans multiplie les appels \u00e0 manifester pour r\u00e9clamer \u00ab\u2009Justice et v\u00e9rit\u00e9 pour Bilal\u2009\u00bb et pour \u00e9claircir <a href=\"https:\/\/actu.fr\/occitanie\/toulouse_31555\/accident-a-toulouse-un-homme-a-scooter-trouve-la-mort-lors-d-un-controle-apres-un-refus-d-obtemperer_62165322.html\" rel=\"nofollow noopener\" target=\"_blank\">les circonstances encore floues de ce drame<\/a>.<\/p>\n<p>Un appel \u00e0 manifester ce dimanche, interdit par la pr\u00e9fecture<\/p>\n<p class=\" wall-content\">Un nouvel appel \u00e0 rassemblement \u00ab\u2009pour obtenir des r\u00e9ponses sur la proc\u00e9dure judiciaire\u2009\u00bb a \u00e9t\u00e9 lanc\u00e9 pour ce dimanche 15\u00a0juin 2025, d\u2019apr\u00e8s les informations de la <strong>Pr\u00e9fecture de Haute-Garonne.<\/strong> Ce dernier devait avoir lieu dans l\u2019hyper-centre de Toulouse.<\/p>\n<p class=\" wall-content\">Mais en \u00ab\u2009l\u2019absence de d\u00e9claration de manifestation\u2009\u00bb ne permettant pas \u00ab\u2009d\u2019identifier des organisateurs en capacit\u00e9 de garantir la ma\u00eetrise du nombre de participants ni d\u2019emp\u00eacher la participation de personnes ext\u00e9rieures susceptibles de troubler l\u2019ordre public\u2009\u00bb, la pr\u00e9fecture a pris un arr\u00eat\u00e9 vendredi 13\u00a0juin. Elle<strong> interdit les rassemblements revendicatifs non d\u00e9clar\u00e9s<\/strong> dans le centre-ville de Toulouse du dimanche 15\u00a0juin midi au lundi 16\u00a0juin, 6\u00a0heures.<\/p>\n<p class=\" wall-content\">\u00ab\u2009L\u2019autorit\u00e9 de police doit \u00eatre en priorit\u00e9 d\u00e9di\u00e9e \u00e0 la s\u00e9curisation du public et notamment celles des nombreux rassemblements revendicatifs d\u00e9clar\u00e9s \u00e0 Toulouse. C\u2019est pourquoi, afin de pr\u00e9venir tout risque de troubles \u00e0 l\u2019ordre public, <strong>Pierre-Andr\u00e9 Durand, pr\u00e9fet d\u2019Occitanie et de Haute-Garonne<\/strong>, a d\u00e9cid\u00e9 d\u2019interdire les manifestations et rassemblements revendicatifs non d\u00e9clar\u00e9s\u2009\u00bb, justifie-t-il dans son arr\u00eat\u00e9.<\/p>\n<p>Une zone interdite pour se rassembler<\/p>\n<p class=\" wall-content\">Un p\u00e9rim\u00e8tre d\u2019interdiction de manifester a \u00e9t\u00e9 d\u00e9limit\u00e9 par\u2009:<\/p>\n<p>Vid\u00e9os : en ce moment sur Actu<\/p>\n<ul class=\" wall-content\">\n<li>le rond-point du Boulingrin,<\/li>\n<li>les all\u00e9es Jules Guesde,<\/li>\n<li>les all\u00e9es Paul Feuga,<\/li>\n<li>le pont Saint-Michel,<\/li>\n<li>les all\u00e9es Charles de Fitte,<\/li>\n<li>le pont des Catalans,<\/li>\n<li>l\u2019avenue Paul S\u00e9journ\u00e9,<\/li>\n<li>le boulevard Lascrosses,<\/li>\n<li>le boulevard d\u2019Arcole,<\/li>\n<li>le boulevard de Strasbourg,<\/li>\n<li>le boulevard Lazare Carnot,<\/li>\n<li>l\u2019all\u00e9e Forain Fran\u00e7ois Verdier,<\/li>\n<\/ul>\n<p>    <img   decoding=\"async\" loading=\"lazy\" src=\"https:\/\/www.europesays.com\/fr\/wp-content\/uploads\/2025\/06\/perimetre-arrete-pref-960x640.png\" alt=\"Voici le p\u00e9rim\u00e8tre d'interdiction de manifester dans le cadre d'un rassemblement non d\u00e9clar\u00e9.\" width=\"960\" height=\"640\"\/><br \/>\n    Voici le p\u00e9rim\u00e8tre d\u2019interdiction de manifester dans le cadre d\u2019un rassemblement non d\u00e9clar\u00e9. (\u00a9Capture d\u2019\u00e9cran arr\u00eat\u00e9 pr\u00e9fectoral)<\/p>\n<p class=\" wall-content\">Dans son m\u00eame arr\u00eat\u00e9, le pr\u00e9fet de Haute-Garonne rappelle que l\u2019infraction \u00e0 cette interdiction fait courir le risque d\u2019une peine pouvant aller jusqu\u2019\u00e0 six mois d\u2019emprisonnement et 7\u2009500\u20ac d\u2019amende pour les organisateurs, et d\u2019une amende de 4e classe pour les participants.<\/p>\n<p class=\" wall-content\">Suivez toute l\u2019actualit\u00e9 de vos villes et m\u00e9dias favoris en vous inscrivant \u00e0 <a href=\"https:\/\/moncompte.actu.fr\" title=\"D\u00e9couvez Mon Actu\" rel=\"nofollow noopener\" data-trk=\"{&quot;cta&quot;:{&quot;action&quot;:&quot;https:\\\/\\\/moncompte.actu.fr&quot;,&quot;category&quot;:&quot;mon compte&quot;,&quot;from&quot;:&quot;article footer&quot;,&quot;name&quot;:&quot;Mon actu&quot;,&quot;type&quot;:&quot;cta&quot;}}\" target=\"_blank\">Mon Actu<\/a>.<\/p>\n","protected":false},"excerpt":{"rendered":"Par Mar\u00e9va Laville Publi\u00e9 le 14 juin 2025 \u00e0 18h11 C\u2019\u00e9tait le 24\u00a0janvier 2025. Thibault Weninger, surnomm\u00e9 Bilal,&hellip;\n","protected":false},"author":2,"featured_media":176396,"comment_status":"","ping_status":"","sticky":false,"template":"","format":"standard","meta":{"footnotes":""},"categories":[2816],"tags":[1111,11,1777,674,1011,27,303,12,2680,1072,25,104,2312],"class_list":{"0":"post-176395","1":"post","2":"type-post","3":"status-publish","4":"format-standard","5":"has-post-thumbnail","7":"category-toulouse","8":"tag-actu","9":"tag-actualites","10":"tag-eu","11":"tag-europe","12":"tag-fr","13":"tag-france","14":"tag-justice","15":"tag-news","16":"tag-occitanie","17":"tag-police","18":"tag-republique-francaise","19":"tag-societe","20":"tag-toulouse"},"share_on_mastodon":{"url":"https:\/\/pubeurope.com\/@fr\/114682858276625301","error":""},"_links":{"self":[{"href":"https:\/\/www.europesays.com\/fr\/wp-json\/wp\/v2\/posts\/176395","targetHints":{"allow":["GET"]}}],"collection":[{"href":"https:\/\/www.europesays.com\/fr\/wp-json\/wp\/v2\/posts"}],"about":[{"href":"https:\/\/www.europesays.com\/fr\/wp-json\/wp\/v2\/types\/post"}],"author":[{"embeddable":true,"href":"https:\/\/www.europesays.com\/fr\/wp-json\/wp\/v2\/users\/2"}],"replies":[{"embeddable":true,"href":"https:\/\/www.europesays.com\/fr\/wp-json\/wp\/v2\/comments?post=176395"}],"version-history":[{"count":0,"href":"https:\/\/www.europesays.com\/fr\/wp-json\/wp\/v2\/posts\/176395\/revisions"}],"wp:featuredmedia":[{"embeddable":true,"href":"https:\/\/www.europesays.com\/fr\/wp-json\/wp\/v2\/media\/176396"}],"wp:attachment":[{"href":"https:\/\/www.europesays.com\/fr\/wp-json\/wp\/v2\/media?parent=176395"}],"wp:term":[{"taxonomy":"category","embeddable":true,"href":"https:\/\/www.europesays.com\/fr\/wp-json\/wp\/v2\/categories?post=176395"},{"taxonomy":"post_tag","embeddable":true,"href":"https:\/\/www.europesays.com\/fr\/wp-json\/wp\/v2\/tags?post=176395"}],"curies":[{"name":"wp","href":"https:\/\/api.w.org\/{rel}","templated":true}]}}